{"id":56942,"date":"2024-09-26T09:42:48","date_gmt":"2024-09-26T09:42:48","guid":{"rendered":"https:\/\/www.diarionoti7.com.mx\/?p=56942"},"modified":"2024-09-26T19:43:43","modified_gmt":"2024-09-26T19:43:43","slug":"senado-avala-reforma-constitucional-que-incorpora-la-guardia-nacional-a-la-sedena","status":"publish","type":"post","link":"https:\/\/www.diarionoti7.com.mx\/?p=56942","title":{"rendered":"Senado Avala Reforma Constitucional que Incorpora la Guardia Nacional a la SEDENA"},"content":{"rendered":"\t\t<div data-elementor-type=\"wp-post\" data-elementor-id=\"56942\" class=\"elementor elementor-56942\">\n\t\t\t\t\t\t\t\t\t<section class=\"elementor-section elementor-top-section elementor-element elementor-element-c09b8f0 elementor-section-boxed elementor-section-height-default elementor-section-height-default\" data-id=\"c09b8f0\" data-element_type=\"section\">\n\t\t\t\t\t\t<div class=\"elementor-container elementor-column-gap-default\">\n\t\t\t\t\t<div class=\"elementor-column elementor-col-100 elementor-top-column elementor-element elementor-element-955a561\" data-id=\"955a561\" data-element_type=\"column\">\n\t\t\t<div class=\"elementor-widget-wrap elementor-element-populated\">\n\t\t\t\t\t\t\t\t<div class=\"elementor-element elementor-element-0ce869c elementor-widget elementor-widget-text-editor\" data-id=\"0ce869c\" data-element_type=\"widget\" data-widget_type=\"text-editor.default\">\n\t\t\t\t<div class=\"elementor-widget-container\">\n\t\t\t<style>\/*! elementor - v3.10.2 - 29-01-2023 *\/\n.elementor-widget-text-editor.elementor-drop-cap-view-stacked .elementor-drop-cap{background-color:#818a91;color:#fff}.elementor-widget-text-editor.elementor-drop-cap-view-framed .elementor-drop-cap{color:#818a91;border:3px solid;background-color:transparent}.elementor-widget-text-editor:not(.elementor-drop-cap-view-default) .elementor-drop-cap{margin-top:8px}.elementor-widget-text-editor:not(.elementor-drop-cap-view-default) .elementor-drop-cap-letter{width:1em;height:1em}.elementor-widget-text-editor .elementor-drop-cap{float:left;text-align:center;line-height:1;font-size:50px}.elementor-widget-text-editor .elementor-drop-cap-letter{display:inline-block}<\/style>\t\t\t\t<p><strong>Ciudad de M\u00e9xico, 25 de septiembre de 2024.- <\/strong>Con 86 votos a favor, el Pleno del Senado aval\u00f3 la reforma constitucional en materia de Guardia Nacional que incorpora a esta instituci\u00f3n dentro de la Secretar\u00eda de la Defensa Nacional (Sedena), con el fin de garantizar su fortalecimiento, consolidaci\u00f3n y desarrollo en beneficio de la sociedad.<\/p><p>Luego de m\u00e1s de ocho horas de discusi\u00f3n, el Senado de la Rep\u00fablica aval\u00f3 en lo general y lo particular el dictamen con proyecto de decreto que reforma y adiciona los art\u00edculos 13, 16, 21, 32, 55, 73, 76, 78, 82, 89, 123 y 129 de la Constituci\u00f3n Pol\u00edtica de los Estados Unidos Mexicanos, en materia de Guardia Nacional. El dictamen, que obtuvo una votaci\u00f3n de 86 votos a favor, 42 en contra y cero abstenciones, otorga a esta instituci\u00f3n de seguridad el car\u00e1cter permanente.<\/p><p>El proyecto destaca que los tres \u00f3rdenes de gobierno, incluida la Guardia Nacional deben coordinarse para cumplir los fines de la seguridad p\u00fablica, las cuales conformar\u00e1n el sistema nacional de seguridad p\u00fablica. Por otro lado, se establece que el personal de este organismo estar\u00e1 integrado por personal de origen militar con formaci\u00f3n policial.<\/p><p>La presidenta de la Comisi\u00f3n de Estudios Legislativos, la senadora Citlalli Hern\u00e1ndez Mora (Morena) present\u00f3 el proyecto y expuso que la Guardia Nacional es una instituci\u00f3n policial de la federaci\u00f3n con un esquema de disciplina especial, formaci\u00f3n, profesionalizaci\u00f3n, definido por una doctrina policial bajo regulaci\u00f3n estricta que garantiza el respeto los derechos humanos.<\/p><p>El senador Omar Garc\u00eda Harfuch (Morena) subray\u00f3 la importancia de contar con instituciones s\u00f3lidas de seguridad capaces de otorgar a la Guardia Nacional los insumos para fortalecerse y madurar. En ese sentido, mencion\u00f3 que la Sedena y la Secretar\u00eda de Marina ocuparan su fortaleza sin importar el cambio de administraci\u00f3n, ya que cuentan con capacitaci\u00f3n, formaci\u00f3n y un servicio profesional de carrera.<\/p><p>Por el Partido Acci\u00f3n Nacional, el senador Francisco Javier Ram\u00edrez Acu\u00f1a sostuvo que las responsabilidades de la Guardia Nacional deben cumplirse por instituciones civiles y los gobiernos \u00a0federal y locales. Agreg\u00f3 que la salvaguarda de los derechos convencionales es vital, adem\u00e1s de dotar de recursos a los estados y municipios para conformar sus cuerpos policiacos estatales y municipales.<\/p><p>En su intervenci\u00f3n, el senador del PRI, Manuel A\u00f1orve Ba\u00f1os manifest\u00f3 que \u201c(&#8230;) la nueva reforma constitucional confirma que la actual pol\u00edtica de seguridad ha fallado (&#8230;)\u201d. En su opini\u00f3n, el legislador destac\u00f3 que la falta de resultados en seguridad suman m\u00e1s de 200 mil homicidios en la actual administraci\u00f3n.<\/p><p>El fortalecimiento de las polic\u00edas estatales y municipales bajo un esquema de corresponsabilidad. Mientras que en 2022 se vot\u00f3 para ampliar el tiempo de acci\u00f3n por cuatro a\u00f1os m\u00e1s. \u201c(&#8230;) ahora se discute una iniciativa que contradice las anteriores. No hay intenci\u00f3n para la salida de las fuerzas armadas y regresarlas a sus tareas sustantivas (&#8230;)\u201d, declar\u00f3.<\/p><p>Al concluir la discusi\u00f3n, el dictamen fue remitido a las legislaturas estatales para los efectos del art\u00edculo 135 constitucional, el cual indica que las reformas adiciones sean aprobadas por la mitad m\u00e1s una de las legislaturas de las entidades.<\/p>\t\t\t\t\t\t<\/div>\n\t\t\t\t<\/div>\n\t\t\t\t\t<\/div>\n\t\t<\/div>\n\t\t\t\t\t\t\t<\/div>\n\t\t<\/section>\n\t\t\t\t\t\t\t<\/div>\n\t\t","protected":false},"excerpt":{"rendered":"<p>Ciudad de M\u00e9xico, 25 de septiembre de 2024.- Con 86 votos a favor, el Pleno del Senado aval\u00f3 la reforma constitucional en materia de Guardia Nacional que incorpora a esta instituci\u00f3n dentro de la Secretar\u00eda de la Defensa Nacional (Sedena), con el fin de garantizar su fortalecimiento, consolidaci\u00f3n y desarrollo en beneficio de la sociedad. [&hellip;]<\/p>\n","protected":false},"author":1,"featured_media":56944,"comment_status":"closed","ping_status":"closed","sticky":false,"template":"","format":"standard","meta":[],"categories":[3],"tags":[],"_links":{"self":[{"href":"https:\/\/www.diarionoti7.com.mx\/index.php?rest_route=\/wp\/v2\/posts\/56942"}],"collection":[{"href":"https:\/\/www.diarionoti7.com.mx\/index.php?rest_route=\/wp\/v2\/posts"}],"about":[{"href":"https:\/\/www.diarionoti7.com.mx\/index.php?rest_route=\/wp\/v2\/types\/post"}],"author":[{"embeddable":true,"href":"https:\/\/www.diarionoti7.com.mx\/index.php?rest_route=\/wp\/v2\/users\/1"}],"replies":[{"embeddable":true,"href":"https:\/\/www.diarionoti7.com.mx\/index.php?rest_route=%2Fwp%2Fv2%2Fcomments&post=56942"}],"version-history":[{"count":4,"href":"https:\/\/www.diarionoti7.com.mx\/index.php?rest_route=\/wp\/v2\/posts\/56942\/revisions"}],"predecessor-version":[{"id":56947,"href":"https:\/\/www.diarionoti7.com.mx\/index.php?rest_route=\/wp\/v2\/posts\/56942\/revisions\/56947"}],"wp:featuredmedia":[{"embeddable":true,"href":"https:\/\/www.diarionoti7.com.mx\/index.php?rest_route=\/wp\/v2\/media\/56944"}],"wp:attachment":[{"href":"https:\/\/www.diarionoti7.com.mx\/index.php?rest_route=%2Fwp%2Fv2%2Fmedia&parent=56942"}],"wp:term":[{"taxonomy":"category","embeddable":true,"href":"https:\/\/www.diarionoti7.com.mx\/index.php?rest_route=%2Fwp%2Fv2%2Fcategories&post=56942"},{"taxonomy":"post_tag","embeddable":true,"href":"https:\/\/www.diarionoti7.com.mx\/index.php?rest_route=%2Fwp%2Fv2%2Ftags&post=56942"}],"curies":[{"name":"wp","href":"https:\/\/api.w.org\/{rel}","templated":true}]}}