{"id":56936,"date":"2024-09-26T09:41:43","date_gmt":"2024-09-26T09:41:43","guid":{"rendered":"https:\/\/www.diarionoti7.com.mx\/?p=56936"},"modified":"2024-09-26T19:42:44","modified_gmt":"2024-09-26T19:42:44","slug":"20-presidentes-municipales-del-pri-pt-y-prd-de-suman-al-proyecto-social-y-politico-del-gobernador-julio-menchaca","status":"publish","type":"post","link":"https:\/\/www.diarionoti7.com.mx\/?p=56936","title":{"rendered":"20 Presidentes Municipales del PRI, PT y PRD de Suman al Proyecto Social y Pol\u00edtico del Gobernador Julio Menchaca"},"content":{"rendered":"\t\t<div data-elementor-type=\"wp-post\" data-elementor-id=\"56936\" class=\"elementor elementor-56936\">\n\t\t\t\t\t\t\t\t\t<section class=\"elementor-section elementor-top-section elementor-element elementor-element-c09b8f0 elementor-section-boxed elementor-section-height-default elementor-section-height-default\" data-id=\"c09b8f0\" data-element_type=\"section\">\n\t\t\t\t\t\t<div class=\"elementor-container elementor-column-gap-default\">\n\t\t\t\t\t<div class=\"elementor-column elementor-col-100 elementor-top-column elementor-element elementor-element-955a561\" data-id=\"955a561\" data-element_type=\"column\">\n\t\t\t<div class=\"elementor-widget-wrap elementor-element-populated\">\n\t\t\t\t\t\t\t\t<div class=\"elementor-element elementor-element-0ce869c elementor-widget elementor-widget-text-editor\" data-id=\"0ce869c\" data-element_type=\"widget\" data-widget_type=\"text-editor.default\">\n\t\t\t\t<div class=\"elementor-widget-container\">\n\t\t\t<style>\/*! elementor - v3.10.2 - 29-01-2023 *\/\n.elementor-widget-text-editor.elementor-drop-cap-view-stacked .elementor-drop-cap{background-color:#818a91;color:#fff}.elementor-widget-text-editor.elementor-drop-cap-view-framed .elementor-drop-cap{color:#818a91;border:3px solid;background-color:transparent}.elementor-widget-text-editor:not(.elementor-drop-cap-view-default) .elementor-drop-cap{margin-top:8px}.elementor-widget-text-editor:not(.elementor-drop-cap-view-default) .elementor-drop-cap-letter{width:1em;height:1em}.elementor-widget-text-editor .elementor-drop-cap{float:left;text-align:center;line-height:1;font-size:50px}.elementor-widget-text-editor .elementor-drop-cap-letter{display:inline-block}<\/style>\t\t\t\t<p><strong>*Los presidentes municipales estuvieron acompa\u00f1ados de S\u00edndicos y Regidores de su Asamblea Municipal. <\/strong><\/p><p><strong>Pachuca, Hgo., 25 de septiembre 2024.- <\/strong>Un total de 20 presidentes municipales, acompa\u00f1ados de sus s\u00edndicos y regidores que tomaron protesta el pasado 5 de septiembre entregaron a Gobierno del Estado un documento para manifestar su apoyo a las pol\u00edticas p\u00fablicas del gobernador Julio Menchaca Salazar.<\/p><p>\u201cFuimos postulados por distintos partidos pol\u00edticos, hoy entendemos que los colores quedan atr\u00e1s y que representamos al pueblo\u201d refiere el documento que entregaron en Palacio de Gobierno y que estuvo firmado por los diferentes ediles del Partido del Trabajo, Revolucionario Institucional y de la Revoluci\u00f3n Democr\u00e1tica.<\/p><p>Los ayuntamientos firmantes fueron Acatl\u00e1n, Agua Blanca, Atlapexco, El Arenal, Eloxochitl\u00e1n, Huautla, Huazalingo, Huehuetla, Ju\u00e1rez Hidalgo, La Misi\u00f3n, Lolotla, Metepec, Mineral del Chico, San Agust\u00edn Tlaxiaca, San Felipe Orizatl\u00e1n, Tlahuelilpan, Tlanchinol, Xochiatipan, Xochicoatl\u00e1n y Zacualtip\u00e1n.<\/p><p>\u00a0\u201cHemos tomado la decisi\u00f3n de sumarnos al proyecto social y pol\u00edtico del gobernador\u2026 ratificamos nuestro compromiso de aportar y trabajar alineados a la visi\u00f3n y a las metas del Plan Estatal de Desarrollo, bajo el liderazgo del Gobernador Julio Menchaca.\u201d describe el documento.<\/p>\t\t\t\t\t\t<\/div>\n\t\t\t\t<\/div>\n\t\t\t\t\t<\/div>\n\t\t<\/div>\n\t\t\t\t\t\t\t<\/div>\n\t\t<\/section>\n\t\t\t\t\t\t\t<\/div>\n\t\t","protected":false},"excerpt":{"rendered":"<p>*Los presidentes municipales estuvieron acompa\u00f1ados de S\u00edndicos y Regidores de su Asamblea Municipal. Pachuca, Hgo., 25 de septiembre 2024.- Un total de 20 presidentes municipales, acompa\u00f1ados de sus s\u00edndicos y regidores que tomaron protesta el pasado 5 de septiembre entregaron a Gobierno del Estado un documento para manifestar su apoyo a las pol\u00edticas p\u00fablicas del [&hellip;]<\/p>\n","protected":false},"author":1,"featured_media":56938,"comment_status":"closed","ping_status":"closed","sticky":false,"template":"","format":"standard","meta":[],"categories":[9],"tags":[],"_links":{"self":[{"href":"https:\/\/www.diarionoti7.com.mx\/index.php?rest_route=\/wp\/v2\/posts\/56936"}],"collection":[{"href":"https:\/\/www.diarionoti7.com.mx\/index.php?rest_route=\/wp\/v2\/posts"}],"about":[{"href":"https:\/\/www.diarionoti7.com.mx\/index.php?rest_route=\/wp\/v2\/types\/post"}],"author":[{"embeddable":true,"href":"https:\/\/www.diarionoti7.com.mx\/index.php?rest_route=\/wp\/v2\/users\/1"}],"replies":[{"embeddable":true,"href":"https:\/\/www.diarionoti7.com.mx\/index.php?rest_route=%2Fwp%2Fv2%2Fcomments&post=56936"}],"version-history":[{"count":4,"href":"https:\/\/www.diarionoti7.com.mx\/index.php?rest_route=\/wp\/v2\/posts\/56936\/revisions"}],"predecessor-version":[{"id":56941,"href":"https:\/\/www.diarionoti7.com.mx\/index.php?rest_route=\/wp\/v2\/posts\/56936\/revisions\/56941"}],"wp:featuredmedia":[{"embeddable":true,"href":"https:\/\/www.diarionoti7.com.mx\/index.php?rest_route=\/wp\/v2\/media\/56938"}],"wp:attachment":[{"href":"https:\/\/www.diarionoti7.com.mx\/index.php?rest_route=%2Fwp%2Fv2%2Fmedia&parent=56936"}],"wp:term":[{"taxonomy":"category","embeddable":true,"href":"https:\/\/www.diarionoti7.com.mx\/index.php?rest_route=%2Fwp%2Fv2%2Fcategories&post=56936"},{"taxonomy":"post_tag","embeddable":true,"href":"https:\/\/www.diarionoti7.com.mx\/index.php?rest_route=%2Fwp%2Fv2%2Ftags&post=56936"}],"curies":[{"name":"wp","href":"https:\/\/api.w.org\/{rel}","templated":true}]}}