{"id":56930,"date":"2024-09-26T09:41:00","date_gmt":"2024-09-26T09:41:00","guid":{"rendered":"https:\/\/www.diarionoti7.com.mx\/?p=56930"},"modified":"2024-09-26T19:41:39","modified_gmt":"2024-09-26T19:41:39","slug":"el-pueblo-es-artifice-de-la-transformacion-claudia-sheinbaum","status":"publish","type":"post","link":"https:\/\/www.diarionoti7.com.mx\/?p=56930","title":{"rendered":"El Pueblo es Art\u00edfice de la Transformaci\u00f3n: Claudia Sheinbaum"},"content":{"rendered":"\t\t<div data-elementor-type=\"wp-post\" data-elementor-id=\"56930\" class=\"elementor elementor-56930\">\n\t\t\t\t\t\t\t\t\t<section class=\"elementor-section elementor-top-section elementor-element elementor-element-c09b8f0 elementor-section-boxed elementor-section-height-default elementor-section-height-default\" data-id=\"c09b8f0\" data-element_type=\"section\">\n\t\t\t\t\t\t<div class=\"elementor-container elementor-column-gap-default\">\n\t\t\t\t\t<div class=\"elementor-column elementor-col-100 elementor-top-column elementor-element elementor-element-955a561\" data-id=\"955a561\" data-element_type=\"column\">\n\t\t\t<div class=\"elementor-widget-wrap elementor-element-populated\">\n\t\t\t\t\t\t\t\t<div class=\"elementor-element elementor-element-0ce869c elementor-widget elementor-widget-text-editor\" data-id=\"0ce869c\" data-element_type=\"widget\" data-widget_type=\"text-editor.default\">\n\t\t\t\t<div class=\"elementor-widget-container\">\n\t\t\t<style>\/*! elementor - v3.10.2 - 29-01-2023 *\/\n.elementor-widget-text-editor.elementor-drop-cap-view-stacked .elementor-drop-cap{background-color:#818a91;color:#fff}.elementor-widget-text-editor.elementor-drop-cap-view-framed .elementor-drop-cap{color:#818a91;border:3px solid;background-color:transparent}.elementor-widget-text-editor:not(.elementor-drop-cap-view-default) .elementor-drop-cap{margin-top:8px}.elementor-widget-text-editor:not(.elementor-drop-cap-view-default) .elementor-drop-cap-letter{width:1em;height:1em}.elementor-widget-text-editor .elementor-drop-cap{float:left;text-align:center;line-height:1;font-size:50px}.elementor-widget-text-editor .elementor-drop-cap-letter{display:inline-block}<\/style>\t\t\t\t<p><strong>-\u201cEl derecho a la educaci\u00f3n p\u00fablica es y va a ser esencia de la Cuarta Transformaci\u00f3n\u201d, asegur\u00f3<\/strong><\/p><p><strong>-\u201cNos sentimos orgullosos de haber aprobado la Reforma Constitucional para que los pueblos originarios tengan plenos derechos\u201d, resalt\u00f3.<\/strong><\/p><p><strong>Ciudad de M\u00e9xico, 25 de septiembre de 2024.-<\/strong> El pueblo de M\u00e9xico es art\u00edfice de su presente, de su futuro con la Cuarta Transformaci\u00f3n, asegur\u00f3 la Presidenta Electa de M\u00e9xico, Claudia Sheinbaum Pardo, tras acompa\u00f1ar al Presidente, Andr\u00e9s Manuel L\u00f3pez Obrador, en la inauguraci\u00f3n del Museo Vivo del Muralismo.<\/p><p>\u201cY (\u2026.) del Muralismo, que es la expresi\u00f3n cultural de aquel momento, en estos grandes muralistas que nos dejaron tanta historia en nuestro pa\u00eds y tanta cultura; y que tambi\u00e9n podemos decir que tienen momentos pol\u00e9micos, pero que en el fondo nos dejan estas grandes obras de arte y tambi\u00e9n esencia de que el pueblo es art\u00edfice de su futuro, el pueblo es art\u00edfice de su presente. Y lo traigo a colaci\u00f3n, porque es justamente tambi\u00e9n la esencia de la Cuarta Transformaci\u00f3n: el pueblo es art\u00edfice de esta Transformaci\u00f3n\u201d, resalt\u00f3.<\/p><p>La Presidenta Electa destac\u00f3 la importancia de este nuevo museo porque representa la esencia de la Cuarta Transformaci\u00f3n, que es acercar la educaci\u00f3n a todo el pueblo de M\u00e9xico y refrend\u00f3 su compromiso para que este derecho contin\u00fae como una prioridad en la construcci\u00f3n del segundo piso de la Transformaci\u00f3n.<\/p><p>\u201cY en ese sentido, este edificio, lo que muestra es esencia tambi\u00e9n de la Cuarta Transformaci\u00f3n, que es la defensa de los derechos del pueblo de M\u00e9xico. Y uno de los grandes derechos, con los que, adem\u00e1s, hay una identidad muy grande porque venimos de ah\u00ed, es el derecho a la educaci\u00f3n p\u00fablica, que es esencia de la Cuarta Transformaci\u00f3n y va a ser esencia del Segundo Piso de la Cuarta Transformaci\u00f3n de la Vida P\u00fablica\u201d, record\u00f3.<\/p><p>Destac\u00f3 que, a diferencia del neoliberalismo, que se avergonzaba de la historia del pa\u00eds, la Cuarta Transformaci\u00f3n est\u00e1 orgullosa de los pueblos originarios y por ello celebr\u00f3 la reforma constitucional que se aprob\u00f3 recientemente para reconocer sus derechos en la Constituci\u00f3n Pol\u00edtica de los Estados Unidos Mexicanos.<\/p><p>\u201cY por eso, es muy importante que sigamos con esto que nos deja el Presidente y que el pueblo de M\u00e9xico tiene ya en su coraz\u00f3n si el neoliberalismo, habl\u00f3 del fin de la historia y se avergonzaban los neoliberales mexicanos de su propia historia, a nosotros todo lo contrario, nos sentimos orgullosos de los pueblos originarios, nos sentimos orgullosos de haber aprobado la Reforma Constitucional para que los pueblos originarios tengan plenos derechos; nos sentimos orgullosos de nuestra historia, de nuestro h\u00e9roes, de nuestras hero\u00ednas, y nos sentimos orgullosos del Presidente Andr\u00e9s Manuel L\u00f3pez Obrador\u201d, destac\u00f3.<\/p><p>Por ello lament\u00f3 que la corona espa\u00f1ola no otorgara una respuesta al Gobierno de M\u00e9xico, ante la misiva enviada por el Presidente, Andr\u00e9s Manuel L\u00f3pez Obrador para ofrecer una disculpa por los agravios cometidos contra los pueblos originarios mexicanos durante el periodo de la conquista.<\/p><p>\u201cCuando se niega la corona espa\u00f1ola, no solamente al perd\u00f3n que engrandece a los pueblos, no los averg\u00fcenza, sino que los engrandece; y, adem\u00e1s, no hay una respuesta oficial al Presidente de la Rep\u00fablica, no solamente a Andr\u00e9s Manuel L\u00f3pez Obrador, sino al Presidente de la Rep\u00fablica, representante del pueblo de M\u00e9xico, de la naci\u00f3n, del Estado mexicano, pues evidentemente no solamente es un agravio al Presidente, al hombre, sino al pueblo de M\u00e9xico\u201d, coment\u00f3.<\/p><p>Por su parte, el Presidente Andr\u00e9s Manuel L\u00f3pez Obrador, asegur\u00f3 que M\u00e9xico tiene la fortuna de que ser\u00e1 gobernado por una mujer extraordinaria, que dar\u00e1 continuidad al proyecto de Transformaci\u00f3n.<\/p><p>\u201cTenemos la suerte, la dicha, la fortuna de que quien va a gobernar en unos d\u00edas m\u00e1s este pa\u00eds es una mujer excepcional, extraordinaria\u201d, resalt\u00f3.<\/p>\t\t\t\t\t\t<\/div>\n\t\t\t\t<\/div>\n\t\t\t\t\t<\/div>\n\t\t<\/div>\n\t\t\t\t\t\t\t<\/div>\n\t\t<\/section>\n\t\t\t\t\t\t\t<\/div>\n\t\t","protected":false},"excerpt":{"rendered":"<p>-\u201cEl derecho a la educaci\u00f3n p\u00fablica es y va a ser esencia de la Cuarta Transformaci\u00f3n\u201d, asegur\u00f3 -\u201cNos sentimos orgullosos de haber aprobado la Reforma Constitucional para que los pueblos originarios tengan plenos derechos\u201d, resalt\u00f3. Ciudad de M\u00e9xico, 25 de septiembre de 2024.- El pueblo de M\u00e9xico es art\u00edfice de su presente, de su futuro [&hellip;]<\/p>\n","protected":false},"author":1,"featured_media":56932,"comment_status":"closed","ping_status":"closed","sticky":false,"template":"","format":"standard","meta":[],"categories":[3],"tags":[],"_links":{"self":[{"href":"https:\/\/www.diarionoti7.com.mx\/index.php?rest_route=\/wp\/v2\/posts\/56930"}],"collection":[{"href":"https:\/\/www.diarionoti7.com.mx\/index.php?rest_route=\/wp\/v2\/posts"}],"about":[{"href":"https:\/\/www.diarionoti7.com.mx\/index.php?rest_route=\/wp\/v2\/types\/post"}],"author":[{"embeddable":true,"href":"https:\/\/www.diarionoti7.com.mx\/index.php?rest_route=\/wp\/v2\/users\/1"}],"replies":[{"embeddable":true,"href":"https:\/\/www.diarionoti7.com.mx\/index.php?rest_route=%2Fwp%2Fv2%2Fcomments&post=56930"}],"version-history":[{"count":4,"href":"https:\/\/www.diarionoti7.com.mx\/index.php?rest_route=\/wp\/v2\/posts\/56930\/revisions"}],"predecessor-version":[{"id":56935,"href":"https:\/\/www.diarionoti7.com.mx\/index.php?rest_route=\/wp\/v2\/posts\/56930\/revisions\/56935"}],"wp:featuredmedia":[{"embeddable":true,"href":"https:\/\/www.diarionoti7.com.mx\/index.php?rest_route=\/wp\/v2\/media\/56932"}],"wp:attachment":[{"href":"https:\/\/www.diarionoti7.com.mx\/index.php?rest_route=%2Fwp%2Fv2%2Fmedia&parent=56930"}],"wp:term":[{"taxonomy":"category","embeddable":true,"href":"https:\/\/www.diarionoti7.com.mx\/index.php?rest_route=%2Fwp%2Fv2%2Fcategories&post=56930"},{"taxonomy":"post_tag","embeddable":true,"href":"https:\/\/www.diarionoti7.com.mx\/index.php?rest_route=%2Fwp%2Fv2%2Ftags&post=56930"}],"curies":[{"name":"wp","href":"https:\/\/api.w.org\/{rel}","templated":true}]}}