{"id":56924,"date":"2024-09-26T09:39:28","date_gmt":"2024-09-26T09:39:28","guid":{"rendered":"https:\/\/www.diarionoti7.com.mx\/?p=56924"},"modified":"2024-09-26T19:40:41","modified_gmt":"2024-09-26T19:40:41","slug":"diputados-elevan-a-rango-constitucional-el-programa-jovenes-construyendo-el-futuro","status":"publish","type":"post","link":"https:\/\/www.diarionoti7.com.mx\/?p=56924","title":{"rendered":"Diputados Elevan a Rango Constitucional el Programa J\u00f3venes Construyendo el Futuro"},"content":{"rendered":"\t\t<div data-elementor-type=\"wp-post\" data-elementor-id=\"56924\" class=\"elementor elementor-56924\">\n\t\t\t\t\t\t\t\t\t<section class=\"elementor-section elementor-top-section elementor-element elementor-element-c09b8f0 elementor-section-boxed elementor-section-height-default elementor-section-height-default\" data-id=\"c09b8f0\" data-element_type=\"section\">\n\t\t\t\t\t\t<div class=\"elementor-container elementor-column-gap-default\">\n\t\t\t\t\t<div class=\"elementor-column elementor-col-100 elementor-top-column elementor-element elementor-element-955a561\" data-id=\"955a561\" data-element_type=\"column\">\n\t\t\t<div class=\"elementor-widget-wrap elementor-element-populated\">\n\t\t\t\t\t\t\t\t<div class=\"elementor-element elementor-element-0ce869c elementor-widget elementor-widget-text-editor\" data-id=\"0ce869c\" data-element_type=\"widget\" data-widget_type=\"text-editor.default\">\n\t\t\t\t<div class=\"elementor-widget-container\">\n\t\t\t<style>\/*! elementor - v3.10.2 - 29-01-2023 *\/\n.elementor-widget-text-editor.elementor-drop-cap-view-stacked .elementor-drop-cap{background-color:#818a91;color:#fff}.elementor-widget-text-editor.elementor-drop-cap-view-framed .elementor-drop-cap{color:#818a91;border:3px solid;background-color:transparent}.elementor-widget-text-editor:not(.elementor-drop-cap-view-default) .elementor-drop-cap{margin-top:8px}.elementor-widget-text-editor:not(.elementor-drop-cap-view-default) .elementor-drop-cap-letter{width:1em;height:1em}.elementor-widget-text-editor .elementor-drop-cap{float:left;text-align:center;line-height:1;font-size:50px}.elementor-widget-text-editor .elementor-drop-cap-letter{display:inline-block}<\/style>\t\t\t\t<p><strong>\u00a0Ciudad de M\u00e9xico, 25 de septiembre 2024.- <\/strong>La\u00a0<a href=\"https:\/\/x.com\/Mx_Diputados\">C\u00e1mara de Diputados<\/a>\u00a0aprob\u00f3 hoy por unanimidad la reforma que le da rango constitucional el programa J\u00f3venes Construyendo el Futuro (JCF), que otorga un apoyo mensual equivalente al menos a un salario m\u00ednimo vigente a las personas de entre 18 y 29 a\u00f1os que no tengan trabajo ni estudien, durante un lapso de 12 meses, mientras reciben capacitaci\u00f3n laboral.<\/p><p>El dictamen fue aprobado por 473 votos en favor, de legisladores de todos los partidos, quienes anunciaron 175 reservas al dictamen, expuestas por 42 oradores, a pesar de que nuevamente se trataba de una iniciativa que no generaba ning\u00fan tipo de controversia ni rechazo de la oposici\u00f3n.<\/p><p>Como ya es pr\u00e1ctica habitual, las reservas fueron utilizadas nuevamente solo para alargar el discurso en el pleno y permitir a los diputados presentarse en la tribuna para respaldar la reforma.<\/p><p>Durante la sesi\u00f3n \u2013la quinta de forma consecutiva en la cual se ausent\u00f3 la presidenta de la Mesa Directiva, la morenista Ifigenia Mart\u00ednez\u2013, diputados de Morena, PT y PVEM afirmaron que, durante los anteriores gobiernos, los j\u00f3venes sin acceso a la educaci\u00f3n o el empleo fueron injustamente estigmatizados como \u201cninis\u201d.<\/p><p>Asimismo, resaltaron que desde la creaci\u00f3n de JCF, en 2019, al 30 de junio de 2024, el actual gobierno ha invertido m\u00e1s de 115 mil millones de pesos en beneficio de casi 3 millones de j\u00f3venes, quienes obtuvieron un apoyo econ\u00f3mico durante un a\u00f1o mientras se capacitaron en 570 mil centros de trabajo para adquirir capacidades y experiencias, lo que busca aumentar sus posibilidades de ingresar al mercado laboral.<\/p><p>Seg\u00fan los diputados de la mayor\u00eda, tras participar en el programa, 62 por ciento de los j\u00f3venes han logrado encontrar alg\u00fan empleo. La cifra de personas beneficiadas se eleva hasta 68 por ciento, si se considera a quienes ingresaron a la escuela o retomaron sus estudios, indicaron.<\/p><p>Por su parte, legisladores de la oposici\u00f3n manifestaron que, aunque este esquema ha ayudado a disminuir la exclusi\u00f3n de las personas de entre 15 y 29 a\u00f1os en M\u00e9xico \u2013un total de 31 millones, 23.8 por ciento de la poblaci\u00f3n, seg\u00fan datos oficiales\u2013, ha habido fallas importantes en su aplicaci\u00f3n.<\/p><p>Al cierre de 2023, ejemplificaron los pri\u00edstas Carlos Eduardo Guti\u00e9rrez y Ver\u00f3nica Mart\u00ednez, la Auditor\u00eda Superior de la Federaci\u00f3n report\u00f3 que m\u00e1s de 170 millones de pesos asignados al programa tuvieron observaciones por diversas irregularidades, como el involucramiento de empresas fantasma, duplicidad de padrones y supuestos \u201cmoches\u201d exigidos a los beneficiarios.<\/p><p>El PAN alert\u00f3 que la reforma \u201cse queda corta\u201d en su prop\u00f3sito de respaldar a los j\u00f3venes, por lo que propuso que el apoyo econ\u00f3mico no s\u00f3lo se d\u00e9 a quienes no tienen empleo ni acceso a la educaci\u00f3n, sino se entregue de forma universal, especialmente a las personas en mayor estado de vulnerabilidad.<\/p><p>Asimismo, consider\u00f3 que el dictamen pod\u00eda mejorarse con est\u00edmulos a las micro y peque\u00f1as empresas creadas por j\u00f3venes, as\u00ed como con esquemas para garantizar seguridad social y acceso a la vivienda para esta poblaci\u00f3n.<\/p><p>Luego de casi siete horas de debate, la reforma fue aprobada en lo general y en lo particular, en una sola votaci\u00f3n \u2013por tratarse de modificaciones a un solo art\u00edculo de la Constituci\u00f3n\u2013, y fue enviada al Senado para seguir con el tr\u00e1mite legislativo de aprobaci\u00f3n.<\/p>\t\t\t\t\t\t<\/div>\n\t\t\t\t<\/div>\n\t\t\t\t\t<\/div>\n\t\t<\/div>\n\t\t\t\t\t\t\t<\/div>\n\t\t<\/section>\n\t\t\t\t\t\t\t<\/div>\n\t\t","protected":false},"excerpt":{"rendered":"<p>\u00a0Ciudad de M\u00e9xico, 25 de septiembre 2024.- La\u00a0C\u00e1mara de Diputados\u00a0aprob\u00f3 hoy por unanimidad la reforma que le da rango constitucional el programa J\u00f3venes Construyendo el Futuro (JCF), que otorga un apoyo mensual equivalente al menos a un salario m\u00ednimo vigente a las personas de entre 18 y 29 a\u00f1os que no tengan trabajo ni estudien, [&hellip;]<\/p>\n","protected":false},"author":1,"featured_media":56926,"comment_status":"closed","ping_status":"closed","sticky":false,"template":"","format":"standard","meta":[],"categories":[3],"tags":[],"_links":{"self":[{"href":"https:\/\/www.diarionoti7.com.mx\/index.php?rest_route=\/wp\/v2\/posts\/56924"}],"collection":[{"href":"https:\/\/www.diarionoti7.com.mx\/index.php?rest_route=\/wp\/v2\/posts"}],"about":[{"href":"https:\/\/www.diarionoti7.com.mx\/index.php?rest_route=\/wp\/v2\/types\/post"}],"author":[{"embeddable":true,"href":"https:\/\/www.diarionoti7.com.mx\/index.php?rest_route=\/wp\/v2\/users\/1"}],"replies":[{"embeddable":true,"href":"https:\/\/www.diarionoti7.com.mx\/index.php?rest_route=%2Fwp%2Fv2%2Fcomments&post=56924"}],"version-history":[{"count":4,"href":"https:\/\/www.diarionoti7.com.mx\/index.php?rest_route=\/wp\/v2\/posts\/56924\/revisions"}],"predecessor-version":[{"id":56929,"href":"https:\/\/www.diarionoti7.com.mx\/index.php?rest_route=\/wp\/v2\/posts\/56924\/revisions\/56929"}],"wp:featuredmedia":[{"embeddable":true,"href":"https:\/\/www.diarionoti7.com.mx\/index.php?rest_route=\/wp\/v2\/media\/56926"}],"wp:attachment":[{"href":"https:\/\/www.diarionoti7.com.mx\/index.php?rest_route=%2Fwp%2Fv2%2Fmedia&parent=56924"}],"wp:term":[{"taxonomy":"category","embeddable":true,"href":"https:\/\/www.diarionoti7.com.mx\/index.php?rest_route=%2Fwp%2Fv2%2Fcategories&post=56924"},{"taxonomy":"post_tag","embeddable":true,"href":"https:\/\/www.diarionoti7.com.mx\/index.php?rest_route=%2Fwp%2Fv2%2Ftags&post=56924"}],"curies":[{"name":"wp","href":"https:\/\/api.w.org\/{rel}","templated":true}]}}