{"id":56882,"date":"2024-09-26T08:55:43","date_gmt":"2024-09-26T08:55:43","guid":{"rendered":"https:\/\/www.diarionoti7.com.mx\/?p=56882"},"modified":"2024-09-26T19:09:22","modified_gmt":"2024-09-26T19:09:22","slug":"ihe-llevo-a-cabo-intercambio-de-experiencias-exitosas-en-el-desarrollo-profesional-docente-con-la-oficina-nacional-de-la-oei-en-honduras","status":"publish","type":"post","link":"https:\/\/www.diarionoti7.com.mx\/?p=56882","title":{"rendered":"IHE Llev\u00f3 a Cabo Intercambio de Experiencias Exitosas en el Desarrollo Profesional Docente, Con la Oficina Nacional de la OEI en Honduras"},"content":{"rendered":"\t\t<div data-elementor-type=\"wp-post\" data-elementor-id=\"56882\" class=\"elementor elementor-56882\">\n\t\t\t\t\t\t\t\t\t<section class=\"elementor-section elementor-top-section elementor-element elementor-element-c09b8f0 elementor-section-boxed elementor-section-height-default elementor-section-height-default\" data-id=\"c09b8f0\" data-element_type=\"section\">\n\t\t\t\t\t\t<div class=\"elementor-container elementor-column-gap-default\">\n\t\t\t\t\t<div class=\"elementor-column elementor-col-100 elementor-top-column elementor-element elementor-element-955a561\" data-id=\"955a561\" data-element_type=\"column\">\n\t\t\t<div class=\"elementor-widget-wrap elementor-element-populated\">\n\t\t\t\t\t\t\t\t<div class=\"elementor-element elementor-element-0ce869c elementor-widget elementor-widget-text-editor\" data-id=\"0ce869c\" data-element_type=\"widget\" data-widget_type=\"text-editor.default\">\n\t\t\t\t<div class=\"elementor-widget-container\">\n\t\t\t<style>\/*! elementor - v3.10.2 - 29-01-2023 *\/\n.elementor-widget-text-editor.elementor-drop-cap-view-stacked .elementor-drop-cap{background-color:#818a91;color:#fff}.elementor-widget-text-editor.elementor-drop-cap-view-framed .elementor-drop-cap{color:#818a91;border:3px solid;background-color:transparent}.elementor-widget-text-editor:not(.elementor-drop-cap-view-default) .elementor-drop-cap{margin-top:8px}.elementor-widget-text-editor:not(.elementor-drop-cap-view-default) .elementor-drop-cap-letter{width:1em;height:1em}.elementor-widget-text-editor .elementor-drop-cap{float:left;text-align:center;line-height:1;font-size:50px}.elementor-widget-text-editor .elementor-drop-cap-letter{display:inline-block}<\/style>\t\t\t\t<p><strong>Pachuca, Hgo., 25 de septiembre de 2024.- <\/strong>Como parte del Proyecto de Fortalecimiento al Modelo del Sistema de Desarrollo Profesional Docente (SINAFOD), el Instituto Hidalguense de Educaci\u00f3n (IHE) realiz\u00f3 reuni\u00f3n de trabajo con la Oficina Nacional de la Organizaci\u00f3n de Estados Iberoamericanos (OEI) en Honduras, con el objetivo de conocer el funcionamiento de dicho programa en Hidalgo.<\/p><p>Esta actividad se realiz\u00f3 dentro de la gira educativa en M\u00e9xico, programada del 23 al 27 de septiembre de dicha organizaci\u00f3n, que tiene como objetivo conocer el funcionamiento del sistema de desarrollo profesional docente en M\u00e9xico, a fin de obtener insumos para la actualizaci\u00f3n del SINAFOD en Honduras y sus implicaciones en la gesti\u00f3n de los programas de formaci\u00f3n inicial y formaci\u00f3n permanente de las docencias.<\/p><p>En la reuni\u00f3n con personal del sector educativo en el estado se realiz\u00f3 la presentaci\u00f3n de las acciones, estrategias y logros para el desarrollo profesional docente en Hidalgo, M\u00e9xico, adem\u00e1s de la presentaci\u00f3n de Modelo del Sistema de Desarrollo Profesional Docente y se efectu\u00f3 una sesi\u00f3n de preguntas de los participantes y respuestas entre las partes e intercambio de experiencias.<\/p><p>En dicha actividad estuvo presente el director general de Mejora de la Pol\u00edtica Educativa del IHE, Iv\u00e1n Enrique Ram\u00edrez Alc\u00e1zar; la directora general de Desarrollo Curricular, Mar\u00eda del Rosario Ram\u00edrez Hern\u00e1ndez; la directora Acad\u00e9mica y de Vinculaci\u00f3n de la Coordinaci\u00f3n General de Educaci\u00f3n B\u00e1sica, Claudia Huerta Ruiz; la representante permanente de la OEI en M\u00e9xico, X\u00f3chitl Patricia Aldana Maldonado; la subdirectora de Investigaci\u00f3n Educativa de la Direcci\u00f3n General de Profesionalizaci\u00f3n Docente de la SEDUC, Esthefani Sarahi Cerrato Bargas, entre otros.<\/p>\t\t\t\t\t\t<\/div>\n\t\t\t\t<\/div>\n\t\t\t\t\t<\/div>\n\t\t<\/div>\n\t\t\t\t\t\t\t<\/div>\n\t\t<\/section>\n\t\t\t\t\t\t\t<\/div>\n\t\t","protected":false},"excerpt":{"rendered":"<p>Pachuca, Hgo., 25 de septiembre de 2024.- Como parte del Proyecto de Fortalecimiento al Modelo del Sistema de Desarrollo Profesional Docente (SINAFOD), el Instituto Hidalguense de Educaci\u00f3n (IHE) realiz\u00f3 reuni\u00f3n de trabajo con la Oficina Nacional de la Organizaci\u00f3n de Estados Iberoamericanos (OEI) en Honduras, con el objetivo de conocer el funcionamiento de dicho programa [&hellip;]<\/p>\n","protected":false},"author":1,"featured_media":56884,"comment_status":"closed","ping_status":"closed","sticky":false,"template":"","format":"standard","meta":[],"categories":[4],"tags":[],"_links":{"self":[{"href":"https:\/\/www.diarionoti7.com.mx\/index.php?rest_route=\/wp\/v2\/posts\/56882"}],"collection":[{"href":"https:\/\/www.diarionoti7.com.mx\/index.php?rest_route=\/wp\/v2\/posts"}],"about":[{"href":"https:\/\/www.diarionoti7.com.mx\/index.php?rest_route=\/wp\/v2\/types\/post"}],"author":[{"embeddable":true,"href":"https:\/\/www.diarionoti7.com.mx\/index.php?rest_route=\/wp\/v2\/users\/1"}],"replies":[{"embeddable":true,"href":"https:\/\/www.diarionoti7.com.mx\/index.php?rest_route=%2Fwp%2Fv2%2Fcomments&post=56882"}],"version-history":[{"count":4,"href":"https:\/\/www.diarionoti7.com.mx\/index.php?rest_route=\/wp\/v2\/posts\/56882\/revisions"}],"predecessor-version":[{"id":56887,"href":"https:\/\/www.diarionoti7.com.mx\/index.php?rest_route=\/wp\/v2\/posts\/56882\/revisions\/56887"}],"wp:featuredmedia":[{"embeddable":true,"href":"https:\/\/www.diarionoti7.com.mx\/index.php?rest_route=\/wp\/v2\/media\/56884"}],"wp:attachment":[{"href":"https:\/\/www.diarionoti7.com.mx\/index.php?rest_route=%2Fwp%2Fv2%2Fmedia&parent=56882"}],"wp:term":[{"taxonomy":"category","embeddable":true,"href":"https:\/\/www.diarionoti7.com.mx\/index.php?rest_route=%2Fwp%2Fv2%2Fcategories&post=56882"},{"taxonomy":"post_tag","embeddable":true,"href":"https:\/\/www.diarionoti7.com.mx\/index.php?rest_route=%2Fwp%2Fv2%2Ftags&post=56882"}],"curies":[{"name":"wp","href":"https:\/\/api.w.org\/{rel}","templated":true}]}}