{"id":56876,"date":"2024-09-26T08:54:25","date_gmt":"2024-09-26T08:54:25","guid":{"rendered":"https:\/\/www.diarionoti7.com.mx\/?p=56876"},"modified":"2024-09-26T18:55:11","modified_gmt":"2024-09-26T18:55:11","slug":"festival-del-maiz-en-singuilucan","status":"publish","type":"post","link":"https:\/\/www.diarionoti7.com.mx\/?p=56876","title":{"rendered":"Festival del Ma\u00edz en Singuilucan"},"content":{"rendered":"\t\t<div data-elementor-type=\"wp-post\" data-elementor-id=\"56876\" class=\"elementor elementor-56876\">\n\t\t\t\t\t\t\t\t\t<section class=\"elementor-section elementor-top-section elementor-element elementor-element-c09b8f0 elementor-section-boxed elementor-section-height-default elementor-section-height-default\" data-id=\"c09b8f0\" data-element_type=\"section\">\n\t\t\t\t\t\t<div class=\"elementor-container elementor-column-gap-default\">\n\t\t\t\t\t<div class=\"elementor-column elementor-col-100 elementor-top-column elementor-element elementor-element-955a561\" data-id=\"955a561\" data-element_type=\"column\">\n\t\t\t<div class=\"elementor-widget-wrap elementor-element-populated\">\n\t\t\t\t\t\t\t\t<div class=\"elementor-element elementor-element-0ce869c elementor-widget elementor-widget-text-editor\" data-id=\"0ce869c\" data-element_type=\"widget\" data-widget_type=\"text-editor.default\">\n\t\t\t\t<div class=\"elementor-widget-container\">\n\t\t\t<style>\/*! elementor - v3.10.2 - 29-01-2023 *\/\n.elementor-widget-text-editor.elementor-drop-cap-view-stacked .elementor-drop-cap{background-color:#818a91;color:#fff}.elementor-widget-text-editor.elementor-drop-cap-view-framed .elementor-drop-cap{color:#818a91;border:3px solid;background-color:transparent}.elementor-widget-text-editor:not(.elementor-drop-cap-view-default) .elementor-drop-cap{margin-top:8px}.elementor-widget-text-editor:not(.elementor-drop-cap-view-default) .elementor-drop-cap-letter{width:1em;height:1em}.elementor-widget-text-editor .elementor-drop-cap{float:left;text-align:center;line-height:1;font-size:50px}.elementor-widget-text-editor .elementor-drop-cap-letter{display:inline-block}<\/style>\t\t\t\t<p><strong>Pachuca, Hgo., 25 de septiembre\u00a0 de 2024.- <\/strong>En el coraz\u00f3n de la regi\u00f3n, donde el ma\u00edz es s\u00edmbolo de vida y tradici\u00f3n, se realiza el Festival del Ma\u00edz en Singuilucan, una celebraci\u00f3n que se llevar\u00e1 a cabo el pr\u00f3ximo 29 de septiembre en la localidad de El Susto, Hidalgo.<\/p><p>M\u00e1s all\u00e1 de promover productos locales derivados del ma\u00edz, el festival ofrece un espacio de convivencia familiar. \u201cLos asistentes podr\u00e1n disfrutar de exposiciones artesanales, actividades culturales, talleres interactivos y degustaciones de platillos que destacan la versatilidad del ma\u00edz en la cocina\u201d, coment\u00f3 Yazm\u00edn D\u00e1vila, presidenta municipal de Singuilucan.<\/p><p>Este evento exalta la riqueza cultural y gastron\u00f3mica de la zona, destacando uno de los pilares m\u00e1s emblem\u00e1ticos de la identidad mexicana: el ma\u00edz, es por eso que esta actividad tiene como objetivo resaltar la importancia hist\u00f3rica y econ\u00f3mica de este grano, que ha sido esencial en las costumbres y tradiciones del pa\u00eds.<\/p><p>\u201cAsimismo, el evento fomenta el orgullo por las ra\u00edces mexicanas, conectando a la comunidad a trav\u00e9s de la cultura y la tradici\u00f3n\u201d, agreg\u00f3 la alcaldesa.<\/p><p>El municipio de Singuilucan tiene como objetivo atraer un mayor n\u00famero de turistas y visitantes, invit\u00e1ndolos a descubrir la gastronom\u00eda y la cultura de la regi\u00f3n. Este evento busca convertirse en una tradici\u00f3n anual, brindando un reconocimiento a los productores locales y beneficiando econ\u00f3micamente a los comerciantes y agricultores de la zona.<\/p><p>Adem\u00e1s, el festival sirve como una plataforma para que las y los productores locales fortalezcan la econom\u00eda regional y compartan conocimientos sobre pr\u00e1cticas agr\u00edcolas sustentables. Este intercambio de ideas y experiencias promueve la colaboraci\u00f3n y el desarrollo agr\u00edcola en la regi\u00f3n.<\/p><p>Con una visi\u00f3n centrada en impulsar la cultura y el desarrollo rural, el Festival del Ma\u00edz se ha consolidado como un referente en la promoci\u00f3n de la herencia agr\u00edcola de Singuilucan; reafirmando al grano, como un s\u00edmbolo de vida, unidad y prosperidad en la comunidad, reconociendo su historia, pero tambi\u00e9n su importancia para el futuro de la regi\u00f3n.<\/p>\t\t\t\t\t\t<\/div>\n\t\t\t\t<\/div>\n\t\t\t\t\t<\/div>\n\t\t<\/div>\n\t\t\t\t\t\t\t<\/div>\n\t\t<\/section>\n\t\t\t\t\t\t\t<\/div>\n\t\t","protected":false},"excerpt":{"rendered":"<p>Pachuca, Hgo., 25 de septiembre\u00a0 de 2024.- En el coraz\u00f3n de la regi\u00f3n, donde el ma\u00edz es s\u00edmbolo de vida y tradici\u00f3n, se realiza el Festival del Ma\u00edz en Singuilucan, una celebraci\u00f3n que se llevar\u00e1 a cabo el pr\u00f3ximo 29 de septiembre en la localidad de El Susto, Hidalgo. M\u00e1s all\u00e1 de promover productos locales [&hellip;]<\/p>\n","protected":false},"author":1,"featured_media":56878,"comment_status":"closed","ping_status":"closed","sticky":false,"template":"","format":"standard","meta":[],"categories":[9],"tags":[],"_links":{"self":[{"href":"https:\/\/www.diarionoti7.com.mx\/index.php?rest_route=\/wp\/v2\/posts\/56876"}],"collection":[{"href":"https:\/\/www.diarionoti7.com.mx\/index.php?rest_route=\/wp\/v2\/posts"}],"about":[{"href":"https:\/\/www.diarionoti7.com.mx\/index.php?rest_route=\/wp\/v2\/types\/post"}],"author":[{"embeddable":true,"href":"https:\/\/www.diarionoti7.com.mx\/index.php?rest_route=\/wp\/v2\/users\/1"}],"replies":[{"embeddable":true,"href":"https:\/\/www.diarionoti7.com.mx\/index.php?rest_route=%2Fwp%2Fv2%2Fcomments&post=56876"}],"version-history":[{"count":4,"href":"https:\/\/www.diarionoti7.com.mx\/index.php?rest_route=\/wp\/v2\/posts\/56876\/revisions"}],"predecessor-version":[{"id":56881,"href":"https:\/\/www.diarionoti7.com.mx\/index.php?rest_route=\/wp\/v2\/posts\/56876\/revisions\/56881"}],"wp:featuredmedia":[{"embeddable":true,"href":"https:\/\/www.diarionoti7.com.mx\/index.php?rest_route=\/wp\/v2\/media\/56878"}],"wp:attachment":[{"href":"https:\/\/www.diarionoti7.com.mx\/index.php?rest_route=%2Fwp%2Fv2%2Fmedia&parent=56876"}],"wp:term":[{"taxonomy":"category","embeddable":true,"href":"https:\/\/www.diarionoti7.com.mx\/index.php?rest_route=%2Fwp%2Fv2%2Fcategories&post=56876"},{"taxonomy":"post_tag","embeddable":true,"href":"https:\/\/www.diarionoti7.com.mx\/index.php?rest_route=%2Fwp%2Fv2%2Ftags&post=56876"}],"curies":[{"name":"wp","href":"https:\/\/api.w.org\/{rel}","templated":true}]}}