{"id":56870,"date":"2024-09-26T08:53:33","date_gmt":"2024-09-26T08:53:33","guid":{"rendered":"https:\/\/www.diarionoti7.com.mx\/?p=56870"},"modified":"2024-09-26T18:54:17","modified_gmt":"2024-09-26T18:54:17","slug":"concluye-la-feria-de-desarrollo-rural-en-mixquiahuala","status":"publish","type":"post","link":"https:\/\/www.diarionoti7.com.mx\/?p=56870","title":{"rendered":"Concluye la Feria de Desarrollo Rural en Mixquiahuala"},"content":{"rendered":"\t\t<div data-elementor-type=\"wp-post\" data-elementor-id=\"56870\" class=\"elementor elementor-56870\">\n\t\t\t\t\t\t\t\t\t<section class=\"elementor-section elementor-top-section elementor-element elementor-element-c09b8f0 elementor-section-boxed elementor-section-height-default elementor-section-height-default\" data-id=\"c09b8f0\" data-element_type=\"section\">\n\t\t\t\t\t\t<div class=\"elementor-container elementor-column-gap-default\">\n\t\t\t\t\t<div class=\"elementor-column elementor-col-100 elementor-top-column elementor-element elementor-element-955a561\" data-id=\"955a561\" data-element_type=\"column\">\n\t\t\t<div class=\"elementor-widget-wrap elementor-element-populated\">\n\t\t\t\t\t\t\t\t<div class=\"elementor-element elementor-element-0ce869c elementor-widget elementor-widget-text-editor\" data-id=\"0ce869c\" data-element_type=\"widget\" data-widget_type=\"text-editor.default\">\n\t\t\t\t<div class=\"elementor-widget-container\">\n\t\t\t<style>\/*! elementor - v3.10.2 - 29-01-2023 *\/\n.elementor-widget-text-editor.elementor-drop-cap-view-stacked .elementor-drop-cap{background-color:#818a91;color:#fff}.elementor-widget-text-editor.elementor-drop-cap-view-framed .elementor-drop-cap{color:#818a91;border:3px solid;background-color:transparent}.elementor-widget-text-editor:not(.elementor-drop-cap-view-default) .elementor-drop-cap{margin-top:8px}.elementor-widget-text-editor:not(.elementor-drop-cap-view-default) .elementor-drop-cap-letter{width:1em;height:1em}.elementor-widget-text-editor .elementor-drop-cap{float:left;text-align:center;line-height:1;font-size:50px}.elementor-widget-text-editor .elementor-drop-cap-letter{display:inline-block}<\/style>\t\t\t\t<p><strong>-Promoci\u00f3n de productos agroindustriales para beneficio de comunidades hidalguenses<\/strong><\/p><p><strong>MIxquiahuala, Hgo., 25 de septiembre del 2024.-<\/strong>El Instituto Tecnol\u00f3gico Superior de Occidente del Estado de Hidalgo (ITSOEH), campus Mixquiahuala, se convirti\u00f3 en sede de la primera Feria de Desarrollo Rural de la regi\u00f3n Tula, evento que finaliz\u00f3 con gran \u00e9xito. Esta feria es la primera de un total de 13 que se llevar\u00e1n a cabo en todo el estado.<\/p><p>El titular de la SADERH, Napole\u00f3n Gonz\u00e1lez P\u00e9rez, realiz\u00f3 un recorrido por la feria, que tuvo como objetivo destacar el papel crucial del desarrollo rural como motor de cambio positivo en las comunidades, promoviendo la inclusi\u00f3n, la sostenibilidad y el crecimiento de la regi\u00f3n Tula.<\/p><p>Siguiendo la visi\u00f3n del gobernador Julio Menchaca de fomentar el desarrollo del campo, esta feria reuni\u00f3 a diversos sectores del agro hidalguense, fortaleciendo la colaboraci\u00f3n entre productores y emprendedores.<\/p><p>Durante el evento, se cont\u00f3 con la participaci\u00f3n de 48 expositores 100 % hidalguenses, quienes presentaron una variedad de productos, entre los que se destacaron helados, mermeladas, productos elaborados con ma\u00edz, c\u00e1rnicos al alto vac\u00edo, salsas, entre otros.<\/p><p>Tambi\u00e9n se realizaron exhibiciones de maquinaria agr\u00edcola, as\u00ed como la promoci\u00f3n de semillas y agroinsumos, servicios financieros y jur\u00eddicos, y exhibiciones de ganado ovino, caprino, cun\u00edcola y av\u00edcola. Los m\u00e1s peque\u00f1os disfrutaron de una granja interactiva, y se promovieron pr\u00e1cticas agropecuarias sostenibles a trav\u00e9s de talleres y conferencias impartidas por expertos del sector.<\/p><p>Esta feria no solo expone la riqueza del campo hidalguense, sino que tambi\u00e9n refuerza el compromiso con el desarrollo integral de las comunidades rurales.<\/p>\t\t\t\t\t\t<\/div>\n\t\t\t\t<\/div>\n\t\t\t\t\t<\/div>\n\t\t<\/div>\n\t\t\t\t\t\t\t<\/div>\n\t\t<\/section>\n\t\t\t\t\t\t\t<\/div>\n\t\t","protected":false},"excerpt":{"rendered":"<p>-Promoci\u00f3n de productos agroindustriales para beneficio de comunidades hidalguenses MIxquiahuala, Hgo., 25 de septiembre del 2024.-El Instituto Tecnol\u00f3gico Superior de Occidente del Estado de Hidalgo (ITSOEH), campus Mixquiahuala, se convirti\u00f3 en sede de la primera Feria de Desarrollo Rural de la regi\u00f3n Tula, evento que finaliz\u00f3 con gran \u00e9xito. Esta feria es la primera de [&hellip;]<\/p>\n","protected":false},"author":1,"featured_media":56872,"comment_status":"closed","ping_status":"closed","sticky":false,"template":"","format":"standard","meta":[],"categories":[9],"tags":[],"_links":{"self":[{"href":"https:\/\/www.diarionoti7.com.mx\/index.php?rest_route=\/wp\/v2\/posts\/56870"}],"collection":[{"href":"https:\/\/www.diarionoti7.com.mx\/index.php?rest_route=\/wp\/v2\/posts"}],"about":[{"href":"https:\/\/www.diarionoti7.com.mx\/index.php?rest_route=\/wp\/v2\/types\/post"}],"author":[{"embeddable":true,"href":"https:\/\/www.diarionoti7.com.mx\/index.php?rest_route=\/wp\/v2\/users\/1"}],"replies":[{"embeddable":true,"href":"https:\/\/www.diarionoti7.com.mx\/index.php?rest_route=%2Fwp%2Fv2%2Fcomments&post=56870"}],"version-history":[{"count":4,"href":"https:\/\/www.diarionoti7.com.mx\/index.php?rest_route=\/wp\/v2\/posts\/56870\/revisions"}],"predecessor-version":[{"id":56875,"href":"https:\/\/www.diarionoti7.com.mx\/index.php?rest_route=\/wp\/v2\/posts\/56870\/revisions\/56875"}],"wp:featuredmedia":[{"embeddable":true,"href":"https:\/\/www.diarionoti7.com.mx\/index.php?rest_route=\/wp\/v2\/media\/56872"}],"wp:attachment":[{"href":"https:\/\/www.diarionoti7.com.mx\/index.php?rest_route=%2Fwp%2Fv2%2Fmedia&parent=56870"}],"wp:term":[{"taxonomy":"category","embeddable":true,"href":"https:\/\/www.diarionoti7.com.mx\/index.php?rest_route=%2Fwp%2Fv2%2Fcategories&post=56870"},{"taxonomy":"post_tag","embeddable":true,"href":"https:\/\/www.diarionoti7.com.mx\/index.php?rest_route=%2Fwp%2Fv2%2Ftags&post=56870"}],"curies":[{"name":"wp","href":"https:\/\/api.w.org\/{rel}","templated":true}]}}