{"id":56864,"date":"2024-09-26T08:52:40","date_gmt":"2024-09-26T08:52:40","guid":{"rendered":"https:\/\/www.diarionoti7.com.mx\/?p=56864"},"modified":"2024-09-26T18:53:23","modified_gmt":"2024-09-26T18:53:23","slug":"2-de-octubre-se-reactiva-servicio-de-comedores-municipales-en-tulancingo","status":"publish","type":"post","link":"https:\/\/www.diarionoti7.com.mx\/?p=56864","title":{"rendered":"2 de Octubre se Reactiva Servicio de Comedores Municipales en Tulancingo"},"content":{"rendered":"\t\t<div data-elementor-type=\"wp-post\" data-elementor-id=\"56864\" class=\"elementor elementor-56864\">\n\t\t\t\t\t\t\t\t\t<section class=\"elementor-section elementor-top-section elementor-element elementor-element-c09b8f0 elementor-section-boxed elementor-section-height-default elementor-section-height-default\" data-id=\"c09b8f0\" data-element_type=\"section\">\n\t\t\t\t\t\t<div class=\"elementor-container elementor-column-gap-default\">\n\t\t\t\t\t<div class=\"elementor-column elementor-col-100 elementor-top-column elementor-element elementor-element-955a561\" data-id=\"955a561\" data-element_type=\"column\">\n\t\t\t<div class=\"elementor-widget-wrap elementor-element-populated\">\n\t\t\t\t\t\t\t\t<div class=\"elementor-element elementor-element-0ce869c elementor-widget elementor-widget-text-editor\" data-id=\"0ce869c\" data-element_type=\"widget\" data-widget_type=\"text-editor.default\">\n\t\t\t\t<div class=\"elementor-widget-container\">\n\t\t\t<style>\/*! elementor - v3.10.2 - 29-01-2023 *\/\n.elementor-widget-text-editor.elementor-drop-cap-view-stacked .elementor-drop-cap{background-color:#818a91;color:#fff}.elementor-widget-text-editor.elementor-drop-cap-view-framed .elementor-drop-cap{color:#818a91;border:3px solid;background-color:transparent}.elementor-widget-text-editor:not(.elementor-drop-cap-view-default) .elementor-drop-cap{margin-top:8px}.elementor-widget-text-editor:not(.elementor-drop-cap-view-default) .elementor-drop-cap-letter{width:1em;height:1em}.elementor-widget-text-editor .elementor-drop-cap{float:left;text-align:center;line-height:1;font-size:50px}.elementor-widget-text-editor .elementor-drop-cap-letter{display:inline-block}<\/style>\t\t\t\t<p><strong>-En apoyo a la econom\u00eda, se mantiene costo de 22 pesos por porci\u00f3n alimenticia<\/strong><\/p><p><strong>Tulancingo, Hgo., 25 de septiembre de 2024.-<\/strong>Alberto Campillo Santos, secretario de Desarrollo Humano y Social inform\u00f3 que ser\u00e1 el mi\u00e9rcoles 02 de octubre cuando se reactive la operatividad de los comedores municipales, luego de labores de limpieza, remozamiento y en algunos casos atenci\u00f3n a infraestructura sanitaria.<\/p><p>El funcionario municipal especifico que en Tulancingo se tienen habilitados seis comedores municipales ubicados en las colonias: Guadalupe, Para\u00edso, La Cruz, Ca\u00f1ada, Rojo G\u00f3mez y Huapalcalco.<\/p><p>Se mantendr\u00e1 el costo de 22 pesos por porci\u00f3n, misma que se servir\u00e1 a la poblaci\u00f3n en general, desde las 11:00 y hasta las 15:00 horas, pero de manera previa se realiza la preparaci\u00f3n de alimentos.<\/p><p>De manera habitual, entre los seis comedores municipales con los que se cuenta, se ofrece un promedio de 220 comidas al d\u00eda, siendo los usuarios frecuentes, adultos mayores y jefas de familia.<\/p><p>Los alimentos que se sirven en los comedores municipales son higi\u00e9nicos y est\u00e1n alineados al plato del buen comer adem\u00e1s de que van orientados a revertir los niveles de desnutrici\u00f3n que muchas veces se acent\u00faan en zonas con desventaja patrimonial y colonias semi urbanizadas denominadas de prioritaria atenci\u00f3n.<\/p><p>Es menester de la presidenta Lorena Garc\u00eda C\u00e1zares, el dirigir pol\u00edticas p\u00fablicas para el combate a la pobreza, por lo cual se atendi\u00f3 lo necesario a fin de brindar un servicio de calidad y calidez a los usuarios, tanto regulares como de primera vez.<\/p><p>Para m\u00e1s informaci\u00f3n sobre los comedores municipales, el secretario de Desarrollo Humano Albero Campillo Santos puso a disposici\u00f3n el tel\u00e9fono 7757558450 extensi\u00f3n 1128.<\/p>\t\t\t\t\t\t<\/div>\n\t\t\t\t<\/div>\n\t\t\t\t\t<\/div>\n\t\t<\/div>\n\t\t\t\t\t\t\t<\/div>\n\t\t<\/section>\n\t\t\t\t\t\t\t<\/div>\n\t\t","protected":false},"excerpt":{"rendered":"<p>-En apoyo a la econom\u00eda, se mantiene costo de 22 pesos por porci\u00f3n alimenticia Tulancingo, Hgo., 25 de septiembre de 2024.-Alberto Campillo Santos, secretario de Desarrollo Humano y Social inform\u00f3 que ser\u00e1 el mi\u00e9rcoles 02 de octubre cuando se reactive la operatividad de los comedores municipales, luego de labores de limpieza, remozamiento y en algunos [&hellip;]<\/p>\n","protected":false},"author":1,"featured_media":56866,"comment_status":"closed","ping_status":"closed","sticky":false,"template":"","format":"standard","meta":[],"categories":[9],"tags":[],"_links":{"self":[{"href":"https:\/\/www.diarionoti7.com.mx\/index.php?rest_route=\/wp\/v2\/posts\/56864"}],"collection":[{"href":"https:\/\/www.diarionoti7.com.mx\/index.php?rest_route=\/wp\/v2\/posts"}],"about":[{"href":"https:\/\/www.diarionoti7.com.mx\/index.php?rest_route=\/wp\/v2\/types\/post"}],"author":[{"embeddable":true,"href":"https:\/\/www.diarionoti7.com.mx\/index.php?rest_route=\/wp\/v2\/users\/1"}],"replies":[{"embeddable":true,"href":"https:\/\/www.diarionoti7.com.mx\/index.php?rest_route=%2Fwp%2Fv2%2Fcomments&post=56864"}],"version-history":[{"count":4,"href":"https:\/\/www.diarionoti7.com.mx\/index.php?rest_route=\/wp\/v2\/posts\/56864\/revisions"}],"predecessor-version":[{"id":56869,"href":"https:\/\/www.diarionoti7.com.mx\/index.php?rest_route=\/wp\/v2\/posts\/56864\/revisions\/56869"}],"wp:featuredmedia":[{"embeddable":true,"href":"https:\/\/www.diarionoti7.com.mx\/index.php?rest_route=\/wp\/v2\/media\/56866"}],"wp:attachment":[{"href":"https:\/\/www.diarionoti7.com.mx\/index.php?rest_route=%2Fwp%2Fv2%2Fmedia&parent=56864"}],"wp:term":[{"taxonomy":"category","embeddable":true,"href":"https:\/\/www.diarionoti7.com.mx\/index.php?rest_route=%2Fwp%2Fv2%2Fcategories&post=56864"},{"taxonomy":"post_tag","embeddable":true,"href":"https:\/\/www.diarionoti7.com.mx\/index.php?rest_route=%2Fwp%2Fv2%2Ftags&post=56864"}],"curies":[{"name":"wp","href":"https:\/\/api.w.org\/{rel}","templated":true}]}}