{"id":56858,"date":"2024-09-26T08:51:22","date_gmt":"2024-09-26T08:51:22","guid":{"rendered":"https:\/\/www.diarionoti7.com.mx\/?p=56858"},"modified":"2024-09-26T18:52:19","modified_gmt":"2024-09-26T18:52:19","slug":"descubre-la-expo-feria-san-francisco-tlahuelilpan-2024","status":"publish","type":"post","link":"https:\/\/www.diarionoti7.com.mx\/?p=56858","title":{"rendered":"Descubre la Expo Feria San Francisco Tlahuelilpan 2024"},"content":{"rendered":"\t\t<div data-elementor-type=\"wp-post\" data-elementor-id=\"56858\" class=\"elementor elementor-56858\">\n\t\t\t\t\t\t\t\t\t<section class=\"elementor-section elementor-top-section elementor-element elementor-element-c09b8f0 elementor-section-boxed elementor-section-height-default elementor-section-height-default\" data-id=\"c09b8f0\" data-element_type=\"section\">\n\t\t\t\t\t\t<div class=\"elementor-container elementor-column-gap-default\">\n\t\t\t\t\t<div class=\"elementor-column elementor-col-100 elementor-top-column elementor-element elementor-element-955a561\" data-id=\"955a561\" data-element_type=\"column\">\n\t\t\t<div class=\"elementor-widget-wrap elementor-element-populated\">\n\t\t\t\t\t\t\t\t<div class=\"elementor-element elementor-element-0ce869c elementor-widget elementor-widget-text-editor\" data-id=\"0ce869c\" data-element_type=\"widget\" data-widget_type=\"text-editor.default\">\n\t\t\t\t<div class=\"elementor-widget-container\">\n\t\t\t<style>\/*! elementor - v3.10.2 - 29-01-2023 *\/\n.elementor-widget-text-editor.elementor-drop-cap-view-stacked .elementor-drop-cap{background-color:#818a91;color:#fff}.elementor-widget-text-editor.elementor-drop-cap-view-framed .elementor-drop-cap{color:#818a91;border:3px solid;background-color:transparent}.elementor-widget-text-editor:not(.elementor-drop-cap-view-default) .elementor-drop-cap{margin-top:8px}.elementor-widget-text-editor:not(.elementor-drop-cap-view-default) .elementor-drop-cap-letter{width:1em;height:1em}.elementor-widget-text-editor .elementor-drop-cap{float:left;text-align:center;line-height:1;font-size:50px}.elementor-widget-text-editor .elementor-drop-cap-letter{display:inline-block}<\/style>\t\t\t\t<p><strong>Pachuca, Hgo., 25 de septiembre\u00a0 de 2024.- <\/strong>El municipio de Tlahuelilpan se prepara para recibir la Expo Feria San Francisco Tlahuelilpan 2024, que se llevar\u00e1 a cabo del 4 al 15 de octubre en honor a San Francisco de As\u00eds. Este evento es una celebraci\u00f3n de las tradiciones al convertirse en un s\u00edmbolo de identidad para el municipio.<\/p><p>El comit\u00e9 organizador trabaja de forma ardua para ofrecer eventos de calidad, con una afluencia esperada de 20,000 personas entre semana y hasta 50,000 los fines de semana. La feria contar\u00e1 con una expo artesanal, ganadera, industrial y comercial, que reunir\u00e1 a 300 expositores comerciales y m\u00e1s de 150 artesanos.<\/p><p>En esta edici\u00f3n de la Feria, se espera una derrama econ\u00f3mica de aproximadamente 15 millones de pesos. Cabe destacar que la entrada ser\u00e1 libre.\u00a0 No solo celebra la riqueza cultural del municipio, sino que tambi\u00e9n ofrece una experiencia \u00fanica para disfrutar en familia y con amigos.<\/p><p>Con una amplia programaci\u00f3n que abarca el arte, el deporte, la gastronom\u00eda y la ganader\u00eda, la feria promete ser un punto de encuentro para disfrutar lo que ofrece la regi\u00f3n, inform\u00f3 la presidenta municipal de Tlahuelilpan, Norma Leticia Reyes.<\/p><p>\u00a0En rueda de prensa, dijo que \u201cpor primera vez, la Expo Feria contar\u00e1 con una charreada nocturna y una destacada cartelera de artistas como: Ar\u00f3n y su Grupo Ilusi\u00f3n, Los Dandys, Los Bybys, Gerardo Ortiz y Sa\u00fal el Jaguar, quienes animar\u00e1n el gran baile de feria\u201d.<\/p><p>La Expo Feria San Francisco Tlahuelilpan tambi\u00e9n contar\u00e1 con una funci\u00f3n de lucha libre con grandes estrellas de la triple AAA, espect\u00e1culo que la gente espera, destac\u00f3 Pedro Gonz\u00e1lez Blancas, organizador de la Feria.<\/p><p>La gastronom\u00eda tambi\u00e9n jugar\u00e1 un papel destacando las tradicionales enchiladas de charola, una delicia que no se pueden perder.<\/p>\t\t\t\t\t\t<\/div>\n\t\t\t\t<\/div>\n\t\t\t\t\t<\/div>\n\t\t<\/div>\n\t\t\t\t\t\t\t<\/div>\n\t\t<\/section>\n\t\t\t\t\t\t\t<\/div>\n\t\t","protected":false},"excerpt":{"rendered":"<p>Pachuca, Hgo., 25 de septiembre\u00a0 de 2024.- El municipio de Tlahuelilpan se prepara para recibir la Expo Feria San Francisco Tlahuelilpan 2024, que se llevar\u00e1 a cabo del 4 al 15 de octubre en honor a San Francisco de As\u00eds. Este evento es una celebraci\u00f3n de las tradiciones al convertirse en un s\u00edmbolo de identidad [&hellip;]<\/p>\n","protected":false},"author":1,"featured_media":56860,"comment_status":"closed","ping_status":"closed","sticky":false,"template":"","format":"standard","meta":[],"categories":[9],"tags":[],"_links":{"self":[{"href":"https:\/\/www.diarionoti7.com.mx\/index.php?rest_route=\/wp\/v2\/posts\/56858"}],"collection":[{"href":"https:\/\/www.diarionoti7.com.mx\/index.php?rest_route=\/wp\/v2\/posts"}],"about":[{"href":"https:\/\/www.diarionoti7.com.mx\/index.php?rest_route=\/wp\/v2\/types\/post"}],"author":[{"embeddable":true,"href":"https:\/\/www.diarionoti7.com.mx\/index.php?rest_route=\/wp\/v2\/users\/1"}],"replies":[{"embeddable":true,"href":"https:\/\/www.diarionoti7.com.mx\/index.php?rest_route=%2Fwp%2Fv2%2Fcomments&post=56858"}],"version-history":[{"count":4,"href":"https:\/\/www.diarionoti7.com.mx\/index.php?rest_route=\/wp\/v2\/posts\/56858\/revisions"}],"predecessor-version":[{"id":56863,"href":"https:\/\/www.diarionoti7.com.mx\/index.php?rest_route=\/wp\/v2\/posts\/56858\/revisions\/56863"}],"wp:featuredmedia":[{"embeddable":true,"href":"https:\/\/www.diarionoti7.com.mx\/index.php?rest_route=\/wp\/v2\/media\/56860"}],"wp:attachment":[{"href":"https:\/\/www.diarionoti7.com.mx\/index.php?rest_route=%2Fwp%2Fv2%2Fmedia&parent=56858"}],"wp:term":[{"taxonomy":"category","embeddable":true,"href":"https:\/\/www.diarionoti7.com.mx\/index.php?rest_route=%2Fwp%2Fv2%2Fcategories&post=56858"},{"taxonomy":"post_tag","embeddable":true,"href":"https:\/\/www.diarionoti7.com.mx\/index.php?rest_route=%2Fwp%2Fv2%2Ftags&post=56858"}],"curies":[{"name":"wp","href":"https:\/\/api.w.org\/{rel}","templated":true}]}}