{"id":56815,"date":"2024-09-25T09:52:38","date_gmt":"2024-09-25T09:52:38","guid":{"rendered":"https:\/\/www.diarionoti7.com.mx\/?p=56815"},"modified":"2024-09-25T17:53:32","modified_gmt":"2024-09-25T17:53:32","slug":"gobernador-de-hidalgo-julio-menchaca-salazar-se-reunio-con-los-almirantes-jose-rafael-ojeda-duran-y-raymundo-pedro-morales-angeles","status":"publish","type":"post","link":"https:\/\/www.diarionoti7.com.mx\/?p=56815","title":{"rendered":"Gobernador de Hidalgo, Julio Menchaca Salazar, se Reuni\u00f3 con los almirantes Jos\u00e9 Rafael Ojeda Dur\u00e1n y Raymundo Pedro Morales \u00c1ngeles"},"content":{"rendered":"\t\t<div data-elementor-type=\"wp-post\" data-elementor-id=\"56815\" class=\"elementor elementor-56815\">\n\t\t\t\t\t\t\t\t\t<section class=\"elementor-section elementor-top-section elementor-element elementor-element-c09b8f0 elementor-section-boxed elementor-section-height-default elementor-section-height-default\" data-id=\"c09b8f0\" data-element_type=\"section\">\n\t\t\t\t\t\t<div class=\"elementor-container elementor-column-gap-default\">\n\t\t\t\t\t<div class=\"elementor-column elementor-col-100 elementor-top-column elementor-element elementor-element-955a561\" data-id=\"955a561\" data-element_type=\"column\">\n\t\t\t<div class=\"elementor-widget-wrap elementor-element-populated\">\n\t\t\t\t\t\t\t\t<div class=\"elementor-element elementor-element-0ce869c elementor-widget elementor-widget-text-editor\" data-id=\"0ce869c\" data-element_type=\"widget\" data-widget_type=\"text-editor.default\">\n\t\t\t\t<div class=\"elementor-widget-container\">\n\t\t\t<style>\/*! elementor - v3.10.2 - 29-01-2023 *\/\n.elementor-widget-text-editor.elementor-drop-cap-view-stacked .elementor-drop-cap{background-color:#818a91;color:#fff}.elementor-widget-text-editor.elementor-drop-cap-view-framed .elementor-drop-cap{color:#818a91;border:3px solid;background-color:transparent}.elementor-widget-text-editor:not(.elementor-drop-cap-view-default) .elementor-drop-cap{margin-top:8px}.elementor-widget-text-editor:not(.elementor-drop-cap-view-default) .elementor-drop-cap-letter{width:1em;height:1em}.elementor-widget-text-editor .elementor-drop-cap{float:left;text-align:center;line-height:1;font-size:50px}.elementor-widget-text-editor .elementor-drop-cap-letter{display:inline-block}<\/style>\t\t\t\t<p><strong>Pachuca, Hgo., 24 de septiembre de 2024.-<\/strong>El gobernador de Hidalgo, Julio Menchaca Salazar, se reuni\u00f3 con los almirantes Jos\u00e9 Rafael Ojeda Dur\u00e1n y Raymundo Pedro Morales \u00c1ngeles, titular y pr\u00f3ximo titular de la Secretar\u00eda de Marina (SEMAR), respectivamente.<\/p><p>En el encuentro, que se desarroll\u00f3 en las instalaciones de la SEMAR, en la Ciudad de M\u00e9xico, el mandatario estatal extern\u00f3 la voluntad de su administraci\u00f3n para mantener la colaboraci\u00f3n institucional, en favor del pueblo hidalguense.<\/p><p>\u00a0<\/p>\t\t\t\t\t\t<\/div>\n\t\t\t\t<\/div>\n\t\t\t\t\t<\/div>\n\t\t<\/div>\n\t\t\t\t\t\t\t<\/div>\n\t\t<\/section>\n\t\t\t\t\t\t\t<\/div>\n\t\t","protected":false},"excerpt":{"rendered":"<p>Pachuca, Hgo., 24 de septiembre de 2024.-El gobernador de Hidalgo, Julio Menchaca Salazar, se reuni\u00f3 con los almirantes Jos\u00e9 Rafael Ojeda Dur\u00e1n y Raymundo Pedro Morales \u00c1ngeles, titular y pr\u00f3ximo titular de la Secretar\u00eda de Marina (SEMAR), respectivamente. En el encuentro, que se desarroll\u00f3 en las instalaciones de la SEMAR, en la Ciudad de M\u00e9xico, [&hellip;]<\/p>\n","protected":false},"author":1,"featured_media":56817,"comment_status":"closed","ping_status":"closed","sticky":false,"template":"","format":"standard","meta":[],"categories":[7],"tags":[],"_links":{"self":[{"href":"https:\/\/www.diarionoti7.com.mx\/index.php?rest_route=\/wp\/v2\/posts\/56815"}],"collection":[{"href":"https:\/\/www.diarionoti7.com.mx\/index.php?rest_route=\/wp\/v2\/posts"}],"about":[{"href":"https:\/\/www.diarionoti7.com.mx\/index.php?rest_route=\/wp\/v2\/types\/post"}],"author":[{"embeddable":true,"href":"https:\/\/www.diarionoti7.com.mx\/index.php?rest_route=\/wp\/v2\/users\/1"}],"replies":[{"embeddable":true,"href":"https:\/\/www.diarionoti7.com.mx\/index.php?rest_route=%2Fwp%2Fv2%2Fcomments&post=56815"}],"version-history":[{"count":4,"href":"https:\/\/www.diarionoti7.com.mx\/index.php?rest_route=\/wp\/v2\/posts\/56815\/revisions"}],"predecessor-version":[{"id":56820,"href":"https:\/\/www.diarionoti7.com.mx\/index.php?rest_route=\/wp\/v2\/posts\/56815\/revisions\/56820"}],"wp:featuredmedia":[{"embeddable":true,"href":"https:\/\/www.diarionoti7.com.mx\/index.php?rest_route=\/wp\/v2\/media\/56817"}],"wp:attachment":[{"href":"https:\/\/www.diarionoti7.com.mx\/index.php?rest_route=%2Fwp%2Fv2%2Fmedia&parent=56815"}],"wp:term":[{"taxonomy":"category","embeddable":true,"href":"https:\/\/www.diarionoti7.com.mx\/index.php?rest_route=%2Fwp%2Fv2%2Fcategories&post=56815"},{"taxonomy":"post_tag","embeddable":true,"href":"https:\/\/www.diarionoti7.com.mx\/index.php?rest_route=%2Fwp%2Fv2%2Ftags&post=56815"}],"curies":[{"name":"wp","href":"https:\/\/api.w.org\/{rel}","templated":true}]}}