{"id":56797,"date":"2024-09-25T09:49:36","date_gmt":"2024-09-25T09:49:36","guid":{"rendered":"https:\/\/www.diarionoti7.com.mx\/?p=56797"},"modified":"2024-09-25T17:50:22","modified_gmt":"2024-09-25T17:50:22","slug":"la-cultura-y-el-espacio-publico-son-derechos-prioritarios-para-la-cuarta-transformacion-claudia-sheinbaum","status":"publish","type":"post","link":"https:\/\/www.diarionoti7.com.mx\/?p=56797","title":{"rendered":"La Cultura y El Espacio P\u00fablico Son Derechos Prioritarios Para La Cuarta Transformaci\u00f3n: Claudia Sheinbaum"},"content":{"rendered":"\t\t<div data-elementor-type=\"wp-post\" data-elementor-id=\"56797\" class=\"elementor elementor-56797\">\n\t\t\t\t\t\t\t\t\t<section class=\"elementor-section elementor-top-section elementor-element elementor-element-c09b8f0 elementor-section-boxed elementor-section-height-default elementor-section-height-default\" data-id=\"c09b8f0\" data-element_type=\"section\">\n\t\t\t\t\t\t<div class=\"elementor-container elementor-column-gap-default\">\n\t\t\t\t\t<div class=\"elementor-column elementor-col-100 elementor-top-column elementor-element elementor-element-955a561\" data-id=\"955a561\" data-element_type=\"column\">\n\t\t\t<div class=\"elementor-widget-wrap elementor-element-populated\">\n\t\t\t\t\t\t\t\t<div class=\"elementor-element elementor-element-0ce869c elementor-widget elementor-widget-text-editor\" data-id=\"0ce869c\" data-element_type=\"widget\" data-widget_type=\"text-editor.default\">\n\t\t\t\t<div class=\"elementor-widget-container\">\n\t\t\t<style>\/*! elementor - v3.10.2 - 29-01-2023 *\/\n.elementor-widget-text-editor.elementor-drop-cap-view-stacked .elementor-drop-cap{background-color:#818a91;color:#fff}.elementor-widget-text-editor.elementor-drop-cap-view-framed .elementor-drop-cap{color:#818a91;border:3px solid;background-color:transparent}.elementor-widget-text-editor:not(.elementor-drop-cap-view-default) .elementor-drop-cap{margin-top:8px}.elementor-widget-text-editor:not(.elementor-drop-cap-view-default) .elementor-drop-cap-letter{width:1em;height:1em}.elementor-widget-text-editor .elementor-drop-cap{float:left;text-align:center;line-height:1;font-size:50px}.elementor-widget-text-editor .elementor-drop-cap-letter{display:inline-block}<\/style>\t\t\t\t<p><strong>-\u201cNo puede convertirse un espacio p\u00fablico en un espacio privado\u201d, afirm\u00f3 Claudia Sheinbaum tras el rescate de la Cuarta Secci\u00f3n del Bosque de Chapultepec que hoy fue inaugurada<\/strong><\/p><p><strong>-\u201cSomos una hermandad que se va a seguir construyendo con el segundo piso de la Cuarta Transformaci\u00f3n\u201d, asegur\u00f3 la Presidenta Electa de M\u00e9xico<\/strong><\/p><p><strong>-\u201cSe han sentado las bases de la Transformaci\u00f3n y es muy satisfactorio que la continuidad va a estar a cargo de una mujer excepcional\u201d, celebr\u00f3 el Presidente, Andr\u00e9s Manuel L\u00f3pez Obrador<\/strong><\/p><p><strong>Ciudad de M\u00e9xico, \u00a024 de septiembre de 2024.-<\/strong> Garantizar el acceso a la cultura y a los espacios p\u00fablicos como derechos del pueblo de M\u00e9xico, es una de las prioridades en el segundo piso de la Cuarta Transformaci\u00f3n, afirm\u00f3 la Presidenta Electa de la Rep\u00fablica, Claudia Sheinbaum Pardo, tras acompa\u00f1ar al Presidente, Andr\u00e9s Manuel L\u00f3pez Obrador, a la inauguraci\u00f3n de la Cuarta Secci\u00f3n del Bosque de Chapultepec y la L\u00ednea 3 del Cableb\u00fas.<\/p><p>\u201cAs\u00ed que, el d\u00eda de hoy, lo que decimos con este proyecto es que: Chapultepec es naturaleza, es cultura y es un espacio p\u00fablico desde hace 3 mil a\u00f1os, y va a seguir siendo un espacio p\u00fablico; porque la cultura es un derecho, porque el espacio p\u00fablico es un derecho y porque la Cuarta Transformaci\u00f3n representa los derechos del pueblo de M\u00e9xico\u201d, celebr\u00f3.<\/p><p>Claudia Sheinbaum dio a conocer c\u00f3mo hace casi seis a\u00f1os, en su gesti\u00f3n como Jefa de Gobierno de la Ciudad de M\u00e9xico, le toc\u00f3, junto con el equipo de la Secretar\u00eda de Cultura federal, rescatar la Cuarta Secci\u00f3n del Bosque de Chapultepec, que el gobierno anterior buscaba privatizar y convertirla en un nuevo desarrollo inmobiliario.<\/p><p>\u201cEsta Cuarta Secci\u00f3n quer\u00eda ser privatizada por el anterior gobierno. Se trataba de mover la Industria Militar a otra zona, pero este lugar -en donde estamos ahora- lo que quer\u00edan era convertirlo en un segundo Santa Fe. Entonces nos cit\u00f3 el Presidente, estaba creo que Alejandra ya, tambi\u00e9n y nos dijo: \u00b4bueno, \u00bfqu\u00e9 hacemos? \u00b4 Y, por supuesto, dijimos conjuntamente: \u00b4pues hay que defender esta zona, no puede convertirse en un nuevo desarrollo inmobiliario y convertir un espacio p\u00fablico en un espacio privado\u00b4 (\u2026) Todo eso se decidi\u00f3 aqu\u00ed, hace m\u00e1s de seis a\u00f1os porque en realidad o casi seis a\u00f1os que estuvimos aqu\u00ed y hoy, tenemos esta realidad. As\u00ed que se decidi\u00f3, porque es por convicci\u00f3n, que un espacio p\u00fablico siempre debe ser un espacio p\u00fablico\u201d, record\u00f3.<\/p><p>Se\u00f1al\u00f3 que la historia para rescatar el Bosque de Chapultepec se remonta a hace m\u00e1s de 20 a\u00f1os, cuando el entonces Jefe de Gobierno, Andr\u00e9s Manuel L\u00f3pez Obrador y ella como Secretaria de Medio Ambiente del Distrito Federal, inauguraron el rescate de la primera secci\u00f3n. Con esos a\u00f1os de lucha, Claudia Sheinbaum reconoci\u00f3 que la Cuarta Transformaci\u00f3n se ha convertido en una hermandad, que va a continuar en esta segunda etapa que inicia el pr\u00f3ximo 1 de octubre.<\/p><p>\u201cY el d\u00eda de hoy, con todos ustedes, que nos conocemos tanto y que nos hemos visto tantas veces en esta lucha, lo que puedo decir es que somos una hermandad. Una hermandad que se construye, que se ha construido a lo largo de estos a\u00f1os de lucha y que se va a seguir construyendo con el Segundo Piso de la Cuarta Transformaci\u00f3n.\u201d, asever\u00f3.<\/p><p>Por su parte, el Presidente Andr\u00e9s Manuel L\u00f3pez Obrador, destac\u00f3 que las bases de la Transformaci\u00f3n ya est\u00e1n puestas y celebr\u00f3 que la continuidad del proyecto quede en manos de una mujer excepcional como Claudia Sheinbaum.<\/p><p>\u201cSe han sentado las bases de la Transformaci\u00f3n y es tambi\u00e9n muy satisfactorio el que la continuidad con cambio va a estar a cargo de una mujer excepcional, una mujer inteligente, preparada, con experiencia, sensible, honesta, de buenos sentimientos, de buen coraz\u00f3n: eso es Claudia, la pr\u00f3xima Presidenta\u201d, se\u00f1al\u00f3.<\/p><p>\u00a0<\/p>\t\t\t\t\t\t<\/div>\n\t\t\t\t<\/div>\n\t\t\t\t\t<\/div>\n\t\t<\/div>\n\t\t\t\t\t\t\t<\/div>\n\t\t<\/section>\n\t\t\t\t\t\t\t<\/div>\n\t\t","protected":false},"excerpt":{"rendered":"<p>-\u201cNo puede convertirse un espacio p\u00fablico en un espacio privado\u201d, afirm\u00f3 Claudia Sheinbaum tras el rescate de la Cuarta Secci\u00f3n del Bosque de Chapultepec que hoy fue inaugurada -\u201cSomos una hermandad que se va a seguir construyendo con el segundo piso de la Cuarta Transformaci\u00f3n\u201d, asegur\u00f3 la Presidenta Electa de M\u00e9xico -\u201cSe han sentado las [&hellip;]<\/p>\n","protected":false},"author":1,"featured_media":56799,"comment_status":"closed","ping_status":"closed","sticky":false,"template":"","format":"standard","meta":[],"categories":[3],"tags":[],"_links":{"self":[{"href":"https:\/\/www.diarionoti7.com.mx\/index.php?rest_route=\/wp\/v2\/posts\/56797"}],"collection":[{"href":"https:\/\/www.diarionoti7.com.mx\/index.php?rest_route=\/wp\/v2\/posts"}],"about":[{"href":"https:\/\/www.diarionoti7.com.mx\/index.php?rest_route=\/wp\/v2\/types\/post"}],"author":[{"embeddable":true,"href":"https:\/\/www.diarionoti7.com.mx\/index.php?rest_route=\/wp\/v2\/users\/1"}],"replies":[{"embeddable":true,"href":"https:\/\/www.diarionoti7.com.mx\/index.php?rest_route=%2Fwp%2Fv2%2Fcomments&post=56797"}],"version-history":[{"count":4,"href":"https:\/\/www.diarionoti7.com.mx\/index.php?rest_route=\/wp\/v2\/posts\/56797\/revisions"}],"predecessor-version":[{"id":56802,"href":"https:\/\/www.diarionoti7.com.mx\/index.php?rest_route=\/wp\/v2\/posts\/56797\/revisions\/56802"}],"wp:featuredmedia":[{"embeddable":true,"href":"https:\/\/www.diarionoti7.com.mx\/index.php?rest_route=\/wp\/v2\/media\/56799"}],"wp:attachment":[{"href":"https:\/\/www.diarionoti7.com.mx\/index.php?rest_route=%2Fwp%2Fv2%2Fmedia&parent=56797"}],"wp:term":[{"taxonomy":"category","embeddable":true,"href":"https:\/\/www.diarionoti7.com.mx\/index.php?rest_route=%2Fwp%2Fv2%2Fcategories&post=56797"},{"taxonomy":"post_tag","embeddable":true,"href":"https:\/\/www.diarionoti7.com.mx\/index.php?rest_route=%2Fwp%2Fv2%2Ftags&post=56797"}],"curies":[{"name":"wp","href":"https:\/\/api.w.org\/{rel}","templated":true}]}}