{"id":56791,"date":"2024-09-25T09:48:00","date_gmt":"2024-09-25T09:48:00","guid":{"rendered":"https:\/\/www.diarionoti7.com.mx\/?p=56791"},"modified":"2024-09-25T17:49:00","modified_gmt":"2024-09-25T17:49:00","slug":"sipdus-y-sebiso-comienzan-segundo-curso-de-lengua-de-senas-mexicanas","status":"publish","type":"post","link":"https:\/\/www.diarionoti7.com.mx\/?p=56791","title":{"rendered":"SIPDUS y Sebiso Comienzan Segundo Curso de Lengua de Se\u00f1as Mexicanas"},"content":{"rendered":"\t\t<div data-elementor-type=\"wp-post\" data-elementor-id=\"56791\" class=\"elementor elementor-56791\">\n\t\t\t\t\t\t\t\t\t<section class=\"elementor-section elementor-top-section elementor-element elementor-element-c09b8f0 elementor-section-boxed elementor-section-height-default elementor-section-height-default\" data-id=\"c09b8f0\" data-element_type=\"section\">\n\t\t\t\t\t\t<div class=\"elementor-container elementor-column-gap-default\">\n\t\t\t\t\t<div class=\"elementor-column elementor-col-100 elementor-top-column elementor-element elementor-element-955a561\" data-id=\"955a561\" data-element_type=\"column\">\n\t\t\t<div class=\"elementor-widget-wrap elementor-element-populated\">\n\t\t\t\t\t\t\t\t<div class=\"elementor-element elementor-element-0ce869c elementor-widget elementor-widget-text-editor\" data-id=\"0ce869c\" data-element_type=\"widget\" data-widget_type=\"text-editor.default\">\n\t\t\t\t<div class=\"elementor-widget-container\">\n\t\t\t<style>\/*! elementor - v3.10.2 - 29-01-2023 *\/\n.elementor-widget-text-editor.elementor-drop-cap-view-stacked .elementor-drop-cap{background-color:#818a91;color:#fff}.elementor-widget-text-editor.elementor-drop-cap-view-framed .elementor-drop-cap{color:#818a91;border:3px solid;background-color:transparent}.elementor-widget-text-editor:not(.elementor-drop-cap-view-default) .elementor-drop-cap{margin-top:8px}.elementor-widget-text-editor:not(.elementor-drop-cap-view-default) .elementor-drop-cap-letter{width:1em;height:1em}.elementor-widget-text-editor .elementor-drop-cap{float:left;text-align:center;line-height:1;font-size:50px}.elementor-widget-text-editor .elementor-drop-cap-letter{display:inline-block}<\/style>\t\t\t\t<p><strong>-Para dar atenci\u00f3n a personas sordas que solicitan servicios en la SIPDUS<\/strong><\/p><p><strong>Pachuca, Hgo., 24 de septiembre de 2024.-<\/strong>La Secretar\u00eda de Infraestructura P\u00fablica y Desarrollo Urbano Sostenible (SIPDUS) comenz\u00f3 el segundo curso de Lengua de Se\u00f1as Mexicana (LSM) que impartir\u00e1 personal de la Secretar\u00eda de Bienestar e Inclusi\u00f3n Social (Sebiso).<\/p><p>Alejandro S\u00e1nchez Garc\u00eda y Ricardo G\u00f3mez Moreno, titulares de ambas secretar\u00edas destacaron la importancia y el compromiso del personal de la SIPDUS para, en un esfuerzo de inclusi\u00f3n, aprender y obtener las competencias que les permitan comunicarse con las personas con discapacidad que recurren a solicitar informaci\u00f3n o un servicio.<\/p><p>Un total de 21 personas comenzaron el segundo curso que tendr\u00e1 una duraci\u00f3n de 24 horas y que ser\u00e1 impartido en sesiones semanales por Estefan\u00eda Rodr\u00edguez Cruz, jefa de Capacitaci\u00f3n de la Direcci\u00f3n General de Inclusi\u00f3n para las Personas con Discapacidad y por Ana Mar\u00eda Lara Castellanos como int\u00e9rprete.<\/p><p>El titular de la SIPDUS manifest\u00f3 que Alfonso Hayyim Flores Barrera, director general de Inclusi\u00f3n para las Personas con Discapacidad ha compartido perfiles de personal que podr\u00eda incluirse a la plantilla laboral de la SIPDUS. Incluso personas que ya laboran en la dependencia, tienen un excelente desempe\u00f1o.<\/p><p>\u201cSabemos que este tipo de cursos nos orientan a nosotros de c\u00f3mo tenemos que cambiar nuestra manera de ver a los que decimos que tienen una discapacidad, porque hay que aceptar que a veces los que tenemos la discapacidad de no entender, somos nosotros, y que a final de cuentas tenemos que cambiar nuestra manera de ver las cosas, porque debemos ser incluyentes y capaces de trabajar con ellos y con ellas\u201d, afirm\u00f3 el titular de la Secretar\u00eda de Bienestar e Inclusi\u00f3n Social.<\/p><p>A su vez, Alfonso Hayyim Flores Barrera, director general de Inclusi\u00f3n para las Personas con Discapacidad coment\u00f3 que es importante que haya una colaboraci\u00f3n interinstitucional que permita la apertura de personas con discapacidad, y lo logrado con SIPDUS, espera se pueda replicar en m\u00e1s espacios gubernamentales y privados, y es en ello que ya se ocupa.<\/p><p>Finalmente, Alan Jair Hern\u00e1ndez Molina, trabajador sordo de la SIPDUS agradeci\u00f3 el apoyo de las dependencias, y reconoci\u00f3 que le es m\u00e1s f\u00e1cil expresarse en su ambiente de trabajo gracias al primer curso impartido del lenguaje de se\u00f1as.<\/p>\t\t\t\t\t\t<\/div>\n\t\t\t\t<\/div>\n\t\t\t\t\t<\/div>\n\t\t<\/div>\n\t\t\t\t\t\t\t<\/div>\n\t\t<\/section>\n\t\t\t\t\t\t\t<\/div>\n\t\t","protected":false},"excerpt":{"rendered":"<p>-Para dar atenci\u00f3n a personas sordas que solicitan servicios en la SIPDUS Pachuca, Hgo., 24 de septiembre de 2024.-La Secretar\u00eda de Infraestructura P\u00fablica y Desarrollo Urbano Sostenible (SIPDUS) comenz\u00f3 el segundo curso de Lengua de Se\u00f1as Mexicana (LSM) que impartir\u00e1 personal de la Secretar\u00eda de Bienestar e Inclusi\u00f3n Social (Sebiso). Alejandro S\u00e1nchez Garc\u00eda y Ricardo [&hellip;]<\/p>\n","protected":false},"author":1,"featured_media":56793,"comment_status":"closed","ping_status":"closed","sticky":false,"template":"","format":"standard","meta":[],"categories":[7],"tags":[],"_links":{"self":[{"href":"https:\/\/www.diarionoti7.com.mx\/index.php?rest_route=\/wp\/v2\/posts\/56791"}],"collection":[{"href":"https:\/\/www.diarionoti7.com.mx\/index.php?rest_route=\/wp\/v2\/posts"}],"about":[{"href":"https:\/\/www.diarionoti7.com.mx\/index.php?rest_route=\/wp\/v2\/types\/post"}],"author":[{"embeddable":true,"href":"https:\/\/www.diarionoti7.com.mx\/index.php?rest_route=\/wp\/v2\/users\/1"}],"replies":[{"embeddable":true,"href":"https:\/\/www.diarionoti7.com.mx\/index.php?rest_route=%2Fwp%2Fv2%2Fcomments&post=56791"}],"version-history":[{"count":4,"href":"https:\/\/www.diarionoti7.com.mx\/index.php?rest_route=\/wp\/v2\/posts\/56791\/revisions"}],"predecessor-version":[{"id":56796,"href":"https:\/\/www.diarionoti7.com.mx\/index.php?rest_route=\/wp\/v2\/posts\/56791\/revisions\/56796"}],"wp:featuredmedia":[{"embeddable":true,"href":"https:\/\/www.diarionoti7.com.mx\/index.php?rest_route=\/wp\/v2\/media\/56793"}],"wp:attachment":[{"href":"https:\/\/www.diarionoti7.com.mx\/index.php?rest_route=%2Fwp%2Fv2%2Fmedia&parent=56791"}],"wp:term":[{"taxonomy":"category","embeddable":true,"href":"https:\/\/www.diarionoti7.com.mx\/index.php?rest_route=%2Fwp%2Fv2%2Fcategories&post=56791"},{"taxonomy":"post_tag","embeddable":true,"href":"https:\/\/www.diarionoti7.com.mx\/index.php?rest_route=%2Fwp%2Fv2%2Ftags&post=56791"}],"curies":[{"name":"wp","href":"https:\/\/api.w.org\/{rel}","templated":true}]}}