{"id":5676,"date":"2023-04-02T18:00:32","date_gmt":"2023-04-02T18:00:32","guid":{"rendered":"https:\/\/www.diarionoti7.com.mx\/?p=5676"},"modified":"2023-04-02T18:02:00","modified_gmt":"2023-04-02T18:02:00","slug":"rutasdelatransformacion-hoy-en-santiago-de-anaya-anunciamos-la-construccion-del-sistema-de-agua-potable-jms","status":"publish","type":"post","link":"https:\/\/www.diarionoti7.com.mx\/?p=5676","title":{"rendered":"\u201cRutasDeLaTransformaci\u00f3n .\u201d Hoy en #Santiago De Anaya Anunciamos La Construcci\u00f3n Del Sistema De Agua Potable: JMS"},"content":{"rendered":"\t\t<div data-elementor-type=\"wp-post\" data-elementor-id=\"5676\" class=\"elementor elementor-5676\">\n\t\t\t\t\t\t\t\t\t<section class=\"elementor-section elementor-top-section elementor-element elementor-element-51c23a4c elementor-section-boxed elementor-section-height-default elementor-section-height-default\" data-id=\"51c23a4c\" data-element_type=\"section\">\n\t\t\t\t\t\t<div class=\"elementor-container elementor-column-gap-default\">\n\t\t\t\t\t<div class=\"elementor-column elementor-col-100 elementor-top-column elementor-element elementor-element-7d2e0b6e\" data-id=\"7d2e0b6e\" data-element_type=\"column\">\n\t\t\t<div class=\"elementor-widget-wrap elementor-element-populated\">\n\t\t\t\t\t\t\t\t<div class=\"elementor-element elementor-element-2f2290cd elementor-widget elementor-widget-text-editor\" data-id=\"2f2290cd\" data-element_type=\"widget\" data-widget_type=\"text-editor.default\">\n\t\t\t\t<div class=\"elementor-widget-container\">\n\t\t\t<style>\/*! elementor - v3.10.2 - 29-01-2023 *\/\n.elementor-widget-text-editor.elementor-drop-cap-view-stacked .elementor-drop-cap{background-color:#818a91;color:#fff}.elementor-widget-text-editor.elementor-drop-cap-view-framed .elementor-drop-cap{color:#818a91;border:3px solid;background-color:transparent}.elementor-widget-text-editor:not(.elementor-drop-cap-view-default) .elementor-drop-cap{margin-top:8px}.elementor-widget-text-editor:not(.elementor-drop-cap-view-default) .elementor-drop-cap-letter{width:1em;height:1em}.elementor-widget-text-editor .elementor-drop-cap{float:left;text-align:center;line-height:1;font-size:50px}.elementor-widget-text-editor .elementor-drop-cap-letter{display:inline-block}<\/style>\t\t\t\t<p><strong>Pachuca, Hgo., 1 de abril de 2023.- <\/strong>Me da mucha emoci\u00f3n continuar con las <a href=\"https:\/\/www.facebook.com\/hashtag\/rutasdelatransformaci%C3%B3n?__eep__=6&amp;__cft__%5b0%5d=AZXJk_JNoLBSq246_yBCGtxuyKQraE2M8kTCFw4w6-3nxLR7AOei3ezp9XG40lV94PkZxVuxc89TRWBxILKWCbdKwtHHlu58M_G3JigCQsUjyXU2Lpn3tskXnnM6SNUli5txKAu9P53mF3dGiyoLZmg5dqHn0kBp1t2chVBi9ReBdcSNYZUP7zvdCWtg9sREtq0&amp;__tn__=*NK-R\">\u201cRutasDeLaTransformaci\u00f3n<\/a>.\u201d Hoy en <a href=\"https:\/\/www.facebook.com\/hashtag\/santiagodeanaya?__eep__=6&amp;__cft__%5b0%5d=AZXJk_JNoLBSq246_yBCGtxuyKQraE2M8kTCFw4w6-3nxLR7AOei3ezp9XG40lV94PkZxVuxc89TRWBxILKWCbdKwtHHlu58M_G3JigCQsUjyXU2Lpn3tskXnnM6SNUli5txKAu9P53mF3dGiyoLZmg5dqHn0kBp1t2chVBi9ReBdcSNYZUP7zvdCWtg9sREtq0&amp;__tn__=*NK-R\">#Santiago De Anaya<\/a> anunciamos la construcci\u00f3n del sistema de agua potable en Patria Nueva beneficiando a m\u00e1s de 2 mil habitantes, adem\u00e1s de la conclusi\u00f3n de la rehabilitaci\u00f3n del pozo profundo y ampliaci\u00f3n del sistema de agua en Gonz\u00e1lez Ortega con una inversi\u00f3n de 3 millones, dio a conocer el gobernador julio menchaca en sus redes sociales.<\/p><p>Agreg\u00f3 que Para mejorar carreteras y caminos, anunciamos la pavimentaci\u00f3n hidr\u00e1ulica del acceso principal Boxani &#8211; Santa M\u00f3nica &#8211; El Sitio, obra que beneficiar\u00e1 el desarrollo en estas regiones. Sumamos esfuerzos para garantizar el bienestar de las y los hidalguenses en los 84 municipios.<\/p><p>La Secretar\u00eda de Finanzas P\u00fablicas instal\u00f3 su Consejo General de Planeaci\u00f3n para la Agenda de G\u00e9nero, el cual tiene como objetivo, asegurar que la perspectiva de g\u00e9nero se refleje de forma estrat\u00e9gica, transversal, coherente y expl\u00edcita en las pol\u00edticas p\u00fablicas de esta dependencia.<\/p>\t\t\t\t\t\t<\/div>\n\t\t\t\t<\/div>\n\t\t\t\t\t<\/div>\n\t\t<\/div>\n\t\t\t\t\t\t\t<\/div>\n\t\t<\/section>\n\t\t\t\t\t\t\t<\/div>\n\t\t","protected":false},"excerpt":{"rendered":"<p>Pachuca, Hgo., 1 de abril de 2023.- Me da mucha emoci\u00f3n continuar con las \u201cRutasDeLaTransformaci\u00f3n.\u201d Hoy en #Santiago De Anaya anunciamos la construcci\u00f3n del sistema de agua potable en Patria Nueva beneficiando a m\u00e1s de 2 mil habitantes, adem\u00e1s de la conclusi\u00f3n de la rehabilitaci\u00f3n del pozo profundo y ampliaci\u00f3n del sistema de agua en [&hellip;]<\/p>\n","protected":false},"author":1,"featured_media":5678,"comment_status":"closed","ping_status":"closed","sticky":false,"template":"","format":"standard","meta":[],"categories":[7],"tags":[],"_links":{"self":[{"href":"https:\/\/www.diarionoti7.com.mx\/index.php?rest_route=\/wp\/v2\/posts\/5676"}],"collection":[{"href":"https:\/\/www.diarionoti7.com.mx\/index.php?rest_route=\/wp\/v2\/posts"}],"about":[{"href":"https:\/\/www.diarionoti7.com.mx\/index.php?rest_route=\/wp\/v2\/types\/post"}],"author":[{"embeddable":true,"href":"https:\/\/www.diarionoti7.com.mx\/index.php?rest_route=\/wp\/v2\/users\/1"}],"replies":[{"embeddable":true,"href":"https:\/\/www.diarionoti7.com.mx\/index.php?rest_route=%2Fwp%2Fv2%2Fcomments&post=5676"}],"version-history":[{"count":4,"href":"https:\/\/www.diarionoti7.com.mx\/index.php?rest_route=\/wp\/v2\/posts\/5676\/revisions"}],"predecessor-version":[{"id":5681,"href":"https:\/\/www.diarionoti7.com.mx\/index.php?rest_route=\/wp\/v2\/posts\/5676\/revisions\/5681"}],"wp:featuredmedia":[{"embeddable":true,"href":"https:\/\/www.diarionoti7.com.mx\/index.php?rest_route=\/wp\/v2\/media\/5678"}],"wp:attachment":[{"href":"https:\/\/www.diarionoti7.com.mx\/index.php?rest_route=%2Fwp%2Fv2%2Fmedia&parent=5676"}],"wp:term":[{"taxonomy":"category","embeddable":true,"href":"https:\/\/www.diarionoti7.com.mx\/index.php?rest_route=%2Fwp%2Fv2%2Fcategories&post=5676"},{"taxonomy":"post_tag","embeddable":true,"href":"https:\/\/www.diarionoti7.com.mx\/index.php?rest_route=%2Fwp%2Fv2%2Ftags&post=5676"}],"curies":[{"name":"wp","href":"https:\/\/api.w.org\/{rel}","templated":true}]}}