{"id":56755,"date":"2024-09-25T09:40:02","date_gmt":"2024-09-25T09:40:02","guid":{"rendered":"https:\/\/www.diarionoti7.com.mx\/?p=56755"},"modified":"2024-09-25T17:41:18","modified_gmt":"2024-09-25T17:41:18","slug":"pide-edda-vite-atender-focos-rojos-en-las-regiones-cercanas-a-la-capital","status":"publish","type":"post","link":"https:\/\/www.diarionoti7.com.mx\/?p=56755","title":{"rendered":"Pide Edda Vite Atender Focos Rojos en Las Regiones Cercanas a la Capital"},"content":{"rendered":"\t\t<div data-elementor-type=\"wp-post\" data-elementor-id=\"56755\" class=\"elementor elementor-56755\">\n\t\t\t\t\t\t\t\t\t<section class=\"elementor-section elementor-top-section elementor-element elementor-element-c09b8f0 elementor-section-boxed elementor-section-height-default elementor-section-height-default\" data-id=\"c09b8f0\" data-element_type=\"section\">\n\t\t\t\t\t\t<div class=\"elementor-container elementor-column-gap-default\">\n\t\t\t\t\t<div class=\"elementor-column elementor-col-100 elementor-top-column elementor-element elementor-element-955a561\" data-id=\"955a561\" data-element_type=\"column\">\n\t\t\t<div class=\"elementor-widget-wrap elementor-element-populated\">\n\t\t\t\t\t\t\t\t<div class=\"elementor-element elementor-element-0ce869c elementor-widget elementor-widget-text-editor\" data-id=\"0ce869c\" data-element_type=\"widget\" data-widget_type=\"text-editor.default\">\n\t\t\t\t<div class=\"elementor-widget-container\">\n\t\t\t<style>\/*! elementor - v3.10.2 - 29-01-2023 *\/\n.elementor-widget-text-editor.elementor-drop-cap-view-stacked .elementor-drop-cap{background-color:#818a91;color:#fff}.elementor-widget-text-editor.elementor-drop-cap-view-framed .elementor-drop-cap{color:#818a91;border:3px solid;background-color:transparent}.elementor-widget-text-editor:not(.elementor-drop-cap-view-default) .elementor-drop-cap{margin-top:8px}.elementor-widget-text-editor:not(.elementor-drop-cap-view-default) .elementor-drop-cap-letter{width:1em;height:1em}.elementor-widget-text-editor .elementor-drop-cap{float:left;text-align:center;line-height:1;font-size:50px}.elementor-widget-text-editor .elementor-drop-cap-letter{display:inline-block}<\/style>\t\t\t\t<p><strong>Pachuca, Hgo., 24 de septiembre de 2024.-<\/strong>Durante la Reuni\u00f3n Regional para el Fortalecimiento de los Sistemas Municipales DIF con cabecera en Mineral de la Reforma y Pachuca de Soto, Edda Vite, presidenta del Patronato del Sistema DIFH, pidi\u00f3 a las y los titulares de las administraciones entrantes trabajar de manera cercana con la poblaci\u00f3n que presenta altos \u00edndices de inseguridad alimentaria, pobreza extrema y rezago educativo.<\/p><p>Para tal efecto, hizo un llamado a todas las instancias a dar continuidad a las gestiones necesarias para dar marcha a la transici\u00f3n de desayunos fr\u00edos a calientes en las escuelas de educaci\u00f3n preescolar.<\/p><p>De igual forma, los anim\u00f3 a tocar las puertas de la iniciativa privada, as\u00ed como de asociaciones civiles para conformar patronatos y voluntariados que permitan dar respuestas a las necesidades m\u00e1s sentidas de la poblaci\u00f3n que se encuentra en las comunidades alejadas del centro de la ciudad.<\/p><p>Finalmente, solicit\u00f3 a alcaldes, regidores y miembros de las asambleas de Epazoyucan, Huasca de Ocampo, Mineral del Chico, Mineral del Monte, Mineral de la Reforma, Omitl\u00e1n de Ju\u00e1rez, Pachuca de Soto, San Agust\u00edn Tlaxiaca y Zapotl\u00e1n de Ju\u00e1rez, a mirar a los DIF como un eje de las pol\u00edticas p\u00fablicas, debido a que en sus programas se encuentra lo necesario para fomentar el desarrollo de los grupos prioritarios de sus municipios.<\/p>\t\t\t\t\t\t<\/div>\n\t\t\t\t<\/div>\n\t\t\t\t\t<\/div>\n\t\t<\/div>\n\t\t\t\t\t\t\t<\/div>\n\t\t<\/section>\n\t\t\t\t\t\t\t<\/div>\n\t\t","protected":false},"excerpt":{"rendered":"<p>Pachuca, Hgo., 24 de septiembre de 2024.-Durante la Reuni\u00f3n Regional para el Fortalecimiento de los Sistemas Municipales DIF con cabecera en Mineral de la Reforma y Pachuca de Soto, Edda Vite, presidenta del Patronato del Sistema DIFH, pidi\u00f3 a las y los titulares de las administraciones entrantes trabajar de manera cercana con la poblaci\u00f3n que [&hellip;]<\/p>\n","protected":false},"author":1,"featured_media":56757,"comment_status":"closed","ping_status":"closed","sticky":false,"template":"","format":"standard","meta":[],"categories":[9],"tags":[],"_links":{"self":[{"href":"https:\/\/www.diarionoti7.com.mx\/index.php?rest_route=\/wp\/v2\/posts\/56755"}],"collection":[{"href":"https:\/\/www.diarionoti7.com.mx\/index.php?rest_route=\/wp\/v2\/posts"}],"about":[{"href":"https:\/\/www.diarionoti7.com.mx\/index.php?rest_route=\/wp\/v2\/types\/post"}],"author":[{"embeddable":true,"href":"https:\/\/www.diarionoti7.com.mx\/index.php?rest_route=\/wp\/v2\/users\/1"}],"replies":[{"embeddable":true,"href":"https:\/\/www.diarionoti7.com.mx\/index.php?rest_route=%2Fwp%2Fv2%2Fcomments&post=56755"}],"version-history":[{"count":4,"href":"https:\/\/www.diarionoti7.com.mx\/index.php?rest_route=\/wp\/v2\/posts\/56755\/revisions"}],"predecessor-version":[{"id":56760,"href":"https:\/\/www.diarionoti7.com.mx\/index.php?rest_route=\/wp\/v2\/posts\/56755\/revisions\/56760"}],"wp:featuredmedia":[{"embeddable":true,"href":"https:\/\/www.diarionoti7.com.mx\/index.php?rest_route=\/wp\/v2\/media\/56757"}],"wp:attachment":[{"href":"https:\/\/www.diarionoti7.com.mx\/index.php?rest_route=%2Fwp%2Fv2%2Fmedia&parent=56755"}],"wp:term":[{"taxonomy":"category","embeddable":true,"href":"https:\/\/www.diarionoti7.com.mx\/index.php?rest_route=%2Fwp%2Fv2%2Fcategories&post=56755"},{"taxonomy":"post_tag","embeddable":true,"href":"https:\/\/www.diarionoti7.com.mx\/index.php?rest_route=%2Fwp%2Fv2%2Ftags&post=56755"}],"curies":[{"name":"wp","href":"https:\/\/api.w.org\/{rel}","templated":true}]}}