{"id":56731,"date":"2024-09-25T09:34:36","date_gmt":"2024-09-25T09:34:36","guid":{"rendered":"https:\/\/www.diarionoti7.com.mx\/?p=56731"},"modified":"2024-09-25T17:35:16","modified_gmt":"2024-09-25T17:35:16","slug":"vehiculos-de-seguridad-publica-de-hidalgo-se-encuentran-en-proceso-de-baja","status":"publish","type":"post","link":"https:\/\/www.diarionoti7.com.mx\/?p=56731","title":{"rendered":"Veh\u00edculos de Seguridad P\u00fablica de Hidalgo se Encuentran en Proceso de Baja"},"content":{"rendered":"\t\t<div data-elementor-type=\"wp-post\" data-elementor-id=\"56731\" class=\"elementor elementor-56731\">\n\t\t\t\t\t\t\t\t\t<section class=\"elementor-section elementor-top-section elementor-element elementor-element-c09b8f0 elementor-section-boxed elementor-section-height-default elementor-section-height-default\" data-id=\"c09b8f0\" data-element_type=\"section\">\n\t\t\t\t\t\t<div class=\"elementor-container elementor-column-gap-default\">\n\t\t\t\t\t<div class=\"elementor-column elementor-col-100 elementor-top-column elementor-element elementor-element-955a561\" data-id=\"955a561\" data-element_type=\"column\">\n\t\t\t<div class=\"elementor-widget-wrap elementor-element-populated\">\n\t\t\t\t\t\t\t\t<div class=\"elementor-element elementor-element-0ce869c elementor-widget elementor-widget-text-editor\" data-id=\"0ce869c\" data-element_type=\"widget\" data-widget_type=\"text-editor.default\">\n\t\t\t\t<div class=\"elementor-widget-container\">\n\t\t\t<style>\/*! elementor - v3.10.2 - 29-01-2023 *\/\n.elementor-widget-text-editor.elementor-drop-cap-view-stacked .elementor-drop-cap{background-color:#818a91;color:#fff}.elementor-widget-text-editor.elementor-drop-cap-view-framed .elementor-drop-cap{color:#818a91;border:3px solid;background-color:transparent}.elementor-widget-text-editor:not(.elementor-drop-cap-view-default) .elementor-drop-cap{margin-top:8px}.elementor-widget-text-editor:not(.elementor-drop-cap-view-default) .elementor-drop-cap-letter{width:1em;height:1em}.elementor-widget-text-editor .elementor-drop-cap{float:left;text-align:center;line-height:1;font-size:50px}.elementor-widget-text-editor .elementor-drop-cap-letter{display:inline-block}<\/style>\t\t\t\t<p><strong>Pachuca, Hgo., 24 de septiembre de 2024.-<\/strong>La Contralor\u00eda, en colaboraci\u00f3n con la Oficial\u00eda Mayor, lleva a cabo un exhaustivo proceso de baja de 86 unidades vehiculares pertenecientes a diversas dependencias de seguridad p\u00fablica. El evento se realiz\u00f3 en el estacionamiento del centro comercial Plaza Qubika, en Zapotl\u00e1n de Ju\u00e1rez.<\/p><p>Este proceso incluy\u00f3 la revisi\u00f3n t\u00e9cnica y la firma del acta para la baja de los veh\u00edculos. Un total de 17 unidades estaban adscritas a la Secretar\u00eda de Seguridad P\u00fablica, una unidad a la Direcci\u00f3n General de Prevenci\u00f3n y Reinserci\u00f3n Social, y 68 unidades a la Subsecretar\u00eda de Operaci\u00f3n Policial.<\/p><p>La revisi\u00f3n f\u00edsica fue realizada por el taller de mantenimiento vehicular La Paz, con base en criterios rigurosos como la obsolescencia, el fin de vida \u00fatil, da\u00f1os estructurales graves y la falta de cumplimiento con las regulaciones ambientales.<\/p><p>De las 86 unidades, 66 estaban asignadas a diversas direcciones municipales en localidades como Zimap\u00e1n, Ajacuba, Tlahuelilpan y Pachuca, entre otras. Adem\u00e1s, diez veh\u00edculos pertenec\u00edan a delegaciones regionales y especializadas, como Pachuca y Huichapan, as\u00ed como unidades asignadas para transporte pesado, temas administrativos y seguridad.<\/p><p>\u00c1lvaro Bardales, titular de la Contralor\u00eda, destac\u00f3 la importancia de este proceso: \u201cNuestro objetivo es asegurar que el proceso de baja se realice de manera transparente y conforme a los criterios establecidos, para evitar el mal uso de los bienes p\u00fablicos y prevenir actos de corrupci\u00f3n\u201d.<\/p><p>La intervenci\u00f3n busca prevenir la venta ilegal de veh\u00edculos a terceros y la alteraci\u00f3n de inventarios para beneficio personal de funcionarios. Con la correcta implementaci\u00f3n de estos criterios, se asegura que solo aquellos veh\u00edculos que realmente superan su vida \u00fatil y que no cumplen con las normas vigentes sean dados de baja, lo cual evita la eliminaci\u00f3n innecesaria de activos.<\/p><p>Esta medida refleja el compromiso continuo de la Contralor\u00eda con la integridad, as\u00ed como con la rendici\u00f3n de cuentas en la administraci\u00f3n p\u00fablica estatal, lo que garantiza que los recursos y activos p\u00fablicos sean manejados con la m\u00e1xima transparencia y eficiencia.<\/p>\t\t\t\t\t\t<\/div>\n\t\t\t\t<\/div>\n\t\t\t\t\t<\/div>\n\t\t<\/div>\n\t\t\t\t\t\t\t<\/div>\n\t\t<\/section>\n\t\t\t\t\t\t\t<\/div>\n\t\t","protected":false},"excerpt":{"rendered":"<p>Pachuca, Hgo., 24 de septiembre de 2024.-La Contralor\u00eda, en colaboraci\u00f3n con la Oficial\u00eda Mayor, lleva a cabo un exhaustivo proceso de baja de 86 unidades vehiculares pertenecientes a diversas dependencias de seguridad p\u00fablica. El evento se realiz\u00f3 en el estacionamiento del centro comercial Plaza Qubika, en Zapotl\u00e1n de Ju\u00e1rez. Este proceso incluy\u00f3 la revisi\u00f3n t\u00e9cnica [&hellip;]<\/p>\n","protected":false},"author":1,"featured_media":56733,"comment_status":"closed","ping_status":"closed","sticky":false,"template":"","format":"standard","meta":[],"categories":[22],"tags":[],"_links":{"self":[{"href":"https:\/\/www.diarionoti7.com.mx\/index.php?rest_route=\/wp\/v2\/posts\/56731"}],"collection":[{"href":"https:\/\/www.diarionoti7.com.mx\/index.php?rest_route=\/wp\/v2\/posts"}],"about":[{"href":"https:\/\/www.diarionoti7.com.mx\/index.php?rest_route=\/wp\/v2\/types\/post"}],"author":[{"embeddable":true,"href":"https:\/\/www.diarionoti7.com.mx\/index.php?rest_route=\/wp\/v2\/users\/1"}],"replies":[{"embeddable":true,"href":"https:\/\/www.diarionoti7.com.mx\/index.php?rest_route=%2Fwp%2Fv2%2Fcomments&post=56731"}],"version-history":[{"count":4,"href":"https:\/\/www.diarionoti7.com.mx\/index.php?rest_route=\/wp\/v2\/posts\/56731\/revisions"}],"predecessor-version":[{"id":56736,"href":"https:\/\/www.diarionoti7.com.mx\/index.php?rest_route=\/wp\/v2\/posts\/56731\/revisions\/56736"}],"wp:featuredmedia":[{"embeddable":true,"href":"https:\/\/www.diarionoti7.com.mx\/index.php?rest_route=\/wp\/v2\/media\/56733"}],"wp:attachment":[{"href":"https:\/\/www.diarionoti7.com.mx\/index.php?rest_route=%2Fwp%2Fv2%2Fmedia&parent=56731"}],"wp:term":[{"taxonomy":"category","embeddable":true,"href":"https:\/\/www.diarionoti7.com.mx\/index.php?rest_route=%2Fwp%2Fv2%2Fcategories&post=56731"},{"taxonomy":"post_tag","embeddable":true,"href":"https:\/\/www.diarionoti7.com.mx\/index.php?rest_route=%2Fwp%2Fv2%2Ftags&post=56731"}],"curies":[{"name":"wp","href":"https:\/\/api.w.org\/{rel}","templated":true}]}}