{"id":56710,"date":"2024-09-24T09:12:41","date_gmt":"2024-09-24T09:12:41","guid":{"rendered":"https:\/\/www.diarionoti7.com.mx\/?p=56710"},"modified":"2024-09-24T18:16:46","modified_gmt":"2024-09-24T18:16:46","slug":"gobierno-de-hidalgo-impulsa-programas-de-cultura-del-agua","status":"publish","type":"post","link":"https:\/\/www.diarionoti7.com.mx\/?p=56710","title":{"rendered":"Gobierno de Hidalgo Impulsa Programas de Cultura del Agua"},"content":{"rendered":"\t\t<div data-elementor-type=\"wp-post\" data-elementor-id=\"56710\" class=\"elementor elementor-56710\">\n\t\t\t\t\t\t\t\t\t<section class=\"elementor-section elementor-top-section elementor-element elementor-element-c09b8f0 elementor-section-boxed elementor-section-height-default elementor-section-height-default\" data-id=\"c09b8f0\" data-element_type=\"section\">\n\t\t\t\t\t\t<div class=\"elementor-container elementor-column-gap-default\">\n\t\t\t\t\t<div class=\"elementor-column elementor-col-100 elementor-top-column elementor-element elementor-element-955a561\" data-id=\"955a561\" data-element_type=\"column\">\n\t\t\t<div class=\"elementor-widget-wrap elementor-element-populated\">\n\t\t\t\t\t\t\t\t<div class=\"elementor-element elementor-element-0ce869c elementor-widget elementor-widget-text-editor\" data-id=\"0ce869c\" data-element_type=\"widget\" data-widget_type=\"text-editor.default\">\n\t\t\t\t<div class=\"elementor-widget-container\">\n\t\t\t<style>\/*! elementor - v3.10.2 - 29-01-2023 *\/\n.elementor-widget-text-editor.elementor-drop-cap-view-stacked .elementor-drop-cap{background-color:#818a91;color:#fff}.elementor-widget-text-editor.elementor-drop-cap-view-framed .elementor-drop-cap{color:#818a91;border:3px solid;background-color:transparent}.elementor-widget-text-editor:not(.elementor-drop-cap-view-default) .elementor-drop-cap{margin-top:8px}.elementor-widget-text-editor:not(.elementor-drop-cap-view-default) .elementor-drop-cap-letter{width:1em;height:1em}.elementor-widget-text-editor .elementor-drop-cap{float:left;text-align:center;line-height:1;font-size:50px}.elementor-widget-text-editor .elementor-drop-cap-letter{display:inline-block}<\/style>\t\t\t\t<p><strong>&#8211;\u00a0 A trav\u00e9s del Encuentro Estatal de Cultura del Agua se podr\u00e1n compartir experiencias y casos de \u00e9xito entre diferentes instancias operadoras de agua e integrantes de la academia<\/strong><\/p><p><strong>&#8211;\u00a0 Dichas reuniones tendr\u00e1n lugar este 23 y 24 de septiembre en las instalaciones del Tuzoforum <\/strong><\/p><p>\u00a0 <strong>Pachuca, Hgo., 23 septiembre 2024.-<\/strong>En el inicio de las actividades del Encuentro Estatal de Cultura del Agua, el gobernador de Hidalgo, Julio Menchaca Salazar, exhort\u00f3 a las distintas autoridades, integrantes del sector privado y p\u00fablico en general, a tomar conciencia sobre la importancia que este recurso natural tiene en nuestras comunidades.<\/p><p>Hidalgo es un mosaico de climas y estos contrastes en el abastecimiento del agua, requieren de un Plan H\u00eddrico que ya estamos revisando con el pr\u00f3ximo gobierno federal, esto, para generar proyectos e inversiones muy fuertes para todo lo que significa el cuidado del agua en la Zona Metropolitana del Valle de M\u00e9xico, asever\u00f3 el titular del Ejecutivo estatal.<\/p><p>Durante su intervenci\u00f3n, el mandatario hidalguense lament\u00f3 que, en el transcurso del tiempo, distintas administraciones dejaron de invertir en la infraestructura h\u00eddrica, motivo por el cual, su gobierno tiene la responsabilidad de rehabilitar distintas l\u00edneas de conducci\u00f3n que posibiliten el acceso al agua para todos los sectores de la poblaci\u00f3n.<\/p><p>En ese sentido, junto a Jos\u00e9 \u00c1ngel F\u00e9lix S\u00e1nchez, director local de la Comisi\u00f3n Nacional del Agua en Hidalgo, entreg\u00f3 52 apoyos pertenecientes al programa de Fortalecimientos de Espacios de Cultura del Agua a Instancias Municipales, los cuales consisten en equipos de c\u00f3mputo, proyectores y pantallas de plasma, que representan una inversi\u00f3n de 4 millones de pesos y que permitir\u00e1n fortalecer la capacidad de cuidar y proteger este recurso vital.<\/p><p>Por su parte, Juan Carlos Ch\u00e1vez Gonz\u00e1lez, director general de la Comisi\u00f3n Estatal de Agua y Alcantarillado (CEAA), apunt\u00f3 que este encuentro celebra los avances en materia de infraestructura, a la par de llamar a la reflexi\u00f3n sobre el uso del agua en la entidad.<\/p><p>De acuerdo con el servidor p\u00fablico, al d\u00eda de hoy se han construido m\u00e1s de 80 obras en distintos municipios con el prop\u00f3sito de garantizar el derecho al acceso al agua: \u201cFortalecemos el compromiso con la gesti\u00f3n responsable del agua, reuniendo a expertos, autoridades y ciudadan\u00eda\u201d, puntualiz\u00f3.<\/p><p>Para finalizar, Menchaca Salazar conmin\u00f3 a la ciudadan\u00eda a realizar el pago puntual por el servicio de agua potable, dado que el recurso recaudado, contribuye al mejoramiento de la infraestructura, la adquisici\u00f3n de maquinaria y dem\u00e1s equipos operadores de agua.<\/p>\t\t\t\t\t\t<\/div>\n\t\t\t\t<\/div>\n\t\t\t\t\t<\/div>\n\t\t<\/div>\n\t\t\t\t\t\t\t<\/div>\n\t\t<\/section>\n\t\t\t\t<section class=\"elementor-section elementor-top-section elementor-element elementor-element-a11727b elementor-section-boxed elementor-section-height-default elementor-section-height-default\" data-id=\"a11727b\" data-element_type=\"section\">\n\t\t\t\t\t\t<div class=\"elementor-container elementor-column-gap-default\">\n\t\t\t\t\t<div class=\"elementor-column elementor-col-50 elementor-top-column elementor-element elementor-element-a5a7d5e\" data-id=\"a5a7d5e\" data-element_type=\"column\">\n\t\t\t<div class=\"elementor-widget-wrap elementor-element-populated\">\n\t\t\t\t\t\t\t\t<div class=\"elementor-element elementor-element-03d163d elementor-aspect-ratio-169 elementor-widget elementor-widget-video\" data-id=\"03d163d\" data-element_type=\"widget\" data-settings=\"{&quot;youtube_url&quot;:&quot;https:\\\/\\\/youtu.be\\\/4OYo_5HYuNg&quot;,&quot;video_type&quot;:&quot;youtube&quot;,&quot;controls&quot;:&quot;yes&quot;,&quot;aspect_ratio&quot;:&quot;169&quot;}\" data-widget_type=\"video.default\">\n\t\t\t\t<div class=\"elementor-widget-container\">\n\t\t\t<style>\/*! elementor - v3.10.2 - 29-01-2023 *\/\n.elementor-widget-video .elementor-widget-container{overflow:hidden;transform:translateZ(0)}.elementor-widget-video .elementor-open-inline .elementor-custom-embed-image-overlay{position:absolute;top:0;left:0;width:100%;height:100%;background-size:cover;background-position:50%}.elementor-widget-video .elementor-custom-embed-image-overlay{cursor:pointer;text-align:center}.elementor-widget-video .elementor-custom-embed-image-overlay:hover .elementor-custom-embed-play i{opacity:1}.elementor-widget-video .elementor-custom-embed-image-overlay img{display:block;width:100%}.elementor-widget-video .e-hosted-video .elementor-video{-o-object-fit:cover;object-fit:cover}.e-con-inner>.elementor-widget-video,.e-con>.elementor-widget-video{width:var(--container-widget-width);--flex-grow:var(--container-widget-flex-grow)}<\/style>\t\t<div class=\"elementor-wrapper elementor-fit-aspect-ratio elementor-open-inline\">\n\t\t\t<div class=\"elementor-video\"><\/div>\t\t<\/div>\n\t\t\t\t<\/div>\n\t\t\t\t<\/div>\n\t\t\t\t\t<\/div>\n\t\t<\/div>\n\t\t\t\t<div class=\"elementor-column elementor-col-50 elementor-top-column elementor-element elementor-element-5afbec1\" data-id=\"5afbec1\" data-element_type=\"column\">\n\t\t\t<div class=\"elementor-widget-wrap elementor-element-populated\">\n\t\t\t\t\t\t\t\t<div class=\"elementor-element elementor-element-f0ff8e5 elementor-aspect-ratio-169 elementor-widget elementor-widget-video\" data-id=\"f0ff8e5\" data-element_type=\"widget\" data-settings=\"{&quot;youtube_url&quot;:&quot;https:\\\/\\\/youtu.be\\\/GseV2yNz4mI&quot;,&quot;video_type&quot;:&quot;youtube&quot;,&quot;controls&quot;:&quot;yes&quot;,&quot;aspect_ratio&quot;:&quot;169&quot;}\" data-widget_type=\"video.default\">\n\t\t\t\t<div class=\"elementor-widget-container\">\n\t\t\t\t\t<div class=\"elementor-wrapper elementor-fit-aspect-ratio elementor-open-inline\">\n\t\t\t<div class=\"elementor-video\"><\/div>\t\t<\/div>\n\t\t\t\t<\/div>\n\t\t\t\t<\/div>\n\t\t\t\t\t<\/div>\n\t\t<\/div>\n\t\t\t\t\t\t\t<\/div>\n\t\t<\/section>\n\t\t\t\t\t\t\t<\/div>\n\t\t","protected":false},"excerpt":{"rendered":"<p>&#8211;\u00a0 A trav\u00e9s del Encuentro Estatal de Cultura del Agua se podr\u00e1n compartir experiencias y casos de \u00e9xito entre diferentes instancias operadoras de agua e integrantes de la academia &#8211;\u00a0 Dichas reuniones tendr\u00e1n lugar este 23 y 24 de septiembre en las instalaciones del Tuzoforum \u00a0 Pachuca, Hgo., 23 septiembre 2024.-En el inicio de las [&hellip;]<\/p>\n","protected":false},"author":1,"featured_media":56712,"comment_status":"closed","ping_status":"closed","sticky":false,"template":"","format":"standard","meta":[],"categories":[7],"tags":[],"_links":{"self":[{"href":"https:\/\/www.diarionoti7.com.mx\/index.php?rest_route=\/wp\/v2\/posts\/56710"}],"collection":[{"href":"https:\/\/www.diarionoti7.com.mx\/index.php?rest_route=\/wp\/v2\/posts"}],"about":[{"href":"https:\/\/www.diarionoti7.com.mx\/index.php?rest_route=\/wp\/v2\/types\/post"}],"author":[{"embeddable":true,"href":"https:\/\/www.diarionoti7.com.mx\/index.php?rest_route=\/wp\/v2\/users\/1"}],"replies":[{"embeddable":true,"href":"https:\/\/www.diarionoti7.com.mx\/index.php?rest_route=%2Fwp%2Fv2%2Fcomments&post=56710"}],"version-history":[{"count":4,"href":"https:\/\/www.diarionoti7.com.mx\/index.php?rest_route=\/wp\/v2\/posts\/56710\/revisions"}],"predecessor-version":[{"id":56715,"href":"https:\/\/www.diarionoti7.com.mx\/index.php?rest_route=\/wp\/v2\/posts\/56710\/revisions\/56715"}],"wp:featuredmedia":[{"embeddable":true,"href":"https:\/\/www.diarionoti7.com.mx\/index.php?rest_route=\/wp\/v2\/media\/56712"}],"wp:attachment":[{"href":"https:\/\/www.diarionoti7.com.mx\/index.php?rest_route=%2Fwp%2Fv2%2Fmedia&parent=56710"}],"wp:term":[{"taxonomy":"category","embeddable":true,"href":"https:\/\/www.diarionoti7.com.mx\/index.php?rest_route=%2Fwp%2Fv2%2Fcategories&post=56710"},{"taxonomy":"post_tag","embeddable":true,"href":"https:\/\/www.diarionoti7.com.mx\/index.php?rest_route=%2Fwp%2Fv2%2Ftags&post=56710"}],"curies":[{"name":"wp","href":"https:\/\/api.w.org\/{rel}","templated":true}]}}