{"id":56704,"date":"2024-09-24T09:09:45","date_gmt":"2024-09-24T09:09:45","guid":{"rendered":"https:\/\/www.diarionoti7.com.mx\/?p=56704"},"modified":"2024-09-24T18:12:38","modified_gmt":"2024-09-24T18:12:38","slug":"conflicto-en-cooperativa-cruz-azul-es-entre-particulares","status":"publish","type":"post","link":"https:\/\/www.diarionoti7.com.mx\/?p=56704","title":{"rendered":"Conflicto en Cooperativa Cruz Azul es Entre Particulares"},"content":{"rendered":"\t\t<div data-elementor-type=\"wp-post\" data-elementor-id=\"56704\" class=\"elementor elementor-56704\">\n\t\t\t\t\t\t\t\t\t<section class=\"elementor-section elementor-top-section elementor-element elementor-element-c09b8f0 elementor-section-boxed elementor-section-height-default elementor-section-height-default\" data-id=\"c09b8f0\" data-element_type=\"section\">\n\t\t\t\t\t\t<div class=\"elementor-container elementor-column-gap-default\">\n\t\t\t\t\t<div class=\"elementor-column elementor-col-100 elementor-top-column elementor-element elementor-element-955a561\" data-id=\"955a561\" data-element_type=\"column\">\n\t\t\t<div class=\"elementor-widget-wrap elementor-element-populated\">\n\t\t\t\t\t\t\t\t<div class=\"elementor-element elementor-element-0ce869c elementor-widget elementor-widget-text-editor\" data-id=\"0ce869c\" data-element_type=\"widget\" data-widget_type=\"text-editor.default\">\n\t\t\t\t<div class=\"elementor-widget-container\">\n\t\t\t<style>\/*! elementor - v3.10.2 - 29-01-2023 *\/\n.elementor-widget-text-editor.elementor-drop-cap-view-stacked .elementor-drop-cap{background-color:#818a91;color:#fff}.elementor-widget-text-editor.elementor-drop-cap-view-framed .elementor-drop-cap{color:#818a91;border:3px solid;background-color:transparent}.elementor-widget-text-editor:not(.elementor-drop-cap-view-default) .elementor-drop-cap{margin-top:8px}.elementor-widget-text-editor:not(.elementor-drop-cap-view-default) .elementor-drop-cap-letter{width:1em;height:1em}.elementor-widget-text-editor .elementor-drop-cap{float:left;text-align:center;line-height:1;font-size:50px}.elementor-widget-text-editor .elementor-drop-cap-letter{display:inline-block}<\/style>\t\t\t\t<p><strong>-Al momento, se ha detenido a 120 personas involucradas en los disturbios en Jasso <\/strong><\/p><p>\u00a0 <strong>Pachuca, Hgo., 23 septiembre 2024.-<\/strong>En rueda de prensa del Gabinete de Seguridad, encabezada por el secretario de Gobierno, Guillermo Olivares Reyna, se dieron a conocer los actos ocurridos en la Cooperativa Cruz Azul en la regi\u00f3n de Tula.<\/p><p>\u201cDebemos tener claro que es un conflicto entre particulares, desde luego que el gobierno del estado est\u00e1 interesado en que esto se solucione porque afecta la actividad normal en la poblaci\u00f3n, afecta el derecho laboral y se afectan muchos temas que quebrantan la tranquilidad\u201d, mencion\u00f3 Olivares Reyna.<\/p><p>Salvador Cruz Neri, secretario de Seguridad P\u00fablica, habl\u00f3 sobre el operativo que se realiz\u00f3 la ma\u00f1ana de este lunes para evitar que personas a bordo de cuatro autobuses provenientes del Estado de M\u00e9xico, armadas con palos y machetes, tomar\u00e1n por la fuerza las instalaciones de la Ciudad Cooperativa Cruz Azul.<\/p><p>La llamada de emergencia al 911 activ\u00f3 a los cuerpos policiacos, tanto del municipio como del estado, y la oportuna respuesta permiti\u00f3 que, alrededor de las seis de la ma\u00f1ana, se haya restaurado de manera oportuna el orden y la tranquilidad.<\/p><p>En una posterior intervenci\u00f3n, el secretario de Gobierno mencion\u00f3 que hay inter\u00e9s en que se solucione esta problem\u00e1tica a partir de que lo dispongan las partes afectadas, mediante la voluntad, en primer lugar, y la equidad y justicia como segundo t\u00e9rmino.<\/p><p>\u201cS\u00ed nos preocupa realmente la situaci\u00f3n precaria que viven los cooperativistas hidalguenses, y por eso es de que, antes que otra cosa, cuidamos y tratamos de preservar su seguridad personal, como afortunadamente sucedi\u00f3 el d\u00eda de hoy\u201d, expres\u00f3.<\/p><p>Hasta el momento, se ha detenido a 120 personas, quienes tendr\u00e1n que enfrentar el procedimiento debido ante la Procuradur\u00eda General de Justicia del Estado de Hidalgo (PGJEH). Ir\u00e1m Gonz\u00e1lez P\u00e9rez, subprocurador Oriente, refiri\u00f3 que la dependencia, a trav\u00e9s de la Unidad de Alto Impacto, se encuentra recibiendo las denuncias correspondientes por los hechos.<\/p><p>Inform\u00f3 que se est\u00e1 trabajando en las carpetas de investigaci\u00f3n correspondientes para esclarecer los hechos y fincar responsabilidades, adem\u00e1s de que la SSPH realiza las puestas a disposici\u00f3n de las personas detenidas durante el enfrentamiento de esta ma\u00f1ana en las inmediaciones de la planta cementera.<\/p><p>Recalc\u00f3 que la PGJEH pone a disposici\u00f3n de la poblaci\u00f3n las agencias del Ministerio P\u00fablico de la regi\u00f3n Tula-Tepeji para que denuncien cualquier hecho con caracter\u00edstica de delito derivado del conflicto.<\/p><p>Las instalaciones y alrededores del inmueble quedar\u00e1n custodiados por elementos de la Secretar\u00eda de Seguridad P\u00fablica del Estado de Hidalgo (SSPH) y la Polic\u00eda Municipal, a fin de proteger a todas las personas que habitan en esta zona de la entidad.<\/p><p>Por \u00faltimo, Ra\u00fal Serret Lara, coordinador general Jur\u00eddico del Estado, habl\u00f3 sobre los par\u00e1metros jur\u00eddicos que envuelven los conflictos en la cementera, aclarando que gobierno de Hidalgo no puede emitir un juicio de un incidente entre particulares, pero puede accionar como mediador en las negociaciones para que lleguen a un acuerdo que beneficie a ambas partes, sobre todo para quienes no han podido laborar desde que la planta entr\u00f3 en conflicto.<\/p><p>\u201cUna fracci\u00f3n est\u00e1 violentando los derechos de otra fracci\u00f3n. Entre los derechos que se est\u00e1n violentando es el de la permanencia en el trabajo. Dentro de la sociedad cooperativa, los cooperativistas no pueden ser coaccionados ni expulsados de manera unilateral, sin previa autorizaci\u00f3n de una asamblea general; si esta asamblea general, aun y con las caracter\u00edsticas de los estatutos, no valida una expulsi\u00f3n, entonces las expulsiones son il\u00edcitas\u201d, dijo.<\/p><p>La seguridad e integridad f\u00edsica de todas las personas es la prioridad central del gobierno de Hidalgo, por lo que los integrantes del Gabinete de Seguridad coordinan acciones para que no exista delito que quede impune.<\/p>\t\t\t\t\t\t<\/div>\n\t\t\t\t<\/div>\n\t\t\t\t\t<\/div>\n\t\t<\/div>\n\t\t\t\t\t\t\t<\/div>\n\t\t<\/section>\n\t\t\t\t\t\t\t<\/div>\n\t\t","protected":false},"excerpt":{"rendered":"<p>-Al momento, se ha detenido a 120 personas involucradas en los disturbios en Jasso \u00a0 Pachuca, Hgo., 23 septiembre 2024.-En rueda de prensa del Gabinete de Seguridad, encabezada por el secretario de Gobierno, Guillermo Olivares Reyna, se dieron a conocer los actos ocurridos en la Cooperativa Cruz Azul en la regi\u00f3n de Tula. \u201cDebemos tener [&hellip;]<\/p>\n","protected":false},"author":1,"featured_media":56706,"comment_status":"closed","ping_status":"closed","sticky":false,"template":"","format":"standard","meta":[],"categories":[6],"tags":[],"_links":{"self":[{"href":"https:\/\/www.diarionoti7.com.mx\/index.php?rest_route=\/wp\/v2\/posts\/56704"}],"collection":[{"href":"https:\/\/www.diarionoti7.com.mx\/index.php?rest_route=\/wp\/v2\/posts"}],"about":[{"href":"https:\/\/www.diarionoti7.com.mx\/index.php?rest_route=\/wp\/v2\/types\/post"}],"author":[{"embeddable":true,"href":"https:\/\/www.diarionoti7.com.mx\/index.php?rest_route=\/wp\/v2\/users\/1"}],"replies":[{"embeddable":true,"href":"https:\/\/www.diarionoti7.com.mx\/index.php?rest_route=%2Fwp%2Fv2%2Fcomments&post=56704"}],"version-history":[{"count":4,"href":"https:\/\/www.diarionoti7.com.mx\/index.php?rest_route=\/wp\/v2\/posts\/56704\/revisions"}],"predecessor-version":[{"id":56709,"href":"https:\/\/www.diarionoti7.com.mx\/index.php?rest_route=\/wp\/v2\/posts\/56704\/revisions\/56709"}],"wp:featuredmedia":[{"embeddable":true,"href":"https:\/\/www.diarionoti7.com.mx\/index.php?rest_route=\/wp\/v2\/media\/56706"}],"wp:attachment":[{"href":"https:\/\/www.diarionoti7.com.mx\/index.php?rest_route=%2Fwp%2Fv2%2Fmedia&parent=56704"}],"wp:term":[{"taxonomy":"category","embeddable":true,"href":"https:\/\/www.diarionoti7.com.mx\/index.php?rest_route=%2Fwp%2Fv2%2Fcategories&post=56704"},{"taxonomy":"post_tag","embeddable":true,"href":"https:\/\/www.diarionoti7.com.mx\/index.php?rest_route=%2Fwp%2Fv2%2Ftags&post=56704"}],"curies":[{"name":"wp","href":"https:\/\/api.w.org\/{rel}","templated":true}]}}