{"id":56689,"date":"2024-09-24T09:04:55","date_gmt":"2024-09-24T09:04:55","guid":{"rendered":"https:\/\/www.diarionoti7.com.mx\/?p=56689"},"modified":"2024-09-24T18:06:35","modified_gmt":"2024-09-24T18:06:35","slug":"el-gobernador-julio-menchaca-rechazo-el-uso-de-la-fuerza-para-resolver-el-conflicto-en-la-empresa-cementera-cruz-azul","status":"publish","type":"post","link":"https:\/\/www.diarionoti7.com.mx\/?p=56689","title":{"rendered":"El Gobernador Julio Menchaca Rechaz\u00f3 el Uso de la Fuerza Para Resolver el Conflicto en la Empresa Cementera Cruz Azul"},"content":{"rendered":"\t\t<div data-elementor-type=\"wp-post\" data-elementor-id=\"56689\" class=\"elementor elementor-56689\">\n\t\t\t\t\t\t\t\t\t<section class=\"elementor-section elementor-top-section elementor-element elementor-element-c09b8f0 elementor-section-boxed elementor-section-height-default elementor-section-height-default\" data-id=\"c09b8f0\" data-element_type=\"section\">\n\t\t\t\t\t\t<div class=\"elementor-container elementor-column-gap-default\">\n\t\t\t\t\t<div class=\"elementor-column elementor-col-100 elementor-top-column elementor-element elementor-element-955a561\" data-id=\"955a561\" data-element_type=\"column\">\n\t\t\t<div class=\"elementor-widget-wrap elementor-element-populated\">\n\t\t\t\t\t\t\t\t<div class=\"elementor-element elementor-element-0ce869c elementor-widget elementor-widget-text-editor\" data-id=\"0ce869c\" data-element_type=\"widget\" data-widget_type=\"text-editor.default\">\n\t\t\t\t<div class=\"elementor-widget-container\">\n\t\t\t<style>\/*! elementor - v3.10.2 - 29-01-2023 *\/\n.elementor-widget-text-editor.elementor-drop-cap-view-stacked .elementor-drop-cap{background-color:#818a91;color:#fff}.elementor-widget-text-editor.elementor-drop-cap-view-framed .elementor-drop-cap{color:#818a91;border:3px solid;background-color:transparent}.elementor-widget-text-editor:not(.elementor-drop-cap-view-default) .elementor-drop-cap{margin-top:8px}.elementor-widget-text-editor:not(.elementor-drop-cap-view-default) .elementor-drop-cap-letter{width:1em;height:1em}.elementor-widget-text-editor .elementor-drop-cap{float:left;text-align:center;line-height:1;font-size:50px}.elementor-widget-text-editor .elementor-drop-cap-letter{display:inline-block}<\/style>\t\t\t\t<p><strong>*<\/strong> <strong>Pero \u201cquien pretenda, a trav\u00e9s de la fuerza irrumpir, tendr\u00e1 la respuesta de la seguridad p\u00fablica, porque se est\u00e1 en estado de derecho&#8221;.<\/strong><\/p><p><strong>Pachuca, Hgo., 23 de septiembre 2024.- <\/strong>Este 23 de septiembre se suscit\u00f3 un ataque de personas provenientes del Estado de M\u00e9xico contra cooperativistas que resguardan las instalaciones quer\u00edan apoderarse de las instalaciones de la empresa cementera Cruz\u00a0Azul, en la localidad de\u00a0Jasso, en Tula de Allende.<\/p><p>En relaci\u00f3n a este incidente el\u00a0gobernador Julio Menchaca, luego de encabezar el\u00a0Encuentro de Estatal de la Cultura del Agua\u00a0este 23 de septiembre, rechaz\u00f3 totalmente el uso de la fuerza\u00a0para resolver el\u00a0conflicto en la empresa cementera Cruz\u00a0Azul, en la localidad de\u00a0Jasso, en Tula de Allende.<\/p><p>Por lo anterior, el mandatario invit\u00f3 a las partes a solucionarlo mediante\u00a0mesas de negociaci\u00f3n, pues de no hacerlo estar\u00e1n sujetos a una &#8220;tramitolog\u00eda&#8221; de juicios con el\u00a0agravante de car\u00e1cter penal por la p\u00e9rdida de una vida en un anterior conflicto.<\/p><p>Subray\u00f3 que los m\u00e1s interesados en remediarlo es por parte del gobierno federal y estatal, pues implica la\u00a0movilidad econ\u00f3mica y la seguridad de empleo.<\/p><p>&#8220;Hay disposici\u00f3n del estado para que haya una justa negociaci\u00f3n entre las partes, pero quien pretenda, a trav\u00e9s de la fuerza irrumpir, tendr\u00e1 la respuesta de la seguridad p\u00fablica, porque se est\u00e1 en estado de derecho&#8221;.<\/p><p>Asegur\u00f3 que\u00a0el gobierno siempre ser\u00e1 un facilitador de soluciones,\u00a0pues en varias ocasiones se ha convocado a los interesados a mesas de negociaci\u00f3n en la\u00a0Secretar\u00eda de Gobierno\u00a0y una de las partes, en algunos aspectos, no se ha mostrado flexible, por lo que consider\u00f3 que se debe estar dispuesto y tener voluntad para hallar una soluci\u00f3n.<\/p><p>Dijo que, tras el ataque, en la que confirm\u00f3 la detenci\u00f3n de m\u00e1s de 80 personas y una persona herida por proyectil de un arma de fuego, habr\u00e1 mayor seguridad en Cruz Azul en coordinaci\u00f3n con la Guardia Nacional y elementos de la 18\/a. Zona Militar.<\/p><p>Por \u00faltimo, record\u00f3 que el\u00a0conflicto data desde 2012 y hasta el momento hay una serie de juicios de car\u00e1cter penal, civil y mercantil.<\/p>\t\t\t\t\t\t<\/div>\n\t\t\t\t<\/div>\n\t\t\t\t\t<\/div>\n\t\t<\/div>\n\t\t\t\t\t\t\t<\/div>\n\t\t<\/section>\n\t\t\t\t\t\t\t<\/div>\n\t\t","protected":false},"excerpt":{"rendered":"<p>* Pero \u201cquien pretenda, a trav\u00e9s de la fuerza irrumpir, tendr\u00e1 la respuesta de la seguridad p\u00fablica, porque se est\u00e1 en estado de derecho&#8221;. Pachuca, Hgo., 23 de septiembre 2024.- Este 23 de septiembre se suscit\u00f3 un ataque de personas provenientes del Estado de M\u00e9xico contra cooperativistas que resguardan las instalaciones quer\u00edan apoderarse de las [&hellip;]<\/p>\n","protected":false},"author":1,"featured_media":56691,"comment_status":"closed","ping_status":"closed","sticky":false,"template":"","format":"standard","meta":[],"categories":[3],"tags":[],"_links":{"self":[{"href":"https:\/\/www.diarionoti7.com.mx\/index.php?rest_route=\/wp\/v2\/posts\/56689"}],"collection":[{"href":"https:\/\/www.diarionoti7.com.mx\/index.php?rest_route=\/wp\/v2\/posts"}],"about":[{"href":"https:\/\/www.diarionoti7.com.mx\/index.php?rest_route=\/wp\/v2\/types\/post"}],"author":[{"embeddable":true,"href":"https:\/\/www.diarionoti7.com.mx\/index.php?rest_route=\/wp\/v2\/users\/1"}],"replies":[{"embeddable":true,"href":"https:\/\/www.diarionoti7.com.mx\/index.php?rest_route=%2Fwp%2Fv2%2Fcomments&post=56689"}],"version-history":[{"count":4,"href":"https:\/\/www.diarionoti7.com.mx\/index.php?rest_route=\/wp\/v2\/posts\/56689\/revisions"}],"predecessor-version":[{"id":56694,"href":"https:\/\/www.diarionoti7.com.mx\/index.php?rest_route=\/wp\/v2\/posts\/56689\/revisions\/56694"}],"wp:featuredmedia":[{"embeddable":true,"href":"https:\/\/www.diarionoti7.com.mx\/index.php?rest_route=\/wp\/v2\/media\/56691"}],"wp:attachment":[{"href":"https:\/\/www.diarionoti7.com.mx\/index.php?rest_route=%2Fwp%2Fv2%2Fmedia&parent=56689"}],"wp:term":[{"taxonomy":"category","embeddable":true,"href":"https:\/\/www.diarionoti7.com.mx\/index.php?rest_route=%2Fwp%2Fv2%2Fcategories&post=56689"},{"taxonomy":"post_tag","embeddable":true,"href":"https:\/\/www.diarionoti7.com.mx\/index.php?rest_route=%2Fwp%2Fv2%2Ftags&post=56689"}],"curies":[{"name":"wp","href":"https:\/\/api.w.org\/{rel}","templated":true}]}}