{"id":56684,"date":"2024-09-24T09:03:11","date_gmt":"2024-09-24T09:03:11","guid":{"rendered":"https:\/\/www.diarionoti7.com.mx\/?p=56684"},"modified":"2024-09-24T18:06:50","modified_gmt":"2024-09-24T18:06:50","slug":"el-domingo-6-de-octubre-claudia-sheinbaum-la-primera-presidenta-de-mexico-acudira-a-tepeapulco","status":"publish","type":"post","link":"https:\/\/www.diarionoti7.com.mx\/?p=56684","title":{"rendered":"El Domingo 6 de Octubre Claudia Sheinbaum, la Primera Presidenta de M\u00e9xico Acudir\u00e1 a Tepeapulco"},"content":{"rendered":"\t\t<div data-elementor-type=\"wp-post\" data-elementor-id=\"56684\" class=\"elementor elementor-56684\">\n\t\t\t\t\t\t\t\t\t<section class=\"elementor-section elementor-top-section elementor-element elementor-element-c09b8f0 elementor-section-boxed elementor-section-height-default elementor-section-height-default\" data-id=\"c09b8f0\" data-element_type=\"section\">\n\t\t\t\t\t\t<div class=\"elementor-container elementor-column-gap-default\">\n\t\t\t\t\t<div class=\"elementor-column elementor-col-100 elementor-top-column elementor-element elementor-element-955a561\" data-id=\"955a561\" data-element_type=\"column\">\n\t\t\t<div class=\"elementor-widget-wrap elementor-element-populated\">\n\t\t\t\t\t\t\t\t<div class=\"elementor-element elementor-element-0ce869c elementor-widget elementor-widget-text-editor\" data-id=\"0ce869c\" data-element_type=\"widget\" data-widget_type=\"text-editor.default\">\n\t\t\t\t<div class=\"elementor-widget-container\">\n\t\t\t<style>\/*! elementor - v3.10.2 - 29-01-2023 *\/\n.elementor-widget-text-editor.elementor-drop-cap-view-stacked .elementor-drop-cap{background-color:#818a91;color:#fff}.elementor-widget-text-editor.elementor-drop-cap-view-framed .elementor-drop-cap{color:#818a91;border:3px solid;background-color:transparent}.elementor-widget-text-editor:not(.elementor-drop-cap-view-default) .elementor-drop-cap{margin-top:8px}.elementor-widget-text-editor:not(.elementor-drop-cap-view-default) .elementor-drop-cap-letter{width:1em;height:1em}.elementor-widget-text-editor .elementor-drop-cap{float:left;text-align:center;line-height:1;font-size:50px}.elementor-widget-text-editor .elementor-drop-cap-letter{display:inline-block}<\/style>\t\t\t\t<p><strong>Pachuca, Hgo., 23 de septiembre 2024.- <\/strong>El\u00a0gobernador Julio Menchaca Salazar\u00a0adelant\u00f3 que el pr\u00f3ximo\u00a0domingo 6 de octubre la primera presidenta de M\u00e9xico acudir\u00e1 a Tepeapulco, a unos 40 minutos de Pachuca.<\/p><p>Este municipio es una de las opciones, pues tambi\u00e9n se prev\u00e9n otros, se\u00f1al\u00f3 el mandatario tras encabezar el\u00a0Encuentro Estatal de la Cultura del Agua, este lunes 23 de septiembre, en conocido centro de convenciones al sur de la capital.<\/p><p>Si no hay otras variables, pues la agenda presidencial est\u00e1 sujeta a cambios de \u00faltima hora, ser\u00e1 la\u00a0primera visita de Claudia Sheinbaum como presidenta de M\u00e9xico, cuyo cargo asume a partir del martes 1 de octubre. El gobernador no dio a conocer cu\u00e1les ser\u00e1n los temas para tratar en esta visita.<\/p>\t\t\t\t\t\t<\/div>\n\t\t\t\t<\/div>\n\t\t\t\t\t<\/div>\n\t\t<\/div>\n\t\t\t\t\t\t\t<\/div>\n\t\t<\/section>\n\t\t\t\t\t\t\t<\/div>\n\t\t","protected":false},"excerpt":{"rendered":"<p>Pachuca, Hgo., 23 de septiembre 2024.- El\u00a0gobernador Julio Menchaca Salazar\u00a0adelant\u00f3 que el pr\u00f3ximo\u00a0domingo 6 de octubre la primera presidenta de M\u00e9xico acudir\u00e1 a Tepeapulco, a unos 40 minutos de Pachuca. Este municipio es una de las opciones, pues tambi\u00e9n se prev\u00e9n otros, se\u00f1al\u00f3 el mandatario tras encabezar el\u00a0Encuentro Estatal de la Cultura del Agua, este [&hellip;]<\/p>\n","protected":false},"author":1,"featured_media":47151,"comment_status":"closed","ping_status":"closed","sticky":false,"template":"","format":"standard","meta":[],"categories":[3],"tags":[],"_links":{"self":[{"href":"https:\/\/www.diarionoti7.com.mx\/index.php?rest_route=\/wp\/v2\/posts\/56684"}],"collection":[{"href":"https:\/\/www.diarionoti7.com.mx\/index.php?rest_route=\/wp\/v2\/posts"}],"about":[{"href":"https:\/\/www.diarionoti7.com.mx\/index.php?rest_route=\/wp\/v2\/types\/post"}],"author":[{"embeddable":true,"href":"https:\/\/www.diarionoti7.com.mx\/index.php?rest_route=\/wp\/v2\/users\/1"}],"replies":[{"embeddable":true,"href":"https:\/\/www.diarionoti7.com.mx\/index.php?rest_route=%2Fwp%2Fv2%2Fcomments&post=56684"}],"version-history":[{"count":7,"href":"https:\/\/www.diarionoti7.com.mx\/index.php?rest_route=\/wp\/v2\/posts\/56684\/revisions"}],"predecessor-version":[{"id":56697,"href":"https:\/\/www.diarionoti7.com.mx\/index.php?rest_route=\/wp\/v2\/posts\/56684\/revisions\/56697"}],"wp:featuredmedia":[{"embeddable":true,"href":"https:\/\/www.diarionoti7.com.mx\/index.php?rest_route=\/wp\/v2\/media\/47151"}],"wp:attachment":[{"href":"https:\/\/www.diarionoti7.com.mx\/index.php?rest_route=%2Fwp%2Fv2%2Fmedia&parent=56684"}],"wp:term":[{"taxonomy":"category","embeddable":true,"href":"https:\/\/www.diarionoti7.com.mx\/index.php?rest_route=%2Fwp%2Fv2%2Fcategories&post=56684"},{"taxonomy":"post_tag","embeddable":true,"href":"https:\/\/www.diarionoti7.com.mx\/index.php?rest_route=%2Fwp%2Fv2%2Ftags&post=56684"}],"curies":[{"name":"wp","href":"https:\/\/api.w.org\/{rel}","templated":true}]}}