{"id":56678,"date":"2024-09-24T09:00:44","date_gmt":"2024-09-24T09:00:44","guid":{"rendered":"https:\/\/www.diarionoti7.com.mx\/?p=56678"},"modified":"2024-09-24T18:02:38","modified_gmt":"2024-09-24T18:02:38","slug":"contraloria-encabeza-ceremonia-de-arriamiento-de-la-bandera-nacional","status":"publish","type":"post","link":"https:\/\/www.diarionoti7.com.mx\/?p=56678","title":{"rendered":"Contralor\u00eda Encabeza Ceremonia de Arriamiento de la Bandera Nacional"},"content":{"rendered":"\t\t<div data-elementor-type=\"wp-post\" data-elementor-id=\"56678\" class=\"elementor elementor-56678\">\n\t\t\t\t\t\t\t\t\t<section class=\"elementor-section elementor-top-section elementor-element elementor-element-c09b8f0 elementor-section-boxed elementor-section-height-default elementor-section-height-default\" data-id=\"c09b8f0\" data-element_type=\"section\">\n\t\t\t\t\t\t<div class=\"elementor-container elementor-column-gap-default\">\n\t\t\t\t\t<div class=\"elementor-column elementor-col-100 elementor-top-column elementor-element elementor-element-955a561\" data-id=\"955a561\" data-element_type=\"column\">\n\t\t\t<div class=\"elementor-widget-wrap elementor-element-populated\">\n\t\t\t\t\t\t\t\t<div class=\"elementor-element elementor-element-0ce869c elementor-widget elementor-widget-text-editor\" data-id=\"0ce869c\" data-element_type=\"widget\" data-widget_type=\"text-editor.default\">\n\t\t\t\t<div class=\"elementor-widget-container\">\n\t\t\t<style>\/*! elementor - v3.10.2 - 29-01-2023 *\/\n.elementor-widget-text-editor.elementor-drop-cap-view-stacked .elementor-drop-cap{background-color:#818a91;color:#fff}.elementor-widget-text-editor.elementor-drop-cap-view-framed .elementor-drop-cap{color:#818a91;border:3px solid;background-color:transparent}.elementor-widget-text-editor:not(.elementor-drop-cap-view-default) .elementor-drop-cap{margin-top:8px}.elementor-widget-text-editor:not(.elementor-drop-cap-view-default) .elementor-drop-cap-letter{width:1em;height:1em}.elementor-widget-text-editor .elementor-drop-cap{float:left;text-align:center;line-height:1;font-size:50px}.elementor-widget-text-editor .elementor-drop-cap-letter{display:inline-block}<\/style>\t\t\t\t<p>\u00a0 <strong>Pachuca, Hgo., 23 septiembre 2024.-<\/strong>En un solemne acto c\u00edvico, \u00c1lvaro Bardales, titular de la Secretar\u00eda de la Contralor\u00eda, llev\u00f3 a cabo la ceremonia de arriamiento de la Bandera Nacional, acompa\u00f1ado por Jorge Reyes, presidente municipal de Pachuca, y Francisco Mart\u00ednez, titular de la Polic\u00eda Industrial Bancaria (PIBEH), en el emblem\u00e1tico Cerro del Lobo, en el barrio de las Lajas.<\/p><p>Con profundo respeto hacia los s\u00edmbolos patrios, el contralor Bardales, dirigi\u00f3 unas palabras a los presentes, expresando el saludo por parte del gobernador, Julio Menchaca Salazar.<\/p><p>Asimismo, agradeci\u00f3 de manera especial al ingeniero Gil Navarro, distinguido hidalguense, quien, junto con un grupo de amigos, solicit\u00f3 la colocaci\u00f3n de la bandera monumental, nuestro s\u00edmbolo patrio que representa el esp\u00edritu de unidad, el valor para hacer las cosas bien hechas y el nacionalismo, en el marco del mes patrio.<\/p><p>Tambi\u00e9n reconoci\u00f3 la activa participaci\u00f3n de la PIBEH, que con un trato patriota, digno y decoroso llev\u00f3 a cabo los homenajes de izar y arriar nuestro s\u00edmbolo patrio.<\/p><p>\u201cEl gobernador env\u00eda un agradecimiento a las ni\u00f1as y ni\u00f1os, alumnos de la escuela primaria rural ind\u00edgena Art\u00edculo 3.o Constitucional de Apantlazol, perteneciente al municipio de Tlanchinol, a sus maestros, directivos y autoridades municipales\u201d, se\u00f1al\u00f3 Bardales.<\/p><p>\u201cGracias presidente Gabino Hern\u00e1ndez Vite, que les inculcan tan nobles valores por la entonaci\u00f3n del himno nacional mexicano en su lengua materna n\u00e1huatl. La bandera de M\u00e9xico, el escudo y el himno nacional, representan los valores, ideales y la historia de los pueblos de M\u00e9xico\u201d, agreg\u00f3.<\/p><p>El contralor agradeci\u00f3, de igual manera, la puntual y siempre activa presencia del presidente municipal de Pachuca, Jorge Reyes, quien permiti\u00f3 tener, con su \u00e1rea de Parques y Jardines, \u201cun cerro de las Lajas [\u2026] limpio, y cavaron las cepas para plantar los \u00e1rboles, y permiti\u00f3 la participaci\u00f3n de Protecci\u00f3n Civil para evaluar la viabilidad del evento\u201d.\u00a0<\/p><p>Asimismo, reconoci\u00f3 a Seguridad P\u00fablica del estado por la guardia de honor que llevan a cabo al l\u00e1baro patrio y los rondines frecuentes a este espacio c\u00edvico, sin dejar de lado la valiosa participaci\u00f3n de la empresa que puso en condiciones la asta bandera de m\u00e1s de 50 metros de alto, m\u00e1stil de nuestra bandera de M\u00e9xico, considerada, por su simbolog\u00eda y dise\u00f1o, como una de las m\u00e1s bonitas del mundo y, destac\u00f3 que la arriada en este evento mide 27 metros de largo.<\/p><p>Bardales, mencion\u00f3 la valiosa aportaci\u00f3n del voluntariado de la Contralor\u00eda, pues su empe\u00f1o hizo posible la petici\u00f3n del ingeniero Navarro para las gestiones necesarias para regresar este s\u00edmbolo a su lugar durante el mes patrio, as\u00ed como los homenajes a la bandera monumental de M\u00e9xico en este especial cerro que es el reflejo vivo de nuestra Pachuca, \u201cLa bella airosa\u201d, que con sus fuertes vientos la hace lucir de forma majestuosa.<\/p><p>Relat\u00f3 que tambi\u00e9n intervinieron para que habitantes de los barrios circunvecinos se sumar\u00e1n a las tareas de limpieza reforestaci\u00f3n de este cerro, pues, indic\u00f3, \u201cen este momento procede a la siembra de 100 \u00e1rboles de pinos pi\u00f1oneros de esa especie nativa del lugar, que asegura su conservaci\u00f3n\u201d.<\/p><p>Por \u00faltimo, se congratul\u00f3 de que cada una de las personas presentes, en el \u00e1mbito de su competencia, gestionar\u00e1 ante las instancias estatales y municipales correspondientes para la renovada rehabilitaci\u00f3n de este espacio c\u00edvico: \u201cPara sacar nuestra monumental bandera, ondearla muy en lo alto\u201d.<\/p>\t\t\t\t\t\t<\/div>\n\t\t\t\t<\/div>\n\t\t\t\t\t<\/div>\n\t\t<\/div>\n\t\t\t\t\t\t\t<\/div>\n\t\t<\/section>\n\t\t\t\t<section class=\"elementor-section elementor-top-section elementor-element elementor-element-4368752 elementor-section-boxed elementor-section-height-default elementor-section-height-default\" data-id=\"4368752\" data-element_type=\"section\">\n\t\t\t\t\t\t<div class=\"elementor-container elementor-column-gap-default\">\n\t\t\t\t\t<div class=\"elementor-column elementor-col-100 elementor-top-column elementor-element elementor-element-e43e17f\" data-id=\"e43e17f\" data-element_type=\"column\">\n\t\t\t<div class=\"elementor-widget-wrap elementor-element-populated\">\n\t\t\t\t\t\t\t\t<div class=\"elementor-element elementor-element-37cbd46 elementor-aspect-ratio-169 elementor-widget elementor-widget-video\" data-id=\"37cbd46\" data-element_type=\"widget\" data-settings=\"{&quot;youtube_url&quot;:&quot;https:\\\/\\\/youtu.be\\\/3sMWVH2RRyY&quot;,&quot;video_type&quot;:&quot;youtube&quot;,&quot;controls&quot;:&quot;yes&quot;,&quot;aspect_ratio&quot;:&quot;169&quot;}\" data-widget_type=\"video.default\">\n\t\t\t\t<div class=\"elementor-widget-container\">\n\t\t\t<style>\/*! elementor - v3.10.2 - 29-01-2023 *\/\n.elementor-widget-video .elementor-widget-container{overflow:hidden;transform:translateZ(0)}.elementor-widget-video .elementor-open-inline .elementor-custom-embed-image-overlay{position:absolute;top:0;left:0;width:100%;height:100%;background-size:cover;background-position:50%}.elementor-widget-video .elementor-custom-embed-image-overlay{cursor:pointer;text-align:center}.elementor-widget-video .elementor-custom-embed-image-overlay:hover .elementor-custom-embed-play i{opacity:1}.elementor-widget-video .elementor-custom-embed-image-overlay img{display:block;width:100%}.elementor-widget-video .e-hosted-video .elementor-video{-o-object-fit:cover;object-fit:cover}.e-con-inner>.elementor-widget-video,.e-con>.elementor-widget-video{width:var(--container-widget-width);--flex-grow:var(--container-widget-flex-grow)}<\/style>\t\t<div class=\"elementor-wrapper elementor-fit-aspect-ratio elementor-open-inline\">\n\t\t\t<div class=\"elementor-video\"><\/div>\t\t<\/div>\n\t\t\t\t<\/div>\n\t\t\t\t<\/div>\n\t\t\t\t\t<\/div>\n\t\t<\/div>\n\t\t\t\t\t\t\t<\/div>\n\t\t<\/section>\n\t\t\t\t\t\t\t<\/div>\n\t\t","protected":false},"excerpt":{"rendered":"<p>\u00a0 Pachuca, Hgo., 23 septiembre 2024.-En un solemne acto c\u00edvico, \u00c1lvaro Bardales, titular de la Secretar\u00eda de la Contralor\u00eda, llev\u00f3 a cabo la ceremonia de arriamiento de la Bandera Nacional, acompa\u00f1ado por Jorge Reyes, presidente municipal de Pachuca, y Francisco Mart\u00ednez, titular de la Polic\u00eda Industrial Bancaria (PIBEH), en el emblem\u00e1tico Cerro del Lobo, en [&hellip;]<\/p>\n","protected":false},"author":1,"featured_media":56680,"comment_status":"closed","ping_status":"closed","sticky":false,"template":"","format":"standard","meta":[],"categories":[7],"tags":[],"_links":{"self":[{"href":"https:\/\/www.diarionoti7.com.mx\/index.php?rest_route=\/wp\/v2\/posts\/56678"}],"collection":[{"href":"https:\/\/www.diarionoti7.com.mx\/index.php?rest_route=\/wp\/v2\/posts"}],"about":[{"href":"https:\/\/www.diarionoti7.com.mx\/index.php?rest_route=\/wp\/v2\/types\/post"}],"author":[{"embeddable":true,"href":"https:\/\/www.diarionoti7.com.mx\/index.php?rest_route=\/wp\/v2\/users\/1"}],"replies":[{"embeddable":true,"href":"https:\/\/www.diarionoti7.com.mx\/index.php?rest_route=%2Fwp%2Fv2%2Fcomments&post=56678"}],"version-history":[{"count":4,"href":"https:\/\/www.diarionoti7.com.mx\/index.php?rest_route=\/wp\/v2\/posts\/56678\/revisions"}],"predecessor-version":[{"id":56683,"href":"https:\/\/www.diarionoti7.com.mx\/index.php?rest_route=\/wp\/v2\/posts\/56678\/revisions\/56683"}],"wp:featuredmedia":[{"embeddable":true,"href":"https:\/\/www.diarionoti7.com.mx\/index.php?rest_route=\/wp\/v2\/media\/56680"}],"wp:attachment":[{"href":"https:\/\/www.diarionoti7.com.mx\/index.php?rest_route=%2Fwp%2Fv2%2Fmedia&parent=56678"}],"wp:term":[{"taxonomy":"category","embeddable":true,"href":"https:\/\/www.diarionoti7.com.mx\/index.php?rest_route=%2Fwp%2Fv2%2Fcategories&post=56678"},{"taxonomy":"post_tag","embeddable":true,"href":"https:\/\/www.diarionoti7.com.mx\/index.php?rest_route=%2Fwp%2Fv2%2Ftags&post=56678"}],"curies":[{"name":"wp","href":"https:\/\/api.w.org\/{rel}","templated":true}]}}