{"id":56663,"date":"2024-09-24T08:57:25","date_gmt":"2024-09-24T08:57:25","guid":{"rendered":"https:\/\/www.diarionoti7.com.mx\/?p=56663"},"modified":"2024-09-24T17:58:47","modified_gmt":"2024-09-24T17:58:47","slug":"se-presenta-nueva-pagina-web-de-conciliacion-individual-laboral-para-todo-el-pais","status":"publish","type":"post","link":"https:\/\/www.diarionoti7.com.mx\/?p=56663","title":{"rendered":"Se Presenta Nueva P\u00e1gina Web de Conciliaci\u00f3n Individual Laboral Para Todo el Pa\u00eds"},"content":{"rendered":"\t\t<div data-elementor-type=\"wp-post\" data-elementor-id=\"56663\" class=\"elementor elementor-56663\">\n\t\t\t\t\t\t\t\t\t<section class=\"elementor-section elementor-top-section elementor-element elementor-element-c09b8f0 elementor-section-boxed elementor-section-height-default elementor-section-height-default\" data-id=\"c09b8f0\" data-element_type=\"section\">\n\t\t\t\t\t\t<div class=\"elementor-container elementor-column-gap-default\">\n\t\t\t\t\t<div class=\"elementor-column elementor-col-100 elementor-top-column elementor-element elementor-element-955a561\" data-id=\"955a561\" data-element_type=\"column\">\n\t\t\t<div class=\"elementor-widget-wrap elementor-element-populated\">\n\t\t\t\t\t\t\t\t<div class=\"elementor-element elementor-element-0ce869c elementor-widget elementor-widget-text-editor\" data-id=\"0ce869c\" data-element_type=\"widget\" data-widget_type=\"text-editor.default\">\n\t\t\t\t<div class=\"elementor-widget-container\">\n\t\t\t<style>\/*! elementor - v3.10.2 - 29-01-2023 *\/\n.elementor-widget-text-editor.elementor-drop-cap-view-stacked .elementor-drop-cap{background-color:#818a91;color:#fff}.elementor-widget-text-editor.elementor-drop-cap-view-framed .elementor-drop-cap{color:#818a91;border:3px solid;background-color:transparent}.elementor-widget-text-editor:not(.elementor-drop-cap-view-default) .elementor-drop-cap{margin-top:8px}.elementor-widget-text-editor:not(.elementor-drop-cap-view-default) .elementor-drop-cap-letter{width:1em;height:1em}.elementor-widget-text-editor .elementor-drop-cap{float:left;text-align:center;line-height:1;font-size:50px}.elementor-widget-text-editor .elementor-drop-cap-letter{display:inline-block}<\/style>\t\t\t\t<p><strong>Ciudad de M\u00e9xico, a 23 de septiembre de 2024.-<\/strong>Los 32 Centros de Conciliaci\u00f3n Laboral y el Centro Federal Laboral se unen para facilitar a empleadores y trabajadores el procedimiento de conciliaci\u00f3n individual.<\/p><p>A partir de hoy, trabajadores y empleadores de todo el pa\u00eds podr\u00e1n programar citas, calcular liquidaciones, ubicar oficinas, ratificar convenios y acceder a informaci\u00f3n sobre sus derechos laborales, todo a trav\u00e9s del nuevo sitio web https:\/\/www.conciliacionlaboral.org.mx\/\u00a0 el cual facilita el acceso a tr\u00e1mites digitales y herramientas en l\u00ednea para resolver conflictos laborales de manera eficiente.<\/p><p>Las 32 autoridades laborales en la materia, reunidos en el seno de la Comisi\u00f3n Nacional de Centros de Conciliaci\u00f3n Laboral (CONACENTROS) y el Centro Federal Laboral, con el apoyo de cooperaci\u00f3n internacional, unieron esfuerzos y voluntades para crear un micrositio que concentra los servicios e informaci\u00f3n para facilitar el procedimiento de Conciliaci\u00f3n Individual prejudicial.<\/p><p>Alfredo Dom\u00ednguez Marrufo, en su calidad de Presidente de la Comisi\u00f3n asegur\u00f3 que la sistematizaci\u00f3n de los tr\u00e1mites tiene el objetivo de acercar los servicios a la ciudadan\u00eda. Adem\u00e1s, destac\u00f3 que \u201cnuestro pa\u00eds apost\u00f3 (\u2026) por el di\u00e1logo, por la conciliaci\u00f3n, por la concertaci\u00f3n, por la negociaci\u00f3n sin renuncia de derechos para la parte obrera como el medio m\u00e1s adecuado para solucionar las diferencias entre trabajadores y empleadores\u201d.<\/p><p>Ante Directores de Centros de Conciliaci\u00f3n Laboral, que participaron de manera presencial y a distancia, Dom\u00ednguez Marrufo detall\u00f3 que esta nueva herramienta cuenta con un geolocalizador de oficinas para todo el pa\u00eds, ayuda a determinar a qu\u00e9 autoridad le corresponde atender el proceso y tambi\u00e9n tiene una calculadora de pago de prestaciones.<\/p><p>Adem\u00e1s, los empleadores tambi\u00e9n podr\u00e1n agendar una cita para ratificar sus convenios, y la poblaci\u00f3n en general podr\u00e1 acceder a un chat bot para aclarar dudas y un apartado de informaci\u00f3n sobre derechos laborales, con v\u00eddeos que orientan a los trabajadores en diversos casos.<\/p><p>Mencion\u00f3 que este portal continuar\u00e1 nutri\u00e9ndose con apartados que ayudar\u00e1n a continuar capacitando al personal conciliador de todo el pa\u00eds y ayudar\u00e1 a transparentar los resultados al contar con un apartado de estad\u00edstica lo cual seguir\u00e1 fortaleciendo los mecanismos de conciliaci\u00f3n laboral.<\/p><p>\u201cEsto ha sido producto de una decisi\u00f3n, de una discusi\u00f3n y deliberaci\u00f3n que hemos tenido al interior con los centros. Es algo que se vino haciendo a trav\u00e9s de grupos de trabajo\u201d recalc\u00f3, acompa\u00f1ado de Tey Wendolyne Retana Alarc\u00f3n, Titular de la Unidad de la Unidad de Enlace para la Reforma al Sistema de Justicia Laboral de la Secretar\u00eda del Trabajo y Previsi\u00f3n Social.<\/p><p>A poco m\u00e1s de un a\u00f1o de su formalizaci\u00f3n, la CONACENTROS se ha reunido de manera presencial y remota con el objetivo de homogeneizar criterios y procedimientos de los Centros de Conciliaci\u00f3n Individual a nivel nacional, asegurando que s\u00f3lo lleguen a Tribunales los casos en los que no se logra un acuerdo conciliatorio. Adem\u00e1s, buscan seguir fortaleciendo los mecanismos de conciliaci\u00f3n a trav\u00e9s de la digitalizaci\u00f3n, garantizando un acceso m\u00e1s equitativo y eficiente a la justicia laboral.<\/p>\t\t\t\t\t\t<\/div>\n\t\t\t\t<\/div>\n\t\t\t\t\t<\/div>\n\t\t<\/div>\n\t\t\t\t\t\t\t<\/div>\n\t\t<\/section>\n\t\t\t\t<section class=\"elementor-section elementor-top-section elementor-element elementor-element-cf4bd8f elementor-section-boxed elementor-section-height-default elementor-section-height-default\" data-id=\"cf4bd8f\" data-element_type=\"section\">\n\t\t\t\t\t\t<div class=\"elementor-container elementor-column-gap-default\">\n\t\t\t\t\t<div class=\"elementor-column elementor-col-100 elementor-top-column elementor-element elementor-element-00e3190\" data-id=\"00e3190\" data-element_type=\"column\">\n\t\t\t<div class=\"elementor-widget-wrap elementor-element-populated\">\n\t\t\t\t\t\t\t\t<div class=\"elementor-element elementor-element-51757c6 elementor-aspect-ratio-169 elementor-widget elementor-widget-video\" data-id=\"51757c6\" data-element_type=\"widget\" data-settings=\"{&quot;youtube_url&quot;:&quot;https:\\\/\\\/youtu.be\\\/AbdOCRS5J9o&quot;,&quot;video_type&quot;:&quot;youtube&quot;,&quot;controls&quot;:&quot;yes&quot;,&quot;aspect_ratio&quot;:&quot;169&quot;}\" data-widget_type=\"video.default\">\n\t\t\t\t<div class=\"elementor-widget-container\">\n\t\t\t<style>\/*! elementor - v3.10.2 - 29-01-2023 *\/\n.elementor-widget-video .elementor-widget-container{overflow:hidden;transform:translateZ(0)}.elementor-widget-video .elementor-open-inline .elementor-custom-embed-image-overlay{position:absolute;top:0;left:0;width:100%;height:100%;background-size:cover;background-position:50%}.elementor-widget-video .elementor-custom-embed-image-overlay{cursor:pointer;text-align:center}.elementor-widget-video .elementor-custom-embed-image-overlay:hover .elementor-custom-embed-play i{opacity:1}.elementor-widget-video .elementor-custom-embed-image-overlay img{display:block;width:100%}.elementor-widget-video .e-hosted-video .elementor-video{-o-object-fit:cover;object-fit:cover}.e-con-inner>.elementor-widget-video,.e-con>.elementor-widget-video{width:var(--container-widget-width);--flex-grow:var(--container-widget-flex-grow)}<\/style>\t\t<div class=\"elementor-wrapper elementor-fit-aspect-ratio elementor-open-inline\">\n\t\t\t<div class=\"elementor-video\"><\/div>\t\t<\/div>\n\t\t\t\t<\/div>\n\t\t\t\t<\/div>\n\t\t\t\t\t<\/div>\n\t\t<\/div>\n\t\t\t\t\t\t\t<\/div>\n\t\t<\/section>\n\t\t\t\t\t\t\t<\/div>\n\t\t","protected":false},"excerpt":{"rendered":"<p>Ciudad de M\u00e9xico, a 23 de septiembre de 2024.-Los 32 Centros de Conciliaci\u00f3n Laboral y el Centro Federal Laboral se unen para facilitar a empleadores y trabajadores el procedimiento de conciliaci\u00f3n individual. A partir de hoy, trabajadores y empleadores de todo el pa\u00eds podr\u00e1n programar citas, calcular liquidaciones, ubicar oficinas, ratificar convenios y acceder a [&hellip;]<\/p>\n","protected":false},"author":1,"featured_media":56665,"comment_status":"closed","ping_status":"closed","sticky":false,"template":"","format":"standard","meta":[],"categories":[7],"tags":[],"_links":{"self":[{"href":"https:\/\/www.diarionoti7.com.mx\/index.php?rest_route=\/wp\/v2\/posts\/56663"}],"collection":[{"href":"https:\/\/www.diarionoti7.com.mx\/index.php?rest_route=\/wp\/v2\/posts"}],"about":[{"href":"https:\/\/www.diarionoti7.com.mx\/index.php?rest_route=\/wp\/v2\/types\/post"}],"author":[{"embeddable":true,"href":"https:\/\/www.diarionoti7.com.mx\/index.php?rest_route=\/wp\/v2\/users\/1"}],"replies":[{"embeddable":true,"href":"https:\/\/www.diarionoti7.com.mx\/index.php?rest_route=%2Fwp%2Fv2%2Fcomments&post=56663"}],"version-history":[{"count":7,"href":"https:\/\/www.diarionoti7.com.mx\/index.php?rest_route=\/wp\/v2\/posts\/56663\/revisions"}],"predecessor-version":[{"id":56671,"href":"https:\/\/www.diarionoti7.com.mx\/index.php?rest_route=\/wp\/v2\/posts\/56663\/revisions\/56671"}],"wp:featuredmedia":[{"embeddable":true,"href":"https:\/\/www.diarionoti7.com.mx\/index.php?rest_route=\/wp\/v2\/media\/56665"}],"wp:attachment":[{"href":"https:\/\/www.diarionoti7.com.mx\/index.php?rest_route=%2Fwp%2Fv2%2Fmedia&parent=56663"}],"wp:term":[{"taxonomy":"category","embeddable":true,"href":"https:\/\/www.diarionoti7.com.mx\/index.php?rest_route=%2Fwp%2Fv2%2Fcategories&post=56663"},{"taxonomy":"post_tag","embeddable":true,"href":"https:\/\/www.diarionoti7.com.mx\/index.php?rest_route=%2Fwp%2Fv2%2Ftags&post=56663"}],"curies":[{"name":"wp","href":"https:\/\/api.w.org\/{rel}","templated":true}]}}