{"id":56606,"date":"2024-09-23T09:15:33","date_gmt":"2024-09-23T09:15:33","guid":{"rendered":"https:\/\/www.diarionoti7.com.mx\/?p=56606"},"modified":"2024-09-23T18:24:06","modified_gmt":"2024-09-23T18:24:06","slug":"la-presidencia-municipal-de-pachuca-anuncio-que-inician-consulta-por-parquimetros","status":"publish","type":"post","link":"https:\/\/www.diarionoti7.com.mx\/?p=56606","title":{"rendered":"La Presidencia Municipal de Pachuca Anunci\u00f3 Que Inician Consulta por Parqu\u00edmetros"},"content":{"rendered":"\t\t<div data-elementor-type=\"wp-post\" data-elementor-id=\"56606\" class=\"elementor elementor-56606\">\n\t\t\t\t\t\t\t\t\t<section class=\"elementor-section elementor-top-section elementor-element elementor-element-c09b8f0 elementor-section-boxed elementor-section-height-default elementor-section-height-default\" data-id=\"c09b8f0\" data-element_type=\"section\">\n\t\t\t\t\t\t<div class=\"elementor-container elementor-column-gap-default\">\n\t\t\t\t\t<div class=\"elementor-column elementor-col-100 elementor-top-column elementor-element elementor-element-955a561\" data-id=\"955a561\" data-element_type=\"column\">\n\t\t\t<div class=\"elementor-widget-wrap elementor-element-populated\">\n\t\t\t\t\t\t\t\t<div class=\"elementor-element elementor-element-0ce869c elementor-widget elementor-widget-text-editor\" data-id=\"0ce869c\" data-element_type=\"widget\" data-widget_type=\"text-editor.default\">\n\t\t\t\t<div class=\"elementor-widget-container\">\n\t\t\t<style>\/*! elementor - v3.10.2 - 29-01-2023 *\/\n.elementor-widget-text-editor.elementor-drop-cap-view-stacked .elementor-drop-cap{background-color:#818a91;color:#fff}.elementor-widget-text-editor.elementor-drop-cap-view-framed .elementor-drop-cap{color:#818a91;border:3px solid;background-color:transparent}.elementor-widget-text-editor:not(.elementor-drop-cap-view-default) .elementor-drop-cap{margin-top:8px}.elementor-widget-text-editor:not(.elementor-drop-cap-view-default) .elementor-drop-cap-letter{width:1em;height:1em}.elementor-widget-text-editor .elementor-drop-cap{float:left;text-align:center;line-height:1;font-size:50px}.elementor-widget-text-editor .elementor-drop-cap-letter{display:inline-block}<\/style>\t\t\t\t<p><strong>Pachuca, Hgo., 22 de septiembre 2024.- <\/strong>El Presidente Municipal dio a conocer que ya inici\u00f3 la\u00a0consulta ciudadana en el tema de\u00a0parqu\u00edmetros\u00a0en la zona\u00a0Centro de la capital. \u201cEstamos haciendo el proyecto para\u00a0hacerlo digital\u00a0porque es un mejor instrumento que ha funcionado en otros estados\u201d, refiri\u00f3 durante un recorrido en la calle Guerrero para supervisar el retiro de vendedores ambulantes.<\/p><p>En caso de que la consulta resulte con respuesta favorable a los parqu\u00edmetros el servicio ser\u00e1\u00a0concesionado a una empresa y que se tendr\u00e1 cuidado para que las arcas municipales resulten con mayor beneficio por la concesi\u00f3n, la cual ser\u00e1 con un contrato anual, pues asever\u00f3 que no incurrir\u00e1 en ampliaci\u00f3n del mismo m\u00e1s all\u00e1 de su periodo de gobierno, 2024-2027. As\u00ed tambi\u00e9n ser\u00e1 con otras empresas con las que se requiera el contrato de servicios.<\/p><p>Destac\u00f3 que \u201cLegalmente por ley no puedo rebasar el tiempo de mi administraci\u00f3n para ampliar el contrato. Lo realizar\u00e9 de forma anual. No hay compromiso con nadie\u201d.<\/p><p>Respecto de los centros de abasto domestico de la ciudad, Jorge Reyes asegur\u00f3 que debe generarse una\u00a0corresponsabilidad para el cuidado y mantenimiento de mercados p\u00fablicos,\u00a0al tiempo que el ayuntamiento paga, alrededor, de 2 millones de pesos bimestrales por el consumo de energ\u00eda el\u00e9ctrica de todos los ubicados en Pachuca.<\/p><p>Respecto del servicio de ba\u00f1os\u00a0que se encuentran al interior de estos centros de abasto continuar\u00e1n bajo la responsabilidad de los mismos, por lo que solicit\u00f3 que los recursos realmente se utilicen para el mantenimiento de los mercados.<\/p><p>En relaci\u00f3n al recorrido en la calle Guerrero para verificar el\u00a0retiro de comercio ambulante, el presidente municipal garantiz\u00f3 que ser\u00e1 de manera permanente, tras acordar que se\u00a0buscar\u00e1 un espacio para que ofrezcan sus productos.<\/p><p>No obstante, la advertencia del edil este domingo, los puestos que se encontraban en esta calle se trasladaron en las\u00a0inmediaciones de la Plaza Independencia donde se ubica El Reloj Monumental<strong>.<\/strong><\/p>\t\t\t\t\t\t<\/div>\n\t\t\t\t<\/div>\n\t\t\t\t\t<\/div>\n\t\t<\/div>\n\t\t\t\t\t\t\t<\/div>\n\t\t<\/section>\n\t\t\t\t\t\t\t<\/div>\n\t\t","protected":false},"excerpt":{"rendered":"<p>Pachuca, Hgo., 22 de septiembre 2024.- El Presidente Municipal dio a conocer que ya inici\u00f3 la\u00a0consulta ciudadana en el tema de\u00a0parqu\u00edmetros\u00a0en la zona\u00a0Centro de la capital. \u201cEstamos haciendo el proyecto para\u00a0hacerlo digital\u00a0porque es un mejor instrumento que ha funcionado en otros estados\u201d, refiri\u00f3 durante un recorrido en la calle Guerrero para supervisar el retiro de [&hellip;]<\/p>\n","protected":false},"author":1,"featured_media":56608,"comment_status":"closed","ping_status":"closed","sticky":false,"template":"","format":"standard","meta":[],"categories":[7],"tags":[],"_links":{"self":[{"href":"https:\/\/www.diarionoti7.com.mx\/index.php?rest_route=\/wp\/v2\/posts\/56606"}],"collection":[{"href":"https:\/\/www.diarionoti7.com.mx\/index.php?rest_route=\/wp\/v2\/posts"}],"about":[{"href":"https:\/\/www.diarionoti7.com.mx\/index.php?rest_route=\/wp\/v2\/types\/post"}],"author":[{"embeddable":true,"href":"https:\/\/www.diarionoti7.com.mx\/index.php?rest_route=\/wp\/v2\/users\/1"}],"replies":[{"embeddable":true,"href":"https:\/\/www.diarionoti7.com.mx\/index.php?rest_route=%2Fwp%2Fv2%2Fcomments&post=56606"}],"version-history":[{"count":4,"href":"https:\/\/www.diarionoti7.com.mx\/index.php?rest_route=\/wp\/v2\/posts\/56606\/revisions"}],"predecessor-version":[{"id":56611,"href":"https:\/\/www.diarionoti7.com.mx\/index.php?rest_route=\/wp\/v2\/posts\/56606\/revisions\/56611"}],"wp:featuredmedia":[{"embeddable":true,"href":"https:\/\/www.diarionoti7.com.mx\/index.php?rest_route=\/wp\/v2\/media\/56608"}],"wp:attachment":[{"href":"https:\/\/www.diarionoti7.com.mx\/index.php?rest_route=%2Fwp%2Fv2%2Fmedia&parent=56606"}],"wp:term":[{"taxonomy":"category","embeddable":true,"href":"https:\/\/www.diarionoti7.com.mx\/index.php?rest_route=%2Fwp%2Fv2%2Fcategories&post=56606"},{"taxonomy":"post_tag","embeddable":true,"href":"https:\/\/www.diarionoti7.com.mx\/index.php?rest_route=%2Fwp%2Fv2%2Ftags&post=56606"}],"curies":[{"name":"wp","href":"https:\/\/api.w.org\/{rel}","templated":true}]}}