{"id":56595,"date":"2024-09-23T09:05:04","date_gmt":"2024-09-23T09:05:04","guid":{"rendered":"https:\/\/www.diarionoti7.com.mx\/?p=56595"},"modified":"2024-09-23T18:06:51","modified_gmt":"2024-09-23T18:06:51","slug":"julio-menchaca-refrendo-su-compromiso-hacia-la-continuacion-de-la-cuarta-transformacion-4t","status":"publish","type":"post","link":"https:\/\/www.diarionoti7.com.mx\/?p=56595","title":{"rendered":"Julio Menchaca, Refrend\u00f3 Su Compromiso Hacia La Continuaci\u00f3n de La \u201cCuarta Transformaci\u00f3n\u201d (4T)."},"content":{"rendered":"\t\t<div data-elementor-type=\"wp-post\" data-elementor-id=\"56595\" class=\"elementor elementor-56595\">\n\t\t\t\t\t\t\t\t\t<section class=\"elementor-section elementor-top-section elementor-element elementor-element-c09b8f0 elementor-section-boxed elementor-section-height-default elementor-section-height-default\" data-id=\"c09b8f0\" data-element_type=\"section\">\n\t\t\t\t\t\t<div class=\"elementor-container elementor-column-gap-default\">\n\t\t\t\t\t<div class=\"elementor-column elementor-col-100 elementor-top-column elementor-element elementor-element-955a561\" data-id=\"955a561\" data-element_type=\"column\">\n\t\t\t<div class=\"elementor-widget-wrap elementor-element-populated\">\n\t\t\t\t\t\t\t\t<div class=\"elementor-element elementor-element-0ce869c elementor-widget elementor-widget-text-editor\" data-id=\"0ce869c\" data-element_type=\"widget\" data-widget_type=\"text-editor.default\">\n\t\t\t\t<div class=\"elementor-widget-container\">\n\t\t\t<style>\/*! elementor - v3.10.2 - 29-01-2023 *\/\n.elementor-widget-text-editor.elementor-drop-cap-view-stacked .elementor-drop-cap{background-color:#818a91;color:#fff}.elementor-widget-text-editor.elementor-drop-cap-view-framed .elementor-drop-cap{color:#818a91;border:3px solid;background-color:transparent}.elementor-widget-text-editor:not(.elementor-drop-cap-view-default) .elementor-drop-cap{margin-top:8px}.elementor-widget-text-editor:not(.elementor-drop-cap-view-default) .elementor-drop-cap-letter{width:1em;height:1em}.elementor-widget-text-editor .elementor-drop-cap{float:left;text-align:center;line-height:1;font-size:50px}.elementor-widget-text-editor .elementor-drop-cap-letter{display:inline-block}<\/style>\t\t\t\t<p><strong>Ciudad de M\u00e9xico, 22 de septiembre 2024.- <\/strong>Durante el\u00a0S\u00e9ptimo Congreso Nacional Extraordinario de Morena,\u00a0Julio Menchaca, gobernador de Hidalgo, refrend\u00f3 su\u00a0compromiso hacia\u00a0la continuaci\u00f3n de la\u00a0\u201cCuarta Transformaci\u00f3n\u201d (4T).<\/p><p>\u201cEn unidad y bajo el liderazgo de nuestra presidenta electa, la doctora Claudia Sheinbaum, avanzamos hacia el segundo piso de la Cuarta Transformaci\u00f3n\u201d.<\/p><p>Como integrante del\u00a0Movimiento de Regeneraci\u00f3n Nacional, el mandatario hidalguense, as\u00ed como sus hom\u00f3logos de Morena, participaron en el encuentro que los prepara para la\u00a0renovaci\u00f3n de la dirigencia nacional.<\/p><p>Al grito de\u00a0\u201c\u00a1Es un honor estar con Obrador!\u201d\u00a0y\u00a0\u201c\u00a1Es un honor estar con Claudia hoy!\u201d,\u00a0Menchaca Salazar\u00a0enfatiz\u00f3 en\u00a0avanzar hacia la consolidaci\u00f3n de la transformaci\u00f3n nacional, anteponiendo, dijo, el bienestar de quienes menos tienen.<\/p><p>Por su parte,\u00a0Claudia Sheinbaum Pardo,\u00a0presidenta electa de M\u00e9xico, record\u00f3 que las\u00a0militancias de Morena deben comprometerse con la sencillez, debido a que el instituto pol\u00edtico es un\u00a0instrumento del pueblo para garantizar democracia, paz y el acceso a mejores oportunidades, todo ello, afirm\u00f3, en apego al precepto:\u00a0<em>\u201cPor el bien de todos, primero los pobres\u201d<\/em>.<\/p><p>Respecto a los\u00a0gobiernos emanados de este movimiento, record\u00f3 que\u00a0deben conducirse bajo los principios de austeridad y combate a la corrupci\u00f3n, adem\u00e1s de que\u00a0no se permitir\u00e1n actos de discriminaci\u00f3n, racismo, clasismo\u00a0ni\u00a0pactos con el crimen organizado.<\/p><p>Ante ello, el\u00a0presidente del Consejo Pol\u00edtico de Morena, Alfonso Durazo, ley\u00f3 una\u00a0carta enviada por el presidente Andr\u00e9s Manuel L\u00f3pez Obrador, quien exhort\u00f3 a la militancia y al pueblo de M\u00e9xico a\u00a0acompa\u00f1ar a la presidenta electa con la misma fuerza, convicci\u00f3n y lealtad\u00a0con la que \u00e9l cont\u00f3 durante su sexenio.<\/p><p>\u201cEmpezamos a luchar casi sin recursos y en unos pocos a\u00f1os alcanzamos una presidencia para lograr la transformaci\u00f3n; todo ello gracias a una revoluci\u00f3n de las conciencias que se emprendi\u00f3 desde abajo y de la mano del pueblo, tocando puerta por puerta y casa por casa para construir el triunfo\u201d<\/p><p>Mas tarde\u00a0 en su redes sociales el gobernador Julio Menchaca\u00a0 comparti\u00f3 \u201cEn unidad y bajo el liderazgo de nuestra presidenta electa, la Dra. <a href=\"https:\/\/www.facebook.com\/ClaudiaSheinbaumPardo?__cft__%5b0%5d=AZVaR0GBswLy3tQY3nJaGbNrkHjqMBURQ4Vyv9HJJVPCubaRLlytAHs5J-j-IgkElxgZVy0ZEvdO200y8VTUoSabYYhcAPgSRIPPPg4ivjC7qyBVmFrYbZWgNoa5cLL9vSuxo9ypEK7xfikNnJecXgBB6_tTUTGnPg53wXCGblaEhekFVvD-n6hRiqLU12mRK5aJXrEe-aNsraTV77cx5nOs&amp;__tn__=-%5dK-R\">Claudia Sheinbaum<\/a>, avanzamos rumbo al segundo piso de la <a href=\"https:\/\/www.facebook.com\/hashtag\/cuartatransformaci%C3%B3n?__eep__=6&amp;__cft__%5b0%5d=AZVaR0GBswLy3tQY3nJaGbNrkHjqMBURQ4Vyv9HJJVPCubaRLlytAHs5J-j-IgkElxgZVy0ZEvdO200y8VTUoSabYYhcAPgSRIPPPg4ivjC7qyBVmFrYbZWgNoa5cLL9vSuxo9ypEK7xfikNnJecXgBB6_tTUTGnPg53wXCGblaEhekFVvD-n6hRiqLU12mRK5aJXrEe-aNsraTV77cx5nOs&amp;__tn__=*NK-R\">Cuarta Transformaci\u00f3n<\/a>.<\/p>\t\t\t\t\t\t<\/div>\n\t\t\t\t<\/div>\n\t\t\t\t\t<\/div>\n\t\t<\/div>\n\t\t\t\t\t\t\t<\/div>\n\t\t<\/section>\n\t\t\t\t\t\t\t<\/div>\n\t\t","protected":false},"excerpt":{"rendered":"<p>Ciudad de M\u00e9xico, 22 de septiembre 2024.- Durante el\u00a0S\u00e9ptimo Congreso Nacional Extraordinario de Morena,\u00a0Julio Menchaca, gobernador de Hidalgo, refrend\u00f3 su\u00a0compromiso hacia\u00a0la continuaci\u00f3n de la\u00a0\u201cCuarta Transformaci\u00f3n\u201d (4T). \u201cEn unidad y bajo el liderazgo de nuestra presidenta electa, la doctora Claudia Sheinbaum, avanzamos hacia el segundo piso de la Cuarta Transformaci\u00f3n\u201d. Como integrante del\u00a0Movimiento de Regeneraci\u00f3n Nacional, [&hellip;]<\/p>\n","protected":false},"author":1,"featured_media":56597,"comment_status":"closed","ping_status":"closed","sticky":false,"template":"","format":"standard","meta":[],"categories":[3],"tags":[],"_links":{"self":[{"href":"https:\/\/www.diarionoti7.com.mx\/index.php?rest_route=\/wp\/v2\/posts\/56595"}],"collection":[{"href":"https:\/\/www.diarionoti7.com.mx\/index.php?rest_route=\/wp\/v2\/posts"}],"about":[{"href":"https:\/\/www.diarionoti7.com.mx\/index.php?rest_route=\/wp\/v2\/types\/post"}],"author":[{"embeddable":true,"href":"https:\/\/www.diarionoti7.com.mx\/index.php?rest_route=\/wp\/v2\/users\/1"}],"replies":[{"embeddable":true,"href":"https:\/\/www.diarionoti7.com.mx\/index.php?rest_route=%2Fwp%2Fv2%2Fcomments&post=56595"}],"version-history":[{"count":4,"href":"https:\/\/www.diarionoti7.com.mx\/index.php?rest_route=\/wp\/v2\/posts\/56595\/revisions"}],"predecessor-version":[{"id":56600,"href":"https:\/\/www.diarionoti7.com.mx\/index.php?rest_route=\/wp\/v2\/posts\/56595\/revisions\/56600"}],"wp:featuredmedia":[{"embeddable":true,"href":"https:\/\/www.diarionoti7.com.mx\/index.php?rest_route=\/wp\/v2\/media\/56597"}],"wp:attachment":[{"href":"https:\/\/www.diarionoti7.com.mx\/index.php?rest_route=%2Fwp%2Fv2%2Fmedia&parent=56595"}],"wp:term":[{"taxonomy":"category","embeddable":true,"href":"https:\/\/www.diarionoti7.com.mx\/index.php?rest_route=%2Fwp%2Fv2%2Fcategories&post=56595"},{"taxonomy":"post_tag","embeddable":true,"href":"https:\/\/www.diarionoti7.com.mx\/index.php?rest_route=%2Fwp%2Fv2%2Ftags&post=56595"}],"curies":[{"name":"wp","href":"https:\/\/api.w.org\/{rel}","templated":true}]}}