{"id":56589,"date":"2024-09-23T09:03:37","date_gmt":"2024-09-23T09:03:37","guid":{"rendered":"https:\/\/www.diarionoti7.com.mx\/?p=56589"},"modified":"2024-09-23T18:04:59","modified_gmt":"2024-09-23T18:04:59","slug":"luisa-maria-alcalde-fue-electa-como-la-nueva-dirigente-nacional-de-morena","status":"publish","type":"post","link":"https:\/\/www.diarionoti7.com.mx\/?p=56589","title":{"rendered":"Luisa Mar\u00eda Alcalde, Fue Electa Como la Nueva Dirigente Nacional de Morena"},"content":{"rendered":"\t\t<div data-elementor-type=\"wp-post\" data-elementor-id=\"56589\" class=\"elementor elementor-56589\">\n\t\t\t\t\t\t\t\t\t<section class=\"elementor-section elementor-top-section elementor-element elementor-element-c09b8f0 elementor-section-boxed elementor-section-height-default elementor-section-height-default\" data-id=\"c09b8f0\" data-element_type=\"section\">\n\t\t\t\t\t\t<div class=\"elementor-container elementor-column-gap-default\">\n\t\t\t\t\t<div class=\"elementor-column elementor-col-100 elementor-top-column elementor-element elementor-element-955a561\" data-id=\"955a561\" data-element_type=\"column\">\n\t\t\t<div class=\"elementor-widget-wrap elementor-element-populated\">\n\t\t\t\t\t\t\t\t<div class=\"elementor-element elementor-element-0ce869c elementor-widget elementor-widget-text-editor\" data-id=\"0ce869c\" data-element_type=\"widget\" data-widget_type=\"text-editor.default\">\n\t\t\t\t<div class=\"elementor-widget-container\">\n\t\t\t<style>\/*! elementor - v3.10.2 - 29-01-2023 *\/\n.elementor-widget-text-editor.elementor-drop-cap-view-stacked .elementor-drop-cap{background-color:#818a91;color:#fff}.elementor-widget-text-editor.elementor-drop-cap-view-framed .elementor-drop-cap{color:#818a91;border:3px solid;background-color:transparent}.elementor-widget-text-editor:not(.elementor-drop-cap-view-default) .elementor-drop-cap{margin-top:8px}.elementor-widget-text-editor:not(.elementor-drop-cap-view-default) .elementor-drop-cap-letter{width:1em;height:1em}.elementor-widget-text-editor .elementor-drop-cap{float:left;text-align:center;line-height:1;font-size:50px}.elementor-widget-text-editor .elementor-drop-cap-letter{display:inline-block}<\/style>\t\t\t\t<p><strong>Ciudad de M\u00e9xico, 22 de septiembre 2024.- <\/strong>Este domingo a puerta cerrada,\u00a0Morena\u00a0celebr\u00f3 su\u00a0VII Congreso Nacional Extraordinario\u00a0en el\u00a0World Trade Center de la Ciudad de M\u00e9xico, donde cerca de\u00a03 mil militantes\u00a0se reunieron para elegir a los nuevos l\u00edderes del\u00a0partido.<\/p><p>En el evento,\u00a0300 consejeros votaron\u00a0de manera un\u00e1nime por los nuevos dirigentes que guiar\u00e1n al partido en los pr\u00f3ximos a\u00f1os.<\/p><p>La \u00fanica contendiente para la presidencia del partido,\u00a0Luisa Mar\u00eda Alcalde,\u00a0fue electa como la nueva\u00a0dirigente\u00a0de\u00a0Morena\u00a0con el 100% de los votos.<\/p><p>En su oportunidad, Alcalde Luj\u00e1n expres\u00f3 como \u201cuna haza\u00f1a\u201d llegar al frente de Morena, para que describi\u00f3 como un \u201calgo extraordinario\u201d, y \u201cun movimiento vivo y verdadero\u00bb.<\/p><p>\u201cHoy Morena tiene el reto de no perder la m\u00edstica y de no alejarse de la gente. Es algo muy distinto a lo que se inici\u00f3 en 2013\u201d.<\/p><p>Adem\u00e1s, se comprometi\u00f3 a consolidar el movimiento durante los pr\u00f3ximos tres a\u00f1os, asegurando a los militantes: \u201cLes ofrezco no fallarles\u201d.<\/p><p>Como secretaria general de Morena se design\u00f3 a Carolina Rangel Gracida, lo que coloca a dos milenials en la dirigencia del partido cuya presencia se extiende a la mayor\u00eda de las gubernaturas, legislaturas locales y el Congreso de la Uni\u00f3n y Presidencia de la Rep\u00fablica.<\/p><p>Andr\u00e9s Manuel L\u00f3pez Beltr\u00e1n,\u00a0fue designado como el nuevo encargado de la\u00a0Secretar\u00eda de Organizaci\u00f3n\u00a0del\u00a0partido quien expres\u00f3 su emoci\u00f3n por iniciar formalmente su carrera en el partido, a pesar de que su padre ya no estar\u00e1 en el poder, y destac\u00f3 que su ejemplo seguir\u00e1 presente en\u00a0Morena.<\/p><p>Luego de los nombramientos, la presidenta electa de M\u00e9xico,\u00a0Claudia Sheinbaum, expres\u00f3 su respaldo a trav\u00e9s de redes sociales: \u201cEstoy segura que la nueva direcci\u00f3n de Morena har\u00e1 un gran trabajo. Sabr\u00e1n guiar con principios y unidad nuestro movimiento. Muchas felicidades. Seguimos haciendo historia\u201d.<\/p><p>Los\u00a0cargos\u00a0clave que fueron renovados durante el evento fueron la presidencia de Morena, Luisa Mar\u00eda Alcalde; Secretaria General, Carolina Rangel; Secretar\u00eda de Organizaci\u00f3n, Andr\u00e9s Manuel L\u00f3pez Beltr\u00e1n; Finanzas, Iv\u00e1n Herrera.<\/p><p>Adem\u00e1s, las secretarias de J\u00f3venes, Aar\u00f3n Enriquez; Secretar\u00eda de Comunicaci\u00f3n, Camila Mart\u00ednez; Secretar\u00eda de Mexicanos en el Exterior: Manuel Alejandro Robles; Secretar\u00eda de Artes y Cultura: Arturo Mart\u00ednez N\u00fa\u00f1ez; Secretar\u00eda de Movimientos Sociales: Manuel Zavala.<\/p>\t\t\t\t\t\t<\/div>\n\t\t\t\t<\/div>\n\t\t\t\t\t<\/div>\n\t\t<\/div>\n\t\t\t\t\t\t\t<\/div>\n\t\t<\/section>\n\t\t\t\t\t\t\t<\/div>\n\t\t","protected":false},"excerpt":{"rendered":"<p>Ciudad de M\u00e9xico, 22 de septiembre 2024.- Este domingo a puerta cerrada,\u00a0Morena\u00a0celebr\u00f3 su\u00a0VII Congreso Nacional Extraordinario\u00a0en el\u00a0World Trade Center de la Ciudad de M\u00e9xico, donde cerca de\u00a03 mil militantes\u00a0se reunieron para elegir a los nuevos l\u00edderes del\u00a0partido. En el evento,\u00a0300 consejeros votaron\u00a0de manera un\u00e1nime por los nuevos dirigentes que guiar\u00e1n al partido en los pr\u00f3ximos [&hellip;]<\/p>\n","protected":false},"author":1,"featured_media":56591,"comment_status":"closed","ping_status":"closed","sticky":false,"template":"","format":"standard","meta":[],"categories":[3],"tags":[],"_links":{"self":[{"href":"https:\/\/www.diarionoti7.com.mx\/index.php?rest_route=\/wp\/v2\/posts\/56589"}],"collection":[{"href":"https:\/\/www.diarionoti7.com.mx\/index.php?rest_route=\/wp\/v2\/posts"}],"about":[{"href":"https:\/\/www.diarionoti7.com.mx\/index.php?rest_route=\/wp\/v2\/types\/post"}],"author":[{"embeddable":true,"href":"https:\/\/www.diarionoti7.com.mx\/index.php?rest_route=\/wp\/v2\/users\/1"}],"replies":[{"embeddable":true,"href":"https:\/\/www.diarionoti7.com.mx\/index.php?rest_route=%2Fwp%2Fv2%2Fcomments&post=56589"}],"version-history":[{"count":4,"href":"https:\/\/www.diarionoti7.com.mx\/index.php?rest_route=\/wp\/v2\/posts\/56589\/revisions"}],"predecessor-version":[{"id":56594,"href":"https:\/\/www.diarionoti7.com.mx\/index.php?rest_route=\/wp\/v2\/posts\/56589\/revisions\/56594"}],"wp:featuredmedia":[{"embeddable":true,"href":"https:\/\/www.diarionoti7.com.mx\/index.php?rest_route=\/wp\/v2\/media\/56591"}],"wp:attachment":[{"href":"https:\/\/www.diarionoti7.com.mx\/index.php?rest_route=%2Fwp%2Fv2%2Fmedia&parent=56589"}],"wp:term":[{"taxonomy":"category","embeddable":true,"href":"https:\/\/www.diarionoti7.com.mx\/index.php?rest_route=%2Fwp%2Fv2%2Fcategories&post=56589"},{"taxonomy":"post_tag","embeddable":true,"href":"https:\/\/www.diarionoti7.com.mx\/index.php?rest_route=%2Fwp%2Fv2%2Ftags&post=56589"}],"curies":[{"name":"wp","href":"https:\/\/api.w.org\/{rel}","templated":true}]}}