{"id":56532,"date":"2024-09-23T08:42:02","date_gmt":"2024-09-23T08:42:02","guid":{"rendered":"https:\/\/www.diarionoti7.com.mx\/?p=56532"},"modified":"2024-09-23T17:47:10","modified_gmt":"2024-09-23T17:47:10","slug":"la-pgjeh-aprehende-a-probable-responsable-de-violacion-agravada","status":"publish","type":"post","link":"https:\/\/www.diarionoti7.com.mx\/?p=56532","title":{"rendered":"La PGJEH Aprehende a Probable Responsable de Violaci\u00f3n Agravada"},"content":{"rendered":"\t\t<div data-elementor-type=\"wp-post\" data-elementor-id=\"56532\" class=\"elementor elementor-56532\">\n\t\t\t\t\t\t\t\t\t<section class=\"elementor-section elementor-top-section elementor-element elementor-element-c09b8f0 elementor-section-boxed elementor-section-height-default elementor-section-height-default\" data-id=\"c09b8f0\" data-element_type=\"section\">\n\t\t\t\t\t\t<div class=\"elementor-container elementor-column-gap-default\">\n\t\t\t\t\t<div class=\"elementor-column elementor-col-100 elementor-top-column elementor-element elementor-element-955a561\" data-id=\"955a561\" data-element_type=\"column\">\n\t\t\t<div class=\"elementor-widget-wrap elementor-element-populated\">\n\t\t\t\t\t\t\t\t<div class=\"elementor-element elementor-element-0ce869c elementor-widget elementor-widget-text-editor\" data-id=\"0ce869c\" data-element_type=\"widget\" data-widget_type=\"text-editor.default\">\n\t\t\t\t<div class=\"elementor-widget-container\">\n\t\t\t<style>\/*! elementor - v3.10.2 - 29-01-2023 *\/\n.elementor-widget-text-editor.elementor-drop-cap-view-stacked .elementor-drop-cap{background-color:#818a91;color:#fff}.elementor-widget-text-editor.elementor-drop-cap-view-framed .elementor-drop-cap{color:#818a91;border:3px solid;background-color:transparent}.elementor-widget-text-editor:not(.elementor-drop-cap-view-default) .elementor-drop-cap{margin-top:8px}.elementor-widget-text-editor:not(.elementor-drop-cap-view-default) .elementor-drop-cap-letter{width:1em;height:1em}.elementor-widget-text-editor .elementor-drop-cap{float:left;text-align:center;line-height:1;font-size:50px}.elementor-widget-text-editor .elementor-drop-cap-letter{display:inline-block}<\/style>\t\t\t\t<p><strong>Pachuca, Hgo., 22 de septiembre de 2024.-<\/strong>Elementos de la Divisi\u00f3n de Investigaci\u00f3n de la Procuradur\u00eda General de Justicia del Estado de Hidalgo (PGJEH) aprehendieron a una persona identificada con iniciales J. A. S. C., investigada por hechos que la ley sanciona como violaci\u00f3n agravada.<\/p><p>Los hechos que le son imputados ocurrieron en dos eventos: uno en diciembre de 2023, en un inmueble ubicado en la colonia Boulevares de San Francisco y otro el 02 de agosto de 2024, en la colonia Vista Hermosa, ambos en Pachuca de Soto.<\/p><p>En los dos casos, la v\u00edctima sufri\u00f3 violencia sexual y psicol\u00f3gica, raz\u00f3n por la que denunci\u00f3 lo ocurrido y esta representaci\u00f3n social inici\u00f3 la carpeta de investigaci\u00f3n, alleg\u00e1ndose de datos de prueba contra en imputado.<\/p><p>Derivado de ello, se solicit\u00f3 a la autoridad judicial la orden de aprehensi\u00f3n correspondiente, misma que se autoriz\u00f3 y posteriormente el pasado 20 de septiembre de 2024 fue ejecutada por elementos de la divisi\u00f3n de investigaci\u00f3n.<\/p><p>La persona imputada fue presentada ante un juez de control, autoridad ante la que esta representaci\u00f3n social formul\u00f3 la imputaci\u00f3n y solicit\u00f3 su vinculaci\u00f3n a proceso en audiencia inicial que se llev\u00f3 a cabo el 21 de septiembre de 2024.<\/p><p>Sin embargo, el imputado se acogi\u00f3 a la duplicidad del t\u00e9rmino constitucional de 144 horas para que se definiera su situaci\u00f3n legal y la continuaci\u00f3n de la audiencia inicial fue programada para el pr\u00f3ximo 25 de septiembre de 2024, mientras tanto permanece bajo la medida cautelar de prisi\u00f3n preventiva.<\/p>\t\t\t\t\t\t<\/div>\n\t\t\t\t<\/div>\n\t\t\t\t\t<\/div>\n\t\t<\/div>\n\t\t\t\t\t\t\t<\/div>\n\t\t<\/section>\n\t\t\t\t\t\t\t<\/div>\n\t\t","protected":false},"excerpt":{"rendered":"<p>Pachuca, Hgo., 22 de septiembre de 2024.-Elementos de la Divisi\u00f3n de Investigaci\u00f3n de la Procuradur\u00eda General de Justicia del Estado de Hidalgo (PGJEH) aprehendieron a una persona identificada con iniciales J. A. S. C., investigada por hechos que la ley sanciona como violaci\u00f3n agravada. Los hechos que le son imputados ocurrieron en dos eventos: uno [&hellip;]<\/p>\n","protected":false},"author":1,"featured_media":56534,"comment_status":"closed","ping_status":"closed","sticky":false,"template":"","format":"standard","meta":[],"categories":[22],"tags":[],"_links":{"self":[{"href":"https:\/\/www.diarionoti7.com.mx\/index.php?rest_route=\/wp\/v2\/posts\/56532"}],"collection":[{"href":"https:\/\/www.diarionoti7.com.mx\/index.php?rest_route=\/wp\/v2\/posts"}],"about":[{"href":"https:\/\/www.diarionoti7.com.mx\/index.php?rest_route=\/wp\/v2\/types\/post"}],"author":[{"embeddable":true,"href":"https:\/\/www.diarionoti7.com.mx\/index.php?rest_route=\/wp\/v2\/users\/1"}],"replies":[{"embeddable":true,"href":"https:\/\/www.diarionoti7.com.mx\/index.php?rest_route=%2Fwp%2Fv2%2Fcomments&post=56532"}],"version-history":[{"count":4,"href":"https:\/\/www.diarionoti7.com.mx\/index.php?rest_route=\/wp\/v2\/posts\/56532\/revisions"}],"predecessor-version":[{"id":56537,"href":"https:\/\/www.diarionoti7.com.mx\/index.php?rest_route=\/wp\/v2\/posts\/56532\/revisions\/56537"}],"wp:featuredmedia":[{"embeddable":true,"href":"https:\/\/www.diarionoti7.com.mx\/index.php?rest_route=\/wp\/v2\/media\/56534"}],"wp:attachment":[{"href":"https:\/\/www.diarionoti7.com.mx\/index.php?rest_route=%2Fwp%2Fv2%2Fmedia&parent=56532"}],"wp:term":[{"taxonomy":"category","embeddable":true,"href":"https:\/\/www.diarionoti7.com.mx\/index.php?rest_route=%2Fwp%2Fv2%2Fcategories&post=56532"},{"taxonomy":"post_tag","embeddable":true,"href":"https:\/\/www.diarionoti7.com.mx\/index.php?rest_route=%2Fwp%2Fv2%2Ftags&post=56532"}],"curies":[{"name":"wp","href":"https:\/\/api.w.org\/{rel}","templated":true}]}}