{"id":56506,"date":"2024-09-22T08:16:17","date_gmt":"2024-09-22T08:16:17","guid":{"rendered":"https:\/\/www.diarionoti7.com.mx\/?p=56506"},"modified":"2024-09-22T18:22:28","modified_gmt":"2024-09-22T18:22:28","slug":"la-feria-tradicional-de-san-francisco-de-pachuca-solo-se-hara-en-el-atrio-de-iglesia","status":"publish","type":"post","link":"https:\/\/www.diarionoti7.com.mx\/?p=56506","title":{"rendered":"La Feria Tradicional de San Francisco de Pachuca, Solo se har\u00e1 en el Atrio de iglesia"},"content":{"rendered":"\t\t<div data-elementor-type=\"wp-post\" data-elementor-id=\"56506\" class=\"elementor elementor-56506\">\n\t\t\t\t\t\t\t\t\t<section class=\"elementor-section elementor-top-section elementor-element elementor-element-c09b8f0 elementor-section-boxed elementor-section-height-default elementor-section-height-default\" data-id=\"c09b8f0\" data-element_type=\"section\">\n\t\t\t\t\t\t<div class=\"elementor-container elementor-column-gap-default\">\n\t\t\t\t\t<div class=\"elementor-column elementor-col-100 elementor-top-column elementor-element elementor-element-955a561\" data-id=\"955a561\" data-element_type=\"column\">\n\t\t\t<div class=\"elementor-widget-wrap elementor-element-populated\">\n\t\t\t\t\t\t\t\t<div class=\"elementor-element elementor-element-0ce869c elementor-widget elementor-widget-text-editor\" data-id=\"0ce869c\" data-element_type=\"widget\" data-widget_type=\"text-editor.default\">\n\t\t\t\t<div class=\"elementor-widget-container\">\n\t\t\t<style>\/*! elementor - v3.10.2 - 29-01-2023 *\/\n.elementor-widget-text-editor.elementor-drop-cap-view-stacked .elementor-drop-cap{background-color:#818a91;color:#fff}.elementor-widget-text-editor.elementor-drop-cap-view-framed .elementor-drop-cap{color:#818a91;border:3px solid;background-color:transparent}.elementor-widget-text-editor:not(.elementor-drop-cap-view-default) .elementor-drop-cap{margin-top:8px}.elementor-widget-text-editor:not(.elementor-drop-cap-view-default) .elementor-drop-cap-letter{width:1em;height:1em}.elementor-widget-text-editor .elementor-drop-cap{float:left;text-align:center;line-height:1;font-size:50px}.elementor-widget-text-editor .elementor-drop-cap-letter{display:inline-block}<\/style>\t\t\t\t<p><strong>*<\/strong><strong>\u201cLo que se festeja es San Francisco, no el parque Hidalgo, a final de cuentas se sigue haciendo el tributo y el festejo a la tradici\u00f3n: Jorge Reyes, Edil de Pachuca<\/strong><\/p><p><strong>* De acuerdo\u00a0\u00a0 una consulta ciudadana, la mayor\u00eda de la gente rechaz\u00f3 la feria por el desorden y caos que se genera en la zona<\/strong>.<\/p><p><strong>Pachuca, Hgo., 21 de septiembre 2024.- <\/strong>Este s\u00e1bado, el alcalde de\u00a0Pachuca,\u00a0Jorge Alberto Reyes, nos confirm\u00f3 que la\u00a0Feria Tradicional de San Francisco de Pachuca\u00a0no se realizar\u00e1 como se hac\u00eda en los a\u00f1os recientes.<\/p><p>La feria tradicional\u00a0se limitar\u00e1 a la zona del atrio de la iglesia\u00a0de San Francisco, quedando\u00a0descartado\u00a0que el\u00a0parque Hidalgo\u00a0sea ocupado por vendedores y juegos mec\u00e1nicos.<\/p><p>El edil asegur\u00f3 que para esta decisi\u00f3n influy\u00f3 la opini\u00f3n de la gente con una\u00a0consulta ciudadana, realizada en los alrededores del parque. De acuerdo con el sondeo, la mayor\u00eda de la gente rechaz\u00f3 la feria por el desorden y caos que se genera en la zona.<\/p><p>A pesar de esta situaci\u00f3n, el presidente municipal enfatiz\u00f3 que la tradici\u00f3n es de las actividades religiosas: \u201clo que se festeja es San Francisco, no el parque Hidalgo, a final de cuentas se sigue haciendo el tributo y el festejo a la tradici\u00f3n\u201c.<\/p>\t\t\t\t\t\t<\/div>\n\t\t\t\t<\/div>\n\t\t\t\t\t<\/div>\n\t\t<\/div>\n\t\t\t\t\t\t\t<\/div>\n\t\t<\/section>\n\t\t\t\t\t\t\t<\/div>\n\t\t","protected":false},"excerpt":{"rendered":"<p>*\u201cLo que se festeja es San Francisco, no el parque Hidalgo, a final de cuentas se sigue haciendo el tributo y el festejo a la tradici\u00f3n: Jorge Reyes, Edil de Pachuca * De acuerdo\u00a0\u00a0 una consulta ciudadana, la mayor\u00eda de la gente rechaz\u00f3 la feria por el desorden y caos que se genera en la [&hellip;]<\/p>\n","protected":false},"author":1,"featured_media":44156,"comment_status":"closed","ping_status":"closed","sticky":false,"template":"","format":"standard","meta":[],"categories":[7],"tags":[],"_links":{"self":[{"href":"https:\/\/www.diarionoti7.com.mx\/index.php?rest_route=\/wp\/v2\/posts\/56506"}],"collection":[{"href":"https:\/\/www.diarionoti7.com.mx\/index.php?rest_route=\/wp\/v2\/posts"}],"about":[{"href":"https:\/\/www.diarionoti7.com.mx\/index.php?rest_route=\/wp\/v2\/types\/post"}],"author":[{"embeddable":true,"href":"https:\/\/www.diarionoti7.com.mx\/index.php?rest_route=\/wp\/v2\/users\/1"}],"replies":[{"embeddable":true,"href":"https:\/\/www.diarionoti7.com.mx\/index.php?rest_route=%2Fwp%2Fv2%2Fcomments&post=56506"}],"version-history":[{"count":4,"href":"https:\/\/www.diarionoti7.com.mx\/index.php?rest_route=\/wp\/v2\/posts\/56506\/revisions"}],"predecessor-version":[{"id":56510,"href":"https:\/\/www.diarionoti7.com.mx\/index.php?rest_route=\/wp\/v2\/posts\/56506\/revisions\/56510"}],"wp:featuredmedia":[{"embeddable":true,"href":"https:\/\/www.diarionoti7.com.mx\/index.php?rest_route=\/wp\/v2\/media\/44156"}],"wp:attachment":[{"href":"https:\/\/www.diarionoti7.com.mx\/index.php?rest_route=%2Fwp%2Fv2%2Fmedia&parent=56506"}],"wp:term":[{"taxonomy":"category","embeddable":true,"href":"https:\/\/www.diarionoti7.com.mx\/index.php?rest_route=%2Fwp%2Fv2%2Fcategories&post=56506"},{"taxonomy":"post_tag","embeddable":true,"href":"https:\/\/www.diarionoti7.com.mx\/index.php?rest_route=%2Fwp%2Fv2%2Ftags&post=56506"}],"curies":[{"name":"wp","href":"https:\/\/api.w.org\/{rel}","templated":true}]}}