{"id":56500,"date":"2024-09-22T08:14:59","date_gmt":"2024-09-22T08:14:59","guid":{"rendered":"https:\/\/www.diarionoti7.com.mx\/?p=56500"},"modified":"2024-09-22T18:16:05","modified_gmt":"2024-09-22T18:16:05","slug":"conmemoracion-por-el-dia-mundial-sin-automovil","status":"publish","type":"post","link":"https:\/\/www.diarionoti7.com.mx\/?p=56500","title":{"rendered":"Conmemoraci\u00f3n por el D\u00eda Mundial Sin Autom\u00f3vil"},"content":{"rendered":"\t\t<div data-elementor-type=\"wp-post\" data-elementor-id=\"56500\" class=\"elementor elementor-56500\">\n\t\t\t\t\t\t\t\t\t<section class=\"elementor-section elementor-top-section elementor-element elementor-element-c09b8f0 elementor-section-boxed elementor-section-height-default elementor-section-height-default\" data-id=\"c09b8f0\" data-element_type=\"section\">\n\t\t\t\t\t\t<div class=\"elementor-container elementor-column-gap-default\">\n\t\t\t\t\t<div class=\"elementor-column elementor-col-100 elementor-top-column elementor-element elementor-element-955a561\" data-id=\"955a561\" data-element_type=\"column\">\n\t\t\t<div class=\"elementor-widget-wrap elementor-element-populated\">\n\t\t\t\t\t\t\t\t<div class=\"elementor-element elementor-element-0ce869c elementor-widget elementor-widget-text-editor\" data-id=\"0ce869c\" data-element_type=\"widget\" data-widget_type=\"text-editor.default\">\n\t\t\t\t<div class=\"elementor-widget-container\">\n\t\t\t<style>\/*! elementor - v3.10.2 - 29-01-2023 *\/\n.elementor-widget-text-editor.elementor-drop-cap-view-stacked .elementor-drop-cap{background-color:#818a91;color:#fff}.elementor-widget-text-editor.elementor-drop-cap-view-framed .elementor-drop-cap{color:#818a91;border:3px solid;background-color:transparent}.elementor-widget-text-editor:not(.elementor-drop-cap-view-default) .elementor-drop-cap{margin-top:8px}.elementor-widget-text-editor:not(.elementor-drop-cap-view-default) .elementor-drop-cap-letter{width:1em;height:1em}.elementor-widget-text-editor .elementor-drop-cap{float:left;text-align:center;line-height:1;font-size:50px}.elementor-widget-text-editor .elementor-drop-cap-letter{display:inline-block}<\/style>\t\t\t\t<p><strong>Pachuca, Hgo., 21 de septiembre de 2024.-<\/strong>La Secretar\u00eda de Movilidad y Transporte (Semot) del Estado de Hidalgo invita a la ciudadan\u00eda para que se una al \u201cD\u00eda Mundial Sin Autom\u00f3vil\u201d, que se celebra cada 22 de septiembre, y cuyo objetivo es concientizar a las personas sobre los beneficios de utilizar medios de transporte no motorizados, contribuir a una mejor movilidad y reducir la contaminaci\u00f3n causada por veh\u00edculos con motor.<\/p><p>Como parte de las acciones que emprende esta Secretar\u00eda para mejorar la movilidad en el estado, se tiene el programa piloto de \u201cCarro Compartido\u201d, cuya primera etapa consiste en que las personas servidoras p\u00fablicas de la dependencia, as\u00ed como de sus organismos descentralizados, como son el Sistema Integrado de Transporte Masivo de Hidalgo (SITMAH) y el Sistema de Transporte Convencional de Hidalgo (STCH), se desplacen del hogar a los centros de trabajo y viceversa en veh\u00edculos compartidos.<\/p><p>Adem\u00e1s, se exploran otras formas de movilidad como la bicicleta, el transporte p\u00fablico y la caminata como alternativas de traslado. Es importante mencionar que dicho programa ha ido evolucionando, buscando que las personas servidoras p\u00fablicas tambi\u00e9n se desplacen en veh\u00edculos compartidos a reuniones, eventos y actividades laborales.<\/p><p>La Semot ha invitado a otras dependencias del Poder Ejecutivo Estatal y a la poblaci\u00f3n en general para que se sumen a estas acciones, con el fin de mejorar los impactos en la movilidad, el medio ambiente y la econom\u00eda.<\/p>\t\t\t\t\t\t<\/div>\n\t\t\t\t<\/div>\n\t\t\t\t\t<\/div>\n\t\t<\/div>\n\t\t\t\t\t\t\t<\/div>\n\t\t<\/section>\n\t\t\t\t\t\t\t<\/div>\n\t\t","protected":false},"excerpt":{"rendered":"<p>Pachuca, Hgo., 21 de septiembre de 2024.-La Secretar\u00eda de Movilidad y Transporte (Semot) del Estado de Hidalgo invita a la ciudadan\u00eda para que se una al \u201cD\u00eda Mundial Sin Autom\u00f3vil\u201d, que se celebra cada 22 de septiembre, y cuyo objetivo es concientizar a las personas sobre los beneficios de utilizar medios de transporte no motorizados, [&hellip;]<\/p>\n","protected":false},"author":1,"featured_media":56502,"comment_status":"closed","ping_status":"closed","sticky":false,"template":"","format":"standard","meta":[],"categories":[7],"tags":[],"_links":{"self":[{"href":"https:\/\/www.diarionoti7.com.mx\/index.php?rest_route=\/wp\/v2\/posts\/56500"}],"collection":[{"href":"https:\/\/www.diarionoti7.com.mx\/index.php?rest_route=\/wp\/v2\/posts"}],"about":[{"href":"https:\/\/www.diarionoti7.com.mx\/index.php?rest_route=\/wp\/v2\/types\/post"}],"author":[{"embeddable":true,"href":"https:\/\/www.diarionoti7.com.mx\/index.php?rest_route=\/wp\/v2\/users\/1"}],"replies":[{"embeddable":true,"href":"https:\/\/www.diarionoti7.com.mx\/index.php?rest_route=%2Fwp%2Fv2%2Fcomments&post=56500"}],"version-history":[{"count":4,"href":"https:\/\/www.diarionoti7.com.mx\/index.php?rest_route=\/wp\/v2\/posts\/56500\/revisions"}],"predecessor-version":[{"id":56505,"href":"https:\/\/www.diarionoti7.com.mx\/index.php?rest_route=\/wp\/v2\/posts\/56500\/revisions\/56505"}],"wp:featuredmedia":[{"embeddable":true,"href":"https:\/\/www.diarionoti7.com.mx\/index.php?rest_route=\/wp\/v2\/media\/56502"}],"wp:attachment":[{"href":"https:\/\/www.diarionoti7.com.mx\/index.php?rest_route=%2Fwp%2Fv2%2Fmedia&parent=56500"}],"wp:term":[{"taxonomy":"category","embeddable":true,"href":"https:\/\/www.diarionoti7.com.mx\/index.php?rest_route=%2Fwp%2Fv2%2Fcategories&post=56500"},{"taxonomy":"post_tag","embeddable":true,"href":"https:\/\/www.diarionoti7.com.mx\/index.php?rest_route=%2Fwp%2Fv2%2Ftags&post=56500"}],"curies":[{"name":"wp","href":"https:\/\/api.w.org\/{rel}","templated":true}]}}