{"id":56458,"date":"2024-09-22T08:05:57","date_gmt":"2024-09-22T08:05:57","guid":{"rendered":"https:\/\/www.diarionoti7.com.mx\/?p=56458"},"modified":"2024-09-22T18:06:50","modified_gmt":"2024-09-22T18:06:50","slug":"ejecutaron-a-balazos-a-un-hombre-que-salia-de-su-domicilio-en-ixmiquilpan","status":"publish","type":"post","link":"https:\/\/www.diarionoti7.com.mx\/?p=56458","title":{"rendered":"Ejecutaron a Balazos a Un Hombre Que Sal\u00eda de su Domicilio En Ixmiquilpan"},"content":{"rendered":"\t\t<div data-elementor-type=\"wp-post\" data-elementor-id=\"56458\" class=\"elementor elementor-56458\">\n\t\t\t\t\t\t\t\t\t<section class=\"elementor-section elementor-top-section elementor-element elementor-element-c09b8f0 elementor-section-boxed elementor-section-height-default elementor-section-height-default\" data-id=\"c09b8f0\" data-element_type=\"section\">\n\t\t\t\t\t\t<div class=\"elementor-container elementor-column-gap-default\">\n\t\t\t\t\t<div class=\"elementor-column elementor-col-100 elementor-top-column elementor-element elementor-element-955a561\" data-id=\"955a561\" data-element_type=\"column\">\n\t\t\t<div class=\"elementor-widget-wrap elementor-element-populated\">\n\t\t\t\t\t\t\t\t<div class=\"elementor-element elementor-element-0ce869c elementor-widget elementor-widget-text-editor\" data-id=\"0ce869c\" data-element_type=\"widget\" data-widget_type=\"text-editor.default\">\n\t\t\t\t<div class=\"elementor-widget-container\">\n\t\t\t<style>\/*! elementor - v3.10.2 - 29-01-2023 *\/\n.elementor-widget-text-editor.elementor-drop-cap-view-stacked .elementor-drop-cap{background-color:#818a91;color:#fff}.elementor-widget-text-editor.elementor-drop-cap-view-framed .elementor-drop-cap{color:#818a91;border:3px solid;background-color:transparent}.elementor-widget-text-editor:not(.elementor-drop-cap-view-default) .elementor-drop-cap{margin-top:8px}.elementor-widget-text-editor:not(.elementor-drop-cap-view-default) .elementor-drop-cap-letter{width:1em;height:1em}.elementor-widget-text-editor .elementor-drop-cap{float:left;text-align:center;line-height:1;font-size:50px}.elementor-widget-text-editor .elementor-drop-cap-letter{display:inline-block}<\/style>\t\t\t\t<p><strong>*Hombres que viajaban a bordo de una camioneta le dispararon luego se dieron a la fuga<\/strong><\/p><p><strong>Ixmiquilpan, Hgo. 21 de septiembre 2024.- <\/strong>Una ma\u00f1ana violenta se vivi\u00f3 este viernes en el municipio de Ixmiquilpan, luego de que hombres armados en c\u00e9ntrica colonia, ejecutaron a balazos a un hombre que sal\u00eda de su domicilio y que qued\u00f3 tendido en plena v\u00eda p\u00fablica.<\/p><p>El ataque fue reportado por vecinos que llamaron al 911 de Emergencias para dar a conocer que se escucharon m\u00faltiples disparos de arma de fuego y que en medio de la calle se encontraba tirado un individuo, debati\u00e9ndose entre la vida y la muerte.<\/p><p>Las primeras informaciones que se dieron al respecto advierten que fue sobre la calle Juan de Dios Peza, donde ocurri\u00f3 el mortal ataque que fue directo en contra del infortunado.<\/p><p>As\u00ed mismo, trascendi\u00f3 que el individuo que hasta el momento se encuentra en calidad de desconocido fue sorprendido cuando sal\u00eda de su domicilio, por masculinos que viajaban a bordo de una camioneta, desde la cual le dispararon para segarle la existencia e inmediatamente se dieron a la fuga con rumbo desconocido.<\/p><p>Pese a que luego del aviso, se dio una respuesta pronta de elementos polic\u00edacos de la regi\u00f3n del Valle del Mezquital, as\u00ed como de socorristas y param\u00e9dicos, al ser valorada la v\u00edctima se descubri\u00f3 que ya no contaba con signos vitales.<\/p><p>Toc\u00f3 a polic\u00edas municipales y estatales, realizar el acordonamiento de la escena del crimen, para evitar su contaminaci\u00f3n y preservar los indicios.<\/p><p>Por la muerte del masculino, se dio intervenci\u00f3n a la Procuradur\u00eda General de Justicia del estado de Hidalgo, cuyo personal acudi\u00f3 al lugar para realizar las diligencias de rigor, en tanto que el agente del Ministerio P\u00fablico dio inicio a la carpeta de investigaci\u00f3n correspondiente<\/p><p>\u00a0<\/p>\t\t\t\t\t\t<\/div>\n\t\t\t\t<\/div>\n\t\t\t\t\t<\/div>\n\t\t<\/div>\n\t\t\t\t\t\t\t<\/div>\n\t\t<\/section>\n\t\t\t\t\t\t\t<\/div>\n\t\t","protected":false},"excerpt":{"rendered":"<p>*Hombres que viajaban a bordo de una camioneta le dispararon luego se dieron a la fuga Ixmiquilpan, Hgo. 21 de septiembre 2024.- Una ma\u00f1ana violenta se vivi\u00f3 este viernes en el municipio de Ixmiquilpan, luego de que hombres armados en c\u00e9ntrica colonia, ejecutaron a balazos a un hombre que sal\u00eda de su domicilio y que [&hellip;]<\/p>\n","protected":false},"author":1,"featured_media":56460,"comment_status":"closed","ping_status":"closed","sticky":false,"template":"","format":"standard","meta":[],"categories":[22],"tags":[],"_links":{"self":[{"href":"https:\/\/www.diarionoti7.com.mx\/index.php?rest_route=\/wp\/v2\/posts\/56458"}],"collection":[{"href":"https:\/\/www.diarionoti7.com.mx\/index.php?rest_route=\/wp\/v2\/posts"}],"about":[{"href":"https:\/\/www.diarionoti7.com.mx\/index.php?rest_route=\/wp\/v2\/types\/post"}],"author":[{"embeddable":true,"href":"https:\/\/www.diarionoti7.com.mx\/index.php?rest_route=\/wp\/v2\/users\/1"}],"replies":[{"embeddable":true,"href":"https:\/\/www.diarionoti7.com.mx\/index.php?rest_route=%2Fwp%2Fv2%2Fcomments&post=56458"}],"version-history":[{"count":4,"href":"https:\/\/www.diarionoti7.com.mx\/index.php?rest_route=\/wp\/v2\/posts\/56458\/revisions"}],"predecessor-version":[{"id":56463,"href":"https:\/\/www.diarionoti7.com.mx\/index.php?rest_route=\/wp\/v2\/posts\/56458\/revisions\/56463"}],"wp:featuredmedia":[{"embeddable":true,"href":"https:\/\/www.diarionoti7.com.mx\/index.php?rest_route=\/wp\/v2\/media\/56460"}],"wp:attachment":[{"href":"https:\/\/www.diarionoti7.com.mx\/index.php?rest_route=%2Fwp%2Fv2%2Fmedia&parent=56458"}],"wp:term":[{"taxonomy":"category","embeddable":true,"href":"https:\/\/www.diarionoti7.com.mx\/index.php?rest_route=%2Fwp%2Fv2%2Fcategories&post=56458"},{"taxonomy":"post_tag","embeddable":true,"href":"https:\/\/www.diarionoti7.com.mx\/index.php?rest_route=%2Fwp%2Fv2%2Ftags&post=56458"}],"curies":[{"name":"wp","href":"https:\/\/api.w.org\/{rel}","templated":true}]}}