{"id":55952,"date":"2024-09-17T09:30:00","date_gmt":"2024-09-17T09:30:00","guid":{"rendered":"https:\/\/www.diarionoti7.com.mx\/?p=55952"},"modified":"2024-09-17T19:30:43","modified_gmt":"2024-09-17T19:30:43","slug":"entrega-de-apoyos-financieros-a-productoras-y-productores-del-campo","status":"publish","type":"post","link":"https:\/\/www.diarionoti7.com.mx\/?p=55952","title":{"rendered":"Entrega de Apoyos Financieros a Productoras y Productores del Campo"},"content":{"rendered":"\t\t<div data-elementor-type=\"wp-post\" data-elementor-id=\"55952\" class=\"elementor elementor-55952\">\n\t\t\t\t\t\t\t\t\t<section class=\"elementor-section elementor-top-section elementor-element elementor-element-c09b8f0 elementor-section-boxed elementor-section-height-default elementor-section-height-default\" data-id=\"c09b8f0\" data-element_type=\"section\">\n\t\t\t\t\t\t<div class=\"elementor-container elementor-column-gap-default\">\n\t\t\t\t\t<div class=\"elementor-column elementor-col-100 elementor-top-column elementor-element elementor-element-955a561\" data-id=\"955a561\" data-element_type=\"column\">\n\t\t\t<div class=\"elementor-widget-wrap elementor-element-populated\">\n\t\t\t\t\t\t\t\t<div class=\"elementor-element elementor-element-0ce869c elementor-widget elementor-widget-text-editor\" data-id=\"0ce869c\" data-element_type=\"widget\" data-widget_type=\"text-editor.default\">\n\t\t\t\t<div class=\"elementor-widget-container\">\n\t\t\t<style>\/*! elementor - v3.10.2 - 29-01-2023 *\/\n.elementor-widget-text-editor.elementor-drop-cap-view-stacked .elementor-drop-cap{background-color:#818a91;color:#fff}.elementor-widget-text-editor.elementor-drop-cap-view-framed .elementor-drop-cap{color:#818a91;border:3px solid;background-color:transparent}.elementor-widget-text-editor:not(.elementor-drop-cap-view-default) .elementor-drop-cap{margin-top:8px}.elementor-widget-text-editor:not(.elementor-drop-cap-view-default) .elementor-drop-cap-letter{width:1em;height:1em}.elementor-widget-text-editor .elementor-drop-cap{float:left;text-align:center;line-height:1;font-size:50px}.elementor-widget-text-editor .elementor-drop-cap-letter{display:inline-block}<\/style>\t\t\t\t<p><strong>Pachuca, Hgo., 16 de septiembre de 2024.-<\/strong>La Secretar\u00eda de Agricultura y Desarollo Rural, a trav\u00e9s de la Direcci\u00f3n General de Fomento al Cr\u00e9dito, llevaron a cabo la entrega de cheques a productoras y productores del campo de los municipios de Tlanalapa, Cardonal y Pachuca (Huixmi).<\/p><p>Durante un evento encabezado por el subsecretario de Agricultura y Desarrollo Rural, Agust\u00edn Soto Uribe, los beneficiarios recibieron estos apoyos a trav\u00e9s de cr\u00e9ditos gestionados en colaboraci\u00f3n con la Caja Popular \u201cLas Huastecas\u201d,<\/p><p>El objetivo es fortalecer sus actividades productivas, gracias a los cr\u00e9ditos especialmente dise\u00f1ados para apoyar a las y los productores en la mejora de sus condiciones econ\u00f3micas, permiti\u00e9ndoles continuar y optimizar sus labores agr\u00edcolas y pecuarias.<\/p><p>En su mensaje, Agust\u00edn Soto subray\u00f3 la importancia de brindar estas herramientas financieras a los productores, destacando que estos recursos ser\u00e1n clave para incrementar la productividad del sector rural y mejorar la calidad de vida de quienes trabajan el campo.<\/p><p>Con este tipo de iniciativas, la Secretar\u00eda de Agricultura y Desarrollo Rural reafirma su compromiso de seguir gestionando programas y recursos que impulsen el desarrollo econ\u00f3mico de las familias productoras.<\/p>\t\t\t\t\t\t<\/div>\n\t\t\t\t<\/div>\n\t\t\t\t\t<\/div>\n\t\t<\/div>\n\t\t\t\t\t\t\t<\/div>\n\t\t<\/section>\n\t\t\t\t\t\t\t<\/div>\n\t\t","protected":false},"excerpt":{"rendered":"<p>Pachuca, Hgo., 16 de septiembre de 2024.-La Secretar\u00eda de Agricultura y Desarollo Rural, a trav\u00e9s de la Direcci\u00f3n General de Fomento al Cr\u00e9dito, llevaron a cabo la entrega de cheques a productoras y productores del campo de los municipios de Tlanalapa, Cardonal y Pachuca (Huixmi). Durante un evento encabezado por el subsecretario de Agricultura y [&hellip;]<\/p>\n","protected":false},"author":1,"featured_media":55954,"comment_status":"closed","ping_status":"closed","sticky":false,"template":"","format":"standard","meta":[],"categories":[6],"tags":[],"_links":{"self":[{"href":"https:\/\/www.diarionoti7.com.mx\/index.php?rest_route=\/wp\/v2\/posts\/55952"}],"collection":[{"href":"https:\/\/www.diarionoti7.com.mx\/index.php?rest_route=\/wp\/v2\/posts"}],"about":[{"href":"https:\/\/www.diarionoti7.com.mx\/index.php?rest_route=\/wp\/v2\/types\/post"}],"author":[{"embeddable":true,"href":"https:\/\/www.diarionoti7.com.mx\/index.php?rest_route=\/wp\/v2\/users\/1"}],"replies":[{"embeddable":true,"href":"https:\/\/www.diarionoti7.com.mx\/index.php?rest_route=%2Fwp%2Fv2%2Fcomments&post=55952"}],"version-history":[{"count":4,"href":"https:\/\/www.diarionoti7.com.mx\/index.php?rest_route=\/wp\/v2\/posts\/55952\/revisions"}],"predecessor-version":[{"id":55957,"href":"https:\/\/www.diarionoti7.com.mx\/index.php?rest_route=\/wp\/v2\/posts\/55952\/revisions\/55957"}],"wp:featuredmedia":[{"embeddable":true,"href":"https:\/\/www.diarionoti7.com.mx\/index.php?rest_route=\/wp\/v2\/media\/55954"}],"wp:attachment":[{"href":"https:\/\/www.diarionoti7.com.mx\/index.php?rest_route=%2Fwp%2Fv2%2Fmedia&parent=55952"}],"wp:term":[{"taxonomy":"category","embeddable":true,"href":"https:\/\/www.diarionoti7.com.mx\/index.php?rest_route=%2Fwp%2Fv2%2Fcategories&post=55952"},{"taxonomy":"post_tag","embeddable":true,"href":"https:\/\/www.diarionoti7.com.mx\/index.php?rest_route=%2Fwp%2Fv2%2Ftags&post=55952"}],"curies":[{"name":"wp","href":"https:\/\/api.w.org\/{rel}","templated":true}]}}