{"id":55224,"date":"2024-09-11T09:23:33","date_gmt":"2024-09-11T09:23:33","guid":{"rendered":"https:\/\/www.diarionoti7.com.mx\/?p=55224"},"modified":"2024-09-11T20:24:58","modified_gmt":"2024-09-11T20:24:58","slug":"supervisan-avances-en-la-remodelacion-de-la-plaza-juarez","status":"publish","type":"post","link":"https:\/\/www.diarionoti7.com.mx\/?p=55224","title":{"rendered":"Supervisan Avances en La Remodelaci\u00f3n de La Plaza Ju\u00e1rez"},"content":{"rendered":"\t\t<div data-elementor-type=\"wp-post\" data-elementor-id=\"55224\" class=\"elementor elementor-55224\">\n\t\t\t\t\t\t\t\t\t<section class=\"elementor-section elementor-top-section elementor-element elementor-element-c09b8f0 elementor-section-boxed elementor-section-height-default elementor-section-height-default\" data-id=\"c09b8f0\" data-element_type=\"section\">\n\t\t\t\t\t\t<div class=\"elementor-container elementor-column-gap-default\">\n\t\t\t\t\t<div class=\"elementor-column elementor-col-100 elementor-top-column elementor-element elementor-element-955a561\" data-id=\"955a561\" data-element_type=\"column\">\n\t\t\t<div class=\"elementor-widget-wrap elementor-element-populated\">\n\t\t\t\t\t\t\t\t<div class=\"elementor-element elementor-element-0ce869c elementor-widget elementor-widget-text-editor\" data-id=\"0ce869c\" data-element_type=\"widget\" data-widget_type=\"text-editor.default\">\n\t\t\t\t<div class=\"elementor-widget-container\">\n\t\t\t<style>\/*! elementor - v3.10.2 - 29-01-2023 *\/\n.elementor-widget-text-editor.elementor-drop-cap-view-stacked .elementor-drop-cap{background-color:#818a91;color:#fff}.elementor-widget-text-editor.elementor-drop-cap-view-framed .elementor-drop-cap{color:#818a91;border:3px solid;background-color:transparent}.elementor-widget-text-editor:not(.elementor-drop-cap-view-default) .elementor-drop-cap{margin-top:8px}.elementor-widget-text-editor:not(.elementor-drop-cap-view-default) .elementor-drop-cap-letter{width:1em;height:1em}.elementor-widget-text-editor .elementor-drop-cap{float:left;text-align:center;line-height:1;font-size:50px}.elementor-widget-text-editor .elementor-drop-cap-letter{display:inline-block}<\/style>\t\t\t\t<p><strong>&#8211;\u00a0 Miles de hidalguenses se dar\u00e1n cita en la explanada para dar el tradicional Grito de Independencia<\/strong><\/p><p><strong>Pachuca, Hgo., 10 de septiembre de 2024.-<\/strong>En v\u00edsperas de las fiestas patrias, el gobernador de Hidalgo, Julio Menchaca Salazar, supervis\u00f3 la remodelaci\u00f3n de la Plaza Ju\u00e1rez y del Edificio de Gobierno, obras que responden al compromiso de dignificar los espacios p\u00fablicos en beneficio de la ciudadan\u00eda.<\/p><p>\u201cNos va a dar mucho gusto poder recibirles este 15 de septiembre en estas nuevas instalaciones de la Plaza Ju\u00e1rez que, para muchas personas, adem\u00e1s de representar un punto de encuentro, ha atestiguado parte de nuestra historia\u201d, se\u00f1al\u00f3 el mandatario estatal.<\/p><p>\u201cNuestro compromiso es seguir recuperando este tipo de espacios para que las familias hidalguenses y quienes nos visitan puedan hacerlo en entornos decorosos, seguros y dignos\u201d, a\u00f1adi\u00f3.<\/p><p>Durante este recorrido, el titular de la Oficial\u00eda Mayor, Orlando \u00c1ngeles P\u00e9rez, inform\u00f3 que para las adecuaciones en la explanada se llevaron a cabo tareas de mejoramiento del terreno para la construcci\u00f3n de 8 mil metros cuadrados de concreto estampado de 20 cent\u00edmetros de espesor.<\/p><p>Asimismo, se colocaron sistemas de riego en los jardines, rampas de acceso universal, alimentaciones el\u00e9ctricas y 100 zapatas aisladas con una resistencia de tensi\u00f3n de 4 toneladas, las cuales permitir\u00e1n la instalaci\u00f3n de carpas y domos sin la necesidad de perforar el suelo.<\/p><p>Por lo que respecta a las remodelaciones del Edificio de Gobierno, Menchaca Salazar record\u00f3 que este inmueble, adem\u00e1s de ser la sede del Ejecutivo, representa la oportunidad de acceder a tr\u00e1mites y servicios estatales, por lo que su correcto funcionamiento permitir\u00e1 brindar mejor atenci\u00f3n, al tiempo que se dignifican las \u00e1reas de trabajo.<\/p><p>Entre estas tareas se encuentra la sustituci\u00f3n de la canceler\u00eda existente por un sistema de fachadas inteligentes para que la sensaci\u00f3n t\u00e9rmica disminuya en un 60 por ciento, adem\u00e1s del cambio en elevadores, ba\u00f1os, pintura e instalaciones el\u00e9ctricas.<\/p>\t\t\t\t\t\t<\/div>\n\t\t\t\t<\/div>\n\t\t\t\t\t<\/div>\n\t\t<\/div>\n\t\t\t\t\t\t\t<\/div>\n\t\t<\/section>\n\t\t\t\t\t\t\t<\/div>\n\t\t","protected":false},"excerpt":{"rendered":"<p>&#8211;\u00a0 Miles de hidalguenses se dar\u00e1n cita en la explanada para dar el tradicional Grito de Independencia Pachuca, Hgo., 10 de septiembre de 2024.-En v\u00edsperas de las fiestas patrias, el gobernador de Hidalgo, Julio Menchaca Salazar, supervis\u00f3 la remodelaci\u00f3n de la Plaza Ju\u00e1rez y del Edificio de Gobierno, obras que responden al compromiso de dignificar [&hellip;]<\/p>\n","protected":false},"author":1,"featured_media":55226,"comment_status":"closed","ping_status":"closed","sticky":false,"template":"","format":"standard","meta":[],"categories":[9],"tags":[],"_links":{"self":[{"href":"https:\/\/www.diarionoti7.com.mx\/index.php?rest_route=\/wp\/v2\/posts\/55224"}],"collection":[{"href":"https:\/\/www.diarionoti7.com.mx\/index.php?rest_route=\/wp\/v2\/posts"}],"about":[{"href":"https:\/\/www.diarionoti7.com.mx\/index.php?rest_route=\/wp\/v2\/types\/post"}],"author":[{"embeddable":true,"href":"https:\/\/www.diarionoti7.com.mx\/index.php?rest_route=\/wp\/v2\/users\/1"}],"replies":[{"embeddable":true,"href":"https:\/\/www.diarionoti7.com.mx\/index.php?rest_route=%2Fwp%2Fv2%2Fcomments&post=55224"}],"version-history":[{"count":4,"href":"https:\/\/www.diarionoti7.com.mx\/index.php?rest_route=\/wp\/v2\/posts\/55224\/revisions"}],"predecessor-version":[{"id":55229,"href":"https:\/\/www.diarionoti7.com.mx\/index.php?rest_route=\/wp\/v2\/posts\/55224\/revisions\/55229"}],"wp:featuredmedia":[{"embeddable":true,"href":"https:\/\/www.diarionoti7.com.mx\/index.php?rest_route=\/wp\/v2\/media\/55226"}],"wp:attachment":[{"href":"https:\/\/www.diarionoti7.com.mx\/index.php?rest_route=%2Fwp%2Fv2%2Fmedia&parent=55224"}],"wp:term":[{"taxonomy":"category","embeddable":true,"href":"https:\/\/www.diarionoti7.com.mx\/index.php?rest_route=%2Fwp%2Fv2%2Fcategories&post=55224"},{"taxonomy":"post_tag","embeddable":true,"href":"https:\/\/www.diarionoti7.com.mx\/index.php?rest_route=%2Fwp%2Fv2%2Ftags&post=55224"}],"curies":[{"name":"wp","href":"https:\/\/api.w.org\/{rel}","templated":true}]}}