{"id":55218,"date":"2024-09-11T09:22:20","date_gmt":"2024-09-11T09:22:20","guid":{"rendered":"https:\/\/www.diarionoti7.com.mx\/?p=55218"},"modified":"2024-09-11T20:23:17","modified_gmt":"2024-09-11T20:23:17","slug":"dif-hidalgo-y-procuraduria-del-estado-fortalecen-la-cadena-de-amor","status":"publish","type":"post","link":"https:\/\/www.diarionoti7.com.mx\/?p=55218","title":{"rendered":"DIF Hidalgo y Procuradur\u00eda del Estado fortalecen la \u201cCadena de Amor\u201d"},"content":{"rendered":"\t\t<div data-elementor-type=\"wp-post\" data-elementor-id=\"55218\" class=\"elementor elementor-55218\">\n\t\t\t\t\t\t\t\t\t<section class=\"elementor-section elementor-top-section elementor-element elementor-element-c09b8f0 elementor-section-boxed elementor-section-height-default elementor-section-height-default\" data-id=\"c09b8f0\" data-element_type=\"section\">\n\t\t\t\t\t\t<div class=\"elementor-container elementor-column-gap-default\">\n\t\t\t\t\t<div class=\"elementor-column elementor-col-100 elementor-top-column elementor-element elementor-element-955a561\" data-id=\"955a561\" data-element_type=\"column\">\n\t\t\t<div class=\"elementor-widget-wrap elementor-element-populated\">\n\t\t\t\t\t\t\t\t<div class=\"elementor-element elementor-element-0ce869c elementor-widget elementor-widget-text-editor\" data-id=\"0ce869c\" data-element_type=\"widget\" data-widget_type=\"text-editor.default\">\n\t\t\t\t<div class=\"elementor-widget-container\">\n\t\t\t<style>\/*! elementor - v3.10.2 - 29-01-2023 *\/\n.elementor-widget-text-editor.elementor-drop-cap-view-stacked .elementor-drop-cap{background-color:#818a91;color:#fff}.elementor-widget-text-editor.elementor-drop-cap-view-framed .elementor-drop-cap{color:#818a91;border:3px solid;background-color:transparent}.elementor-widget-text-editor:not(.elementor-drop-cap-view-default) .elementor-drop-cap{margin-top:8px}.elementor-widget-text-editor:not(.elementor-drop-cap-view-default) .elementor-drop-cap-letter{width:1em;height:1em}.elementor-widget-text-editor .elementor-drop-cap{float:left;text-align:center;line-height:1;font-size:50px}.elementor-widget-text-editor .elementor-drop-cap-letter{display:inline-block}<\/style>\t\t\t\t<p><strong>-66 agentes del MP, Polic\u00eda de Investigaci\u00f3n, Facilitadores del Centro de Justicia y Peritos de la PGEH abrieron sus brazos y coraz\u00f3n para la ni\u00f1ez de Casa Cuna<\/strong><\/p><p><strong>-La iniciativa Cadena de Amor tiene grandes resultados en la conducta y desarrollo de las ni\u00f1as y ni\u00f1os del Centro de Asistencia\u00a0\u00a0 <\/strong><\/p><p><strong>Pachuca, Hgo., 10 de septiembre de 2024.-<\/strong>Para dar continuidad con la pol\u00edtica p\u00fablica de Cercan\u00eda con los Grupos de Atenci\u00f3n Prioritaria instaurada por Edda Vite como presidenta del Patronato del Sistema DIF Hidalgo, se llev\u00f3 a cabo en la Ex &#8211; Hacienda de la Concepci\u00f3n la cuarta edici\u00f3n de la Cadena de Amor, actividad de sensibilizaci\u00f3n que busca promover la corresponsabilidad institucional con la ni\u00f1ez del Centro de Asistencia Social \u201cCasa Cuna\u201d a trav\u00e9s de una convivencia llena de calidez, armon\u00eda y un fuerte sentido familiar.<\/p><p>En esta ocasi\u00f3n fueron agentes del Ministerio P\u00fablico, polic\u00edas de investigaci\u00f3n y peritos de la Procuradur\u00eda de General de Justicia del Estado de Hidalgo, coordinada por Francisco Fern\u00e1ndez Hasbun, quienes se comprometieron con la causa de brindar una ma\u00f1ana de diversi\u00f3n y cuidado a las ni\u00f1as y ni\u00f1os del Centro de Asistencia ayud\u00e1ndoles as\u00ed a fortalecer su confianza y sentido de seguridad.<\/p><p>En ese contexto Edda Vite, manifest\u00f3 su reconocimiento con el equipo de la PGJEH pues subray\u00f3 la dureza de las labores que frecuentemente se llevan a cabo todos los d\u00edas en materia de procuraci\u00f3n de justicia del estado.<\/p><p>Por ello, agradeci\u00f3 la gran disposici\u00f3n para arropar a la ni\u00f1ez prioritaria al aportando as\u00ed un granito de arena que ayude a las ni\u00f1as y ni\u00f1os a cruzar de forma acompa\u00f1ada esta etapa crucial en su desarrollo de los cero a los cinco a\u00f1os.<\/p><p>De igual forma asegur\u00f3 que la Cadena de Amor comienza a tener grandes resultados en la poblaci\u00f3n de Casa Cuna quienes presentan un gran avance en su confianza y desenvolvimiento en entornos familiares. Raz\u00f3n por la cual alent\u00f3 a las autoridades de las dependencias estatales a hacer sinergia con el DIFH para dar continuidad a esta iniciativa.<\/p><p>\u201cEste tipo de actividades han sido un parteaguas para que nuestros beb\u00e9s puedan recibir abrazos, as\u00ed como escuchar el latido del coraz\u00f3n de una persona que les est\u00e1 arrullando, apapachando y cuidando. Ha sido formidable la seguridad que hemos logrado desde la primera vez que se realiz\u00f3 la Cadena de Amor; ellos llegaban t\u00edmidamente, sin saber lo que iba a pasar, ahora lo esperan con much\u00edsimo anhelo como cualquier ni\u00f1o sabiendo que van a encontrar much\u00edsimas horas de diversi\u00f3n\u201d, afirm\u00f3 Edda Vite.<\/p><p>Por su parte el jefe del despacho de la Procuradur\u00eda de General de Justicia del Estado de Hidalgo (PGJEH), Francisco Fern\u00e1ndez, dijo sentir una enorme satisfacci\u00f3n personal y laboral al hacer esta sinergia con la Familia DIFH debido a que tambi\u00e9n forma parte del Consejo T\u00e9cnico de Adopciones del Sistema Estatal, ente que ha cambiado la vida de ni\u00f1as, ni\u00f1os y adolescentes al integrarlos a nuevos n\u00facleos familiares.<\/p><p>Tambi\u00e9n manifest\u00f3 que esta bella causa rompe con el esquema habitual de trabajo que se lleva en la PGJEH, debido a que invita a la reflexi\u00f3n y concientizaci\u00f3n sobre la presencia de los grupos de atenci\u00f3n prioritaria en las cuestiones de vulneraci\u00f3n de derechos, por ello invit\u00f3 a las y los titulares de las distintas dependencias del gobierno del estado para sumarse al proyecto y que este pueda institucionalizarse como un programa.\u00a0<\/p><p>\u201cYo les comparto que esta es una acci\u00f3n muy bonita porque le da felicidad a las ni\u00f1as y ni\u00f1os. Invito a todos mis compa\u00f1eros de las diferentes dependencias que se puedan sumar a esta linda causa que podamos ayudar a que este programa se quede permanentemente\u201d, puntualiz\u00f3.<\/p><p>Para Lorenzo Garza, director general de la subprocuradur\u00eda Jur\u00eddica de la PGJEH, quien tuvo a su cargo a un peque\u00f1o durante la convivencia, hizo un llamado a la sociedad hidalguense en general para sensibilizarse ante las condiciones de vida de la ni\u00f1ez y adolescencia en situaci\u00f3n prioritaria asegurando que con peque\u00f1as acciones se puede cambiar la realidad de quien m\u00e1s necesita de brazos y calor.<\/p><p>\u201cNo nada m\u00e1s los servidores p\u00fablicos, creo que toda la sociedad deber\u00edamos sensibilizarnos un poco m\u00e1s al ver las circunstancias de vida que les han tocado a estos peque\u00f1os y darnos cuenta que a veces con tan poquito se les puede hacer muy felices. Aportar este granito de arena que verdaderamente suma, que aporta y a ellos les nutre el alma con un momento de felicidad, es lo m\u00ednimo que como sociedad podemos hacer\u201d.<\/p><p>La convivencia cont\u00f3 con juegos de feria, talleres de pintura, plastilina, stands con pistas de carritos, una esfera interactiva, Inflables con spongies y resbaladillas as\u00ed como curiosos juegos de veterinario para peluches. Adem\u00e1s, cada peque\u00f1a y peque\u00f1o se llev\u00f3 un obsequio como recuerdo de esta incre\u00edble aventura en compa\u00f1\u00eda de los veladores de la justicia en el estado.<\/p><p>Cabe destacar la presencia de Miguel Tello, titular de la Unidad de Planeaci\u00f3n y Prospectiva del estado de Hidalgo, quien asegur\u00f3 que la instituci\u00f3n que representa ser\u00e1 la encargada de dar continuidad a la quinta edici\u00f3n de esta iniciativa que est\u00e1 marcando la diferencia en la memoria colectiva de las y los servidores p\u00fablicos, as\u00ed como de la sociedad hidalguense.<\/p>\t\t\t\t\t\t<\/div>\n\t\t\t\t<\/div>\n\t\t\t\t\t<\/div>\n\t\t<\/div>\n\t\t\t\t\t\t\t<\/div>\n\t\t<\/section>\n\t\t\t\t\t\t\t<\/div>\n\t\t","protected":false},"excerpt":{"rendered":"<p>-66 agentes del MP, Polic\u00eda de Investigaci\u00f3n, Facilitadores del Centro de Justicia y Peritos de la PGEH abrieron sus brazos y coraz\u00f3n para la ni\u00f1ez de Casa Cuna -La iniciativa Cadena de Amor tiene grandes resultados en la conducta y desarrollo de las ni\u00f1as y ni\u00f1os del Centro de Asistencia\u00a0\u00a0 Pachuca, Hgo., 10 de septiembre [&hellip;]<\/p>\n","protected":false},"author":1,"featured_media":55220,"comment_status":"closed","ping_status":"closed","sticky":false,"template":"","format":"standard","meta":[],"categories":[7],"tags":[],"_links":{"self":[{"href":"https:\/\/www.diarionoti7.com.mx\/index.php?rest_route=\/wp\/v2\/posts\/55218"}],"collection":[{"href":"https:\/\/www.diarionoti7.com.mx\/index.php?rest_route=\/wp\/v2\/posts"}],"about":[{"href":"https:\/\/www.diarionoti7.com.mx\/index.php?rest_route=\/wp\/v2\/types\/post"}],"author":[{"embeddable":true,"href":"https:\/\/www.diarionoti7.com.mx\/index.php?rest_route=\/wp\/v2\/users\/1"}],"replies":[{"embeddable":true,"href":"https:\/\/www.diarionoti7.com.mx\/index.php?rest_route=%2Fwp%2Fv2%2Fcomments&post=55218"}],"version-history":[{"count":4,"href":"https:\/\/www.diarionoti7.com.mx\/index.php?rest_route=\/wp\/v2\/posts\/55218\/revisions"}],"predecessor-version":[{"id":55223,"href":"https:\/\/www.diarionoti7.com.mx\/index.php?rest_route=\/wp\/v2\/posts\/55218\/revisions\/55223"}],"wp:featuredmedia":[{"embeddable":true,"href":"https:\/\/www.diarionoti7.com.mx\/index.php?rest_route=\/wp\/v2\/media\/55220"}],"wp:attachment":[{"href":"https:\/\/www.diarionoti7.com.mx\/index.php?rest_route=%2Fwp%2Fv2%2Fmedia&parent=55218"}],"wp:term":[{"taxonomy":"category","embeddable":true,"href":"https:\/\/www.diarionoti7.com.mx\/index.php?rest_route=%2Fwp%2Fv2%2Fcategories&post=55218"},{"taxonomy":"post_tag","embeddable":true,"href":"https:\/\/www.diarionoti7.com.mx\/index.php?rest_route=%2Fwp%2Fv2%2Ftags&post=55218"}],"curies":[{"name":"wp","href":"https:\/\/api.w.org\/{rel}","templated":true}]}}