{"id":55212,"date":"2024-09-11T09:21:01","date_gmt":"2024-09-11T09:21:01","guid":{"rendered":"https:\/\/www.diarionoti7.com.mx\/?p=55212"},"modified":"2024-09-11T20:22:17","modified_gmt":"2024-09-11T20:22:17","slug":"hidalgo-lidera-en-los-primeros-8-meses-del-ano-el-crecimiento-del-empleo-formal-a-nivel-nacional","status":"publish","type":"post","link":"https:\/\/www.diarionoti7.com.mx\/?p=55212","title":{"rendered":"Hidalgo lidera, en los primeros 8 meses del a\u00f1o, el crecimiento del empleo formal a nivel nacional"},"content":{"rendered":"\t\t<div data-elementor-type=\"wp-post\" data-elementor-id=\"55212\" class=\"elementor elementor-55212\">\n\t\t\t\t\t\t\t\t\t<section class=\"elementor-section elementor-top-section elementor-element elementor-element-c09b8f0 elementor-section-boxed elementor-section-height-default elementor-section-height-default\" data-id=\"c09b8f0\" data-element_type=\"section\">\n\t\t\t\t\t\t<div class=\"elementor-container elementor-column-gap-default\">\n\t\t\t\t\t<div class=\"elementor-column elementor-col-100 elementor-top-column elementor-element elementor-element-955a561\" data-id=\"955a561\" data-element_type=\"column\">\n\t\t\t<div class=\"elementor-widget-wrap elementor-element-populated\">\n\t\t\t\t\t\t\t\t<div class=\"elementor-element elementor-element-0ce869c elementor-widget elementor-widget-text-editor\" data-id=\"0ce869c\" data-element_type=\"widget\" data-widget_type=\"text-editor.default\">\n\t\t\t\t<div class=\"elementor-widget-container\">\n\t\t\t<style>\/*! elementor - v3.10.2 - 29-01-2023 *\/\n.elementor-widget-text-editor.elementor-drop-cap-view-stacked .elementor-drop-cap{background-color:#818a91;color:#fff}.elementor-widget-text-editor.elementor-drop-cap-view-framed .elementor-drop-cap{color:#818a91;border:3px solid;background-color:transparent}.elementor-widget-text-editor:not(.elementor-drop-cap-view-default) .elementor-drop-cap{margin-top:8px}.elementor-widget-text-editor:not(.elementor-drop-cap-view-default) .elementor-drop-cap-letter{width:1em;height:1em}.elementor-widget-text-editor .elementor-drop-cap{float:left;text-align:center;line-height:1;font-size:50px}.elementor-widget-text-editor .elementor-drop-cap-letter{display:inline-block}<\/style>\t\t\t\t<p><strong>-De enero-agosto de 2024, el empleo formal en el estado creci\u00f3 5.4 %<\/strong><\/p><p><strong>-Durante este periodo, Hidalgo gener\u00f3 14 mil 480 nuevos empleos formales<\/strong><\/p><p><strong>Pachuca, Hgo., 10 de septiembre del 2024.-<\/strong>La visi\u00f3n del gobernador, Julio Menchaca Salazar, de llevar a Hidalgo a su m\u00e1ximo potencial, aunado al trabajo que se realiza desde la Secretar\u00eda de Desarrollo Econ\u00f3mico (Sedeco), ha permitido posicionar al estado como l\u00edder a nivel nacional en el crecimiento del empleo formal.<\/p><p>De acuerdo con el Instituto Mexicano del Seguro Social (IMSS), en agosto de 2024 el n\u00famero de trabajadores asegurados en Hidalgo alcanz\u00f3 un nuevo m\u00e1ximo hist\u00f3rico de 283 mil 925 registros, con un incremento de 5 mil 542 puestos de trabajo respecto al mes anterior.<\/p><p>En total, en la entidad se han creado 14 mil 480 nuevos empleos formales durante los primeros ocho meses del a\u00f1o, lo que representa una tasa de crecimiento de 5.4 %, superando con creces la tasa nacional de 1.7 %. Con este resultado, Hidalgo se posicion\u00f3 en el primer lugar a nivel nacional por mayor crecimiento.<\/p><p>Estos logros son un reflejo del compromiso del gobierno estatal con la atracci\u00f3n de nuevas inversiones, la creaci\u00f3n de oportunidades y el fortalecimiento de la econom\u00eda local, destac\u00f3 el titular de la Sedeco, Carlos Henkel Escorza.<\/p><p>Por sector, los empleos generados entre enero y agosto de 2024 han sido principalmente en los de construcci\u00f3n (6 mil 370), manufactura (3 mil 325) y comercio (mil 676).<\/p><p>En los primeros dos a\u00f1os del gobierno de Julio Menchaca, en Hidalgo se han creado 26 mil 837 nuevos empleos formales, superando los registros de empleo en el mismo periodo de administraciones anteriores, lo cual demuestra un avance significativo en cuanto a desarrollo econ\u00f3mico.<\/p>\t\t\t\t\t\t<\/div>\n\t\t\t\t<\/div>\n\t\t\t\t\t<\/div>\n\t\t<\/div>\n\t\t\t\t\t\t\t<\/div>\n\t\t<\/section>\n\t\t\t\t<section class=\"elementor-section elementor-top-section elementor-element elementor-element-d546962 elementor-section-boxed elementor-section-height-default elementor-section-height-default\" data-id=\"d546962\" data-element_type=\"section\">\n\t\t\t\t\t\t<div class=\"elementor-container elementor-column-gap-default\">\n\t\t\t\t\t<div class=\"elementor-column elementor-col-100 elementor-top-column elementor-element elementor-element-ea244f8\" data-id=\"ea244f8\" data-element_type=\"column\">\n\t\t\t<div class=\"elementor-widget-wrap elementor-element-populated\">\n\t\t\t\t\t\t\t\t<div class=\"elementor-element elementor-element-c74a44d elementor-aspect-ratio-169 elementor-widget elementor-widget-video\" data-id=\"c74a44d\" data-element_type=\"widget\" data-settings=\"{&quot;youtube_url&quot;:&quot;https:\\\/\\\/youtu.be\\\/3HAhSfBEbfQ&quot;,&quot;video_type&quot;:&quot;youtube&quot;,&quot;controls&quot;:&quot;yes&quot;,&quot;aspect_ratio&quot;:&quot;169&quot;}\" data-widget_type=\"video.default\">\n\t\t\t\t<div class=\"elementor-widget-container\">\n\t\t\t<style>\/*! elementor - v3.10.2 - 29-01-2023 *\/\n.elementor-widget-video .elementor-widget-container{overflow:hidden;transform:translateZ(0)}.elementor-widget-video .elementor-open-inline .elementor-custom-embed-image-overlay{position:absolute;top:0;left:0;width:100%;height:100%;background-size:cover;background-position:50%}.elementor-widget-video .elementor-custom-embed-image-overlay{cursor:pointer;text-align:center}.elementor-widget-video .elementor-custom-embed-image-overlay:hover .elementor-custom-embed-play i{opacity:1}.elementor-widget-video .elementor-custom-embed-image-overlay img{display:block;width:100%}.elementor-widget-video .e-hosted-video .elementor-video{-o-object-fit:cover;object-fit:cover}.e-con-inner>.elementor-widget-video,.e-con>.elementor-widget-video{width:var(--container-widget-width);--flex-grow:var(--container-widget-flex-grow)}<\/style>\t\t<div class=\"elementor-wrapper elementor-fit-aspect-ratio elementor-open-inline\">\n\t\t\t<div class=\"elementor-video\"><\/div>\t\t<\/div>\n\t\t\t\t<\/div>\n\t\t\t\t<\/div>\n\t\t\t\t\t<\/div>\n\t\t<\/div>\n\t\t\t\t\t\t\t<\/div>\n\t\t<\/section>\n\t\t\t\t\t\t\t<\/div>\n\t\t","protected":false},"excerpt":{"rendered":"<p>-De enero-agosto de 2024, el empleo formal en el estado creci\u00f3 5.4 % -Durante este periodo, Hidalgo gener\u00f3 14 mil 480 nuevos empleos formales Pachuca, Hgo., 10 de septiembre del 2024.-La visi\u00f3n del gobernador, Julio Menchaca Salazar, de llevar a Hidalgo a su m\u00e1ximo potencial, aunado al trabajo que se realiza desde la Secretar\u00eda de [&hellip;]<\/p>\n","protected":false},"author":1,"featured_media":55214,"comment_status":"closed","ping_status":"closed","sticky":false,"template":"","format":"standard","meta":[],"categories":[6],"tags":[],"_links":{"self":[{"href":"https:\/\/www.diarionoti7.com.mx\/index.php?rest_route=\/wp\/v2\/posts\/55212"}],"collection":[{"href":"https:\/\/www.diarionoti7.com.mx\/index.php?rest_route=\/wp\/v2\/posts"}],"about":[{"href":"https:\/\/www.diarionoti7.com.mx\/index.php?rest_route=\/wp\/v2\/types\/post"}],"author":[{"embeddable":true,"href":"https:\/\/www.diarionoti7.com.mx\/index.php?rest_route=\/wp\/v2\/users\/1"}],"replies":[{"embeddable":true,"href":"https:\/\/www.diarionoti7.com.mx\/index.php?rest_route=%2Fwp%2Fv2%2Fcomments&post=55212"}],"version-history":[{"count":4,"href":"https:\/\/www.diarionoti7.com.mx\/index.php?rest_route=\/wp\/v2\/posts\/55212\/revisions"}],"predecessor-version":[{"id":55217,"href":"https:\/\/www.diarionoti7.com.mx\/index.php?rest_route=\/wp\/v2\/posts\/55212\/revisions\/55217"}],"wp:featuredmedia":[{"embeddable":true,"href":"https:\/\/www.diarionoti7.com.mx\/index.php?rest_route=\/wp\/v2\/media\/55214"}],"wp:attachment":[{"href":"https:\/\/www.diarionoti7.com.mx\/index.php?rest_route=%2Fwp%2Fv2%2Fmedia&parent=55212"}],"wp:term":[{"taxonomy":"category","embeddable":true,"href":"https:\/\/www.diarionoti7.com.mx\/index.php?rest_route=%2Fwp%2Fv2%2Fcategories&post=55212"},{"taxonomy":"post_tag","embeddable":true,"href":"https:\/\/www.diarionoti7.com.mx\/index.php?rest_route=%2Fwp%2Fv2%2Ftags&post=55212"}],"curies":[{"name":"wp","href":"https:\/\/api.w.org\/{rel}","templated":true}]}}