{"id":54973,"date":"2024-09-09T09:34:31","date_gmt":"2024-09-09T09:34:31","guid":{"rendered":"https:\/\/www.diarionoti7.com.mx\/?p=54973"},"modified":"2024-09-09T17:35:28","modified_gmt":"2024-09-09T17:35:28","slug":"realizan-alumnas-garza-curso-intensivo-en-alemania","status":"publish","type":"post","link":"https:\/\/www.diarionoti7.com.mx\/?p=54973","title":{"rendered":"Realizan Alumnas Garza Curso Intensivo en Alemania"},"content":{"rendered":"\t\t<div data-elementor-type=\"wp-post\" data-elementor-id=\"54973\" class=\"elementor elementor-54973\">\n\t\t\t\t\t\t\t\t\t<section class=\"elementor-section elementor-top-section elementor-element elementor-element-c09b8f0 elementor-section-boxed elementor-section-height-default elementor-section-height-default\" data-id=\"c09b8f0\" data-element_type=\"section\">\n\t\t\t\t\t\t<div class=\"elementor-container elementor-column-gap-default\">\n\t\t\t\t\t<div class=\"elementor-column elementor-col-100 elementor-top-column elementor-element elementor-element-955a561\" data-id=\"955a561\" data-element_type=\"column\">\n\t\t\t<div class=\"elementor-widget-wrap elementor-element-populated\">\n\t\t\t\t\t\t\t\t<div class=\"elementor-element elementor-element-0ce869c elementor-widget elementor-widget-text-editor\" data-id=\"0ce869c\" data-element_type=\"widget\" data-widget_type=\"text-editor.default\">\n\t\t\t\t<div class=\"elementor-widget-container\">\n\t\t\t<style>\/*! elementor - v3.10.2 - 29-01-2023 *\/\n.elementor-widget-text-editor.elementor-drop-cap-view-stacked .elementor-drop-cap{background-color:#818a91;color:#fff}.elementor-widget-text-editor.elementor-drop-cap-view-framed .elementor-drop-cap{color:#818a91;border:3px solid;background-color:transparent}.elementor-widget-text-editor:not(.elementor-drop-cap-view-default) .elementor-drop-cap{margin-top:8px}.elementor-widget-text-editor:not(.elementor-drop-cap-view-default) .elementor-drop-cap-letter{width:1em;height:1em}.elementor-widget-text-editor .elementor-drop-cap{float:left;text-align:center;line-height:1;font-size:50px}.elementor-widget-text-editor .elementor-drop-cap-letter{display:inline-block}<\/style>\t\t\t\t<p><strong>*Estudiantes de la UAEH obtuvieron certificaci\u00f3n de alem\u00e1n en campamento juvenil internacional <\/strong><\/p><p><strong>Pachuca, Hgo., 8 de septiembre de 2024.-<\/strong>Gema Damaris Guerrero Soni y Valentina Pacheco Vargas, estudiantes de la Escuela Preparatoria N\u00famero 1 y de la Escuela Superior de Tizayuca (ESTi) respectivamente, ambas pertenecientes a la Universidad Aut\u00f3noma del Estado de Hidalgo (UAEH), fueron acreedoras a una beca para participar en un curso intensivo y campamento juvenil internacional del idioma alem\u00e1n, llevado a cabo del 29 de junio al 20 de julio en Colonia, Alemania.\u00a0<\/p><p>Las estudiantes Garza viajaron de M\u00e9xico a Alemania, en donde fueron recibidas por parte de sus supervisores, quienes las acompa\u00f1aron en todo momento durante su estancia. Sus clases intensivas de alem\u00e1n fueron impartidas de lunes a viernes en un horario de 9:00 a 15:00 horas, para posteriormente realizar por la tarde diferentes actividades recreativas, como f\u00fatbol y tenis de mesa, entre otras.<\/p><p>Gema Damaris destac\u00f3 en entrevista la importancia del viaje para su formaci\u00f3n, tanto en lo personal como en lo acad\u00e9mico, por lo que la describi\u00f3 como una experiencia inolvidable, por todos los conocimientos adquiridos al hablar alem\u00e1n con personas nativas de dicho pa\u00eds. Mencion\u00f3 que esta vivencia le permiti\u00f3 aprender de la cultura germana, las tradiciones y forma de pensar de quienes habitan ah\u00ed.<\/p><p>Por su parte, Valentina Pacheco comparti\u00f3 que el viajar a Alemania fue un gran reto, debido al nivel de dificultad que tiene el idioma, sin embargo, se\u00f1al\u00f3 que al llegar al lugar se sinti\u00f3 m\u00e1s tranquila por el recibimiento ofrecido por parte de los instructores, quienes fueron muy amables al obsequiarles material y alguna otra herramienta para que se sintieran m\u00e1s familiarizadas con el pa\u00eds.\u00a0\u00a0\u00a0<\/p><p>De igual manera, Gema Damaris invit\u00f3 a la comunidad estudiantil a participar en este tipo de oportunidades que brinda la m\u00e1xima casa de estudios de Hidalgo, pues se requiere de mucho esfuerzo y dedicaci\u00f3n, no obstante, conlleva una gran recompensa.<\/p><p>Finalmente, ambas estudiantes agradecieron a la UAEH por el apoyo que brinda para que las y los estudiantes cuenten con oportunidades de viajar a otros pa\u00edses y fortalecer sus conocimientos ling\u00fc\u00edsticos y culturales, al tiempo que reiteraron su compromiso de continuar con sus estudios de alem\u00e1n.<\/p><p>Con experiencias como esta, la Universidad Aut\u00f3noma del Estado de Hidalgo reafirma su compromiso de brindar a su comunidad estudiantil opciones para expandir sus horizontes acad\u00e9micos y culturales. Gema Damaris y Valentina son ejemplo de c\u00f3mo la dedicaci\u00f3n y el esfuerzo pueden abrir puertas a nivel internacional, inspirando a otros estudiantes Garza a seguir sus pasos y aprovechar las puertas que abre la m\u00e1xima casa de estudios en la entidad.<\/p>\t\t\t\t\t\t<\/div>\n\t\t\t\t<\/div>\n\t\t\t\t\t<\/div>\n\t\t<\/div>\n\t\t\t\t\t\t\t<\/div>\n\t\t<\/section>\n\t\t\t\t\t\t\t<\/div>\n\t\t","protected":false},"excerpt":{"rendered":"<p>*Estudiantes de la UAEH obtuvieron certificaci\u00f3n de alem\u00e1n en campamento juvenil internacional Pachuca, Hgo., 8 de septiembre de 2024.-Gema Damaris Guerrero Soni y Valentina Pacheco Vargas, estudiantes de la Escuela Preparatoria N\u00famero 1 y de la Escuela Superior de Tizayuca (ESTi) respectivamente, ambas pertenecientes a la Universidad Aut\u00f3noma del Estado de Hidalgo (UAEH), fueron acreedoras [&hellip;]<\/p>\n","protected":false},"author":1,"featured_media":54975,"comment_status":"closed","ping_status":"closed","sticky":false,"template":"","format":"standard","meta":[],"categories":[4],"tags":[],"_links":{"self":[{"href":"https:\/\/www.diarionoti7.com.mx\/index.php?rest_route=\/wp\/v2\/posts\/54973"}],"collection":[{"href":"https:\/\/www.diarionoti7.com.mx\/index.php?rest_route=\/wp\/v2\/posts"}],"about":[{"href":"https:\/\/www.diarionoti7.com.mx\/index.php?rest_route=\/wp\/v2\/types\/post"}],"author":[{"embeddable":true,"href":"https:\/\/www.diarionoti7.com.mx\/index.php?rest_route=\/wp\/v2\/users\/1"}],"replies":[{"embeddable":true,"href":"https:\/\/www.diarionoti7.com.mx\/index.php?rest_route=%2Fwp%2Fv2%2Fcomments&post=54973"}],"version-history":[{"count":4,"href":"https:\/\/www.diarionoti7.com.mx\/index.php?rest_route=\/wp\/v2\/posts\/54973\/revisions"}],"predecessor-version":[{"id":54978,"href":"https:\/\/www.diarionoti7.com.mx\/index.php?rest_route=\/wp\/v2\/posts\/54973\/revisions\/54978"}],"wp:featuredmedia":[{"embeddable":true,"href":"https:\/\/www.diarionoti7.com.mx\/index.php?rest_route=\/wp\/v2\/media\/54975"}],"wp:attachment":[{"href":"https:\/\/www.diarionoti7.com.mx\/index.php?rest_route=%2Fwp%2Fv2%2Fmedia&parent=54973"}],"wp:term":[{"taxonomy":"category","embeddable":true,"href":"https:\/\/www.diarionoti7.com.mx\/index.php?rest_route=%2Fwp%2Fv2%2Fcategories&post=54973"},{"taxonomy":"post_tag","embeddable":true,"href":"https:\/\/www.diarionoti7.com.mx\/index.php?rest_route=%2Fwp%2Fv2%2Ftags&post=54973"}],"curies":[{"name":"wp","href":"https:\/\/api.w.org\/{rel}","templated":true}]}}