{"id":54967,"date":"2024-09-09T09:33:29","date_gmt":"2024-09-09T09:33:29","guid":{"rendered":"https:\/\/www.diarionoti7.com.mx\/?p=54967"},"modified":"2024-09-09T17:34:26","modified_gmt":"2024-09-09T17:34:26","slug":"en-mineral-de-la-reforma-el-trabajo-en-favor-de-la-ciudadania-sera-que-bajo-la-consigna-de-no-robar-no-mentir-y-no-traicionar-eduardo-medecigo","status":"publish","type":"post","link":"https:\/\/www.diarionoti7.com.mx\/?p=54967","title":{"rendered":"En Mineral de la Reforma, el trabajo en favor de la ciudadan\u00eda ser\u00e1 que Bajo la consigna de \u201cno robar, no mentir y no traicionar\u201d: Eduardo Med\u00e9cigo"},"content":{"rendered":"\t\t<div data-elementor-type=\"wp-post\" data-elementor-id=\"54967\" class=\"elementor elementor-54967\">\n\t\t\t\t\t\t\t\t\t<section class=\"elementor-section elementor-top-section elementor-element elementor-element-c09b8f0 elementor-section-boxed elementor-section-height-default elementor-section-height-default\" data-id=\"c09b8f0\" data-element_type=\"section\">\n\t\t\t\t\t\t<div class=\"elementor-container elementor-column-gap-default\">\n\t\t\t\t\t<div class=\"elementor-column elementor-col-100 elementor-top-column elementor-element elementor-element-955a561\" data-id=\"955a561\" data-element_type=\"column\">\n\t\t\t<div class=\"elementor-widget-wrap elementor-element-populated\">\n\t\t\t\t\t\t\t\t<div class=\"elementor-element elementor-element-0ce869c elementor-widget elementor-widget-text-editor\" data-id=\"0ce869c\" data-element_type=\"widget\" data-widget_type=\"text-editor.default\">\n\t\t\t\t<div class=\"elementor-widget-container\">\n\t\t\t<style>\/*! elementor - v3.10.2 - 29-01-2023 *\/\n.elementor-widget-text-editor.elementor-drop-cap-view-stacked .elementor-drop-cap{background-color:#818a91;color:#fff}.elementor-widget-text-editor.elementor-drop-cap-view-framed .elementor-drop-cap{color:#818a91;border:3px solid;background-color:transparent}.elementor-widget-text-editor:not(.elementor-drop-cap-view-default) .elementor-drop-cap{margin-top:8px}.elementor-widget-text-editor:not(.elementor-drop-cap-view-default) .elementor-drop-cap-letter{width:1em;height:1em}.elementor-widget-text-editor .elementor-drop-cap{float:left;text-align:center;line-height:1;font-size:50px}.elementor-widget-text-editor .elementor-drop-cap-letter{display:inline-block}<\/style>\t\t\t\t<p><strong>*Es fundamental la participaci\u00f3n de la poblaci\u00f3n. Debemos hacer conciencia de que es responsabilidad de todas y todos el mantener a un Mineral de la Reforma limpio y amigable con el medio ambiente<\/strong><\/p><p>\u00a0 <strong>*Adelant\u00f3 que en breve se dar\u00e1 a conocer la reestructuraci\u00f3n de algunas dependencias municipales<\/strong>.<\/p><p><strong>Mineral de la Reforma, Hidalgo 8 de septiembre del 2024.- <\/strong>Al efectuarse la primera reuni\u00f3n de gabinete, Eduardo Med\u00e9cigo Rubio, presidente municipal de Mineral de la Reforma, indic\u00f3 a su equipo de trabajo, que es necesario evaluar a cada una de las \u00e1reas, con la finalidad de hacer m\u00e1s eficiente la atenci\u00f3n a la poblaci\u00f3n, y con ello brindar soluciones a las demandas ciudadanas\u00a0<\/p><p>Med\u00e9cigo Rubio, al entregar los nombramientos formales a quienes encabezan las diferentes secretar\u00edas del ayuntamiento se\u00f1alo en este municipio el trabajo en favor de la ciudadan\u00eda ser\u00e1 que Bajo la consigna de \u201c<em>no robar, no mentir y no traicionar<\/em>\u201d<\/p><p>Luego, adelant\u00f3 que en breve se dar\u00e1 a conocer la reestructuraci\u00f3n de algunas dependencias municipales, para su mejor desempe\u00f1o, evitando tr\u00e1mites engorrosos y duplicidad de funciones por parte de servidores p\u00fablicos.<\/p><p>As\u00ed mismo, destac\u00f3 que hay servicios que no se pueden detener; por el contrario, es necesario su mejoramiento, como es el caso de la recolecci\u00f3n de basura y el mantenimiento urbano, entre otros.<\/p><p>Explic\u00f3 \u201cTenemos una gran labor en este sentido, sin embargo tambi\u00e9n es fundamental la participaci\u00f3n de la poblaci\u00f3n. Debemos hacer conciencia de que es responsabilidad de todas y todos el mantener a un Mineral de la Reforma limpio y amigable con el medio ambiente\u201d, agreg\u00f3.<\/p><p>Por \u00faltimo, reiter\u00f3 \u201cTenemos un doble compromiso: primero, porque nuestros sueldos los paga la gente; y dos, porque representamos la esperanza de un proyecto diferente de gobernar\u201d. Al tiempo que los exhort\u00f3 a sus colaboradores a hacer un frente com\u00fan en contra de la corrupci\u00f3n y malas pr\u00e1cticas dentro de la administraci\u00f3n p\u00fablica municipal.<\/p>\t\t\t\t\t\t<\/div>\n\t\t\t\t<\/div>\n\t\t\t\t\t<\/div>\n\t\t<\/div>\n\t\t\t\t\t\t\t<\/div>\n\t\t<\/section>\n\t\t\t\t\t\t\t<\/div>\n\t\t","protected":false},"excerpt":{"rendered":"<p>*Es fundamental la participaci\u00f3n de la poblaci\u00f3n. Debemos hacer conciencia de que es responsabilidad de todas y todos el mantener a un Mineral de la Reforma limpio y amigable con el medio ambiente \u00a0 *Adelant\u00f3 que en breve se dar\u00e1 a conocer la reestructuraci\u00f3n de algunas dependencias municipales. Mineral de la Reforma, Hidalgo 8 de [&hellip;]<\/p>\n","protected":false},"author":1,"featured_media":54969,"comment_status":"closed","ping_status":"closed","sticky":false,"template":"","format":"standard","meta":[],"categories":[9],"tags":[],"_links":{"self":[{"href":"https:\/\/www.diarionoti7.com.mx\/index.php?rest_route=\/wp\/v2\/posts\/54967"}],"collection":[{"href":"https:\/\/www.diarionoti7.com.mx\/index.php?rest_route=\/wp\/v2\/posts"}],"about":[{"href":"https:\/\/www.diarionoti7.com.mx\/index.php?rest_route=\/wp\/v2\/types\/post"}],"author":[{"embeddable":true,"href":"https:\/\/www.diarionoti7.com.mx\/index.php?rest_route=\/wp\/v2\/users\/1"}],"replies":[{"embeddable":true,"href":"https:\/\/www.diarionoti7.com.mx\/index.php?rest_route=%2Fwp%2Fv2%2Fcomments&post=54967"}],"version-history":[{"count":4,"href":"https:\/\/www.diarionoti7.com.mx\/index.php?rest_route=\/wp\/v2\/posts\/54967\/revisions"}],"predecessor-version":[{"id":54972,"href":"https:\/\/www.diarionoti7.com.mx\/index.php?rest_route=\/wp\/v2\/posts\/54967\/revisions\/54972"}],"wp:featuredmedia":[{"embeddable":true,"href":"https:\/\/www.diarionoti7.com.mx\/index.php?rest_route=\/wp\/v2\/media\/54969"}],"wp:attachment":[{"href":"https:\/\/www.diarionoti7.com.mx\/index.php?rest_route=%2Fwp%2Fv2%2Fmedia&parent=54967"}],"wp:term":[{"taxonomy":"category","embeddable":true,"href":"https:\/\/www.diarionoti7.com.mx\/index.php?rest_route=%2Fwp%2Fv2%2Fcategories&post=54967"},{"taxonomy":"post_tag","embeddable":true,"href":"https:\/\/www.diarionoti7.com.mx\/index.php?rest_route=%2Fwp%2Fv2%2Ftags&post=54967"}],"curies":[{"name":"wp","href":"https:\/\/api.w.org\/{rel}","templated":true}]}}