{"id":5470,"date":"2023-03-31T17:58:34","date_gmt":"2023-03-31T17:58:34","guid":{"rendered":"https:\/\/www.diarionoti7.com.mx\/?p=5470"},"modified":"2023-03-31T18:00:10","modified_gmt":"2023-03-31T18:00:10","slug":"nuevo-golpe-al-sector-automotriz-nacional-coparmex-hidalgo","status":"publish","type":"post","link":"https:\/\/www.diarionoti7.com.mx\/?p=5470","title":{"rendered":"Nuevo Golpe al Sector Automotriz Nacional: COPARMEX Hidalgo"},"content":{"rendered":"\t\t<div data-elementor-type=\"wp-post\" data-elementor-id=\"5470\" class=\"elementor elementor-5470\">\n\t\t\t\t\t\t\t\t\t<section class=\"elementor-section elementor-top-section elementor-element elementor-element-51c23a4c elementor-section-boxed elementor-section-height-default elementor-section-height-default\" data-id=\"51c23a4c\" data-element_type=\"section\">\n\t\t\t\t\t\t<div class=\"elementor-container elementor-column-gap-default\">\n\t\t\t\t\t<div class=\"elementor-column elementor-col-100 elementor-top-column elementor-element elementor-element-7d2e0b6e\" data-id=\"7d2e0b6e\" data-element_type=\"column\">\n\t\t\t<div class=\"elementor-widget-wrap elementor-element-populated\">\n\t\t\t\t\t\t\t\t<div class=\"elementor-element elementor-element-2f2290cd elementor-widget elementor-widget-text-editor\" data-id=\"2f2290cd\" data-element_type=\"widget\" data-widget_type=\"text-editor.default\">\n\t\t\t\t<div class=\"elementor-widget-container\">\n\t\t\t<style>\/*! elementor - v3.10.2 - 29-01-2023 *\/\n.elementor-widget-text-editor.elementor-drop-cap-view-stacked .elementor-drop-cap{background-color:#818a91;color:#fff}.elementor-widget-text-editor.elementor-drop-cap-view-framed .elementor-drop-cap{color:#818a91;border:3px solid;background-color:transparent}.elementor-widget-text-editor:not(.elementor-drop-cap-view-default) .elementor-drop-cap{margin-top:8px}.elementor-widget-text-editor:not(.elementor-drop-cap-view-default) .elementor-drop-cap-letter{width:1em;height:1em}.elementor-widget-text-editor .elementor-drop-cap{float:left;text-align:center;line-height:1;font-size:50px}.elementor-widget-text-editor .elementor-drop-cap-letter{display:inline-block}<\/style>\t\t\t\t<p><strong>N\u00famero de automotores regularizados es superior a los veh\u00edculos nuevos vendidos<\/strong><\/p><p>*Se ampl\u00eda periodo de regularizaci\u00f3n de veh\u00edculos usados de procedencia extranjera<\/p><p><strong>Pachuca, Hgo. 30 de marzo 2023.- <\/strong>\u00a030 de Marzo de 2023.- El anuncio realizado por el Gobierno de M\u00e9xico de ampliar hasta junio de 2023 el decreto para la regularizaci\u00f3n de veh\u00edculos usados de procedencia extranjera confirma lo que esta decisi\u00f3n pone en total desventaja al mercado mexicano de autos de segunda mano, afirm\u00f3 Juan Manuel Batres Campos, Presidente de la Confederaci\u00f3n Patronal de la Rep\u00fablica Mexicana (Coparmex) en Hidalgo.<\/p><p>\u201cEn Coparmex a nivel nacional coincidimos con lo expresado por la AMDA, Asociaci\u00f3n Mexicana de Distribuidores de Automotores de que esto significa un nuevo golpe al sector automotriz nacional, dado que de marzo del 2022 y hasta febrero de 2023, se regularizaron en M\u00e9xico un mill\u00f3n 319 mil 438 autom\u00f3viles que ingresaron de manera ilegal a nuestro territorio, con un costo por tr\u00e1mite para legalizaci\u00f3n de dos mil 500 pesos\u201d.<\/p><p>Expuso que el impacto se refleja en que el n\u00famero de automotores regularizados es superior por 186 mil 687 unidades, al mill\u00f3n 132 mil 751 veh\u00edculos nuevos vendidos en el mismo periodo de tiempo.<\/p><p>\u00bfQu\u00e9 implica esto?, indic\u00f3 que veh\u00edculos en \u00f3ptimas condiciones se dejaron de comercializar debido a la competencia desleal, a lo que se suma, dijo, el riesgo de caer en situaciones que implican alg\u00fan delito.<\/p><p>\u201cLos fraudes a la poblaci\u00f3n por parte de organizaciones que prometen la legalizaci\u00f3n, no existen reglas claras sobre qu\u00e9 pasar\u00e1 con los veh\u00edculos de contrabando que siguen llegando a M\u00e9xico y que no se regularicen cuando concluyan las ampliaciones dadas a conocer, se maneja que a\u00fan hay m\u00e1s de un mill\u00f3n de unidades esperando ser regularizadas \u201c.<\/p><p>La postura de este Sindicato patronal a nivel nacional es que se debe evitar seguir privilegiando medidas que afectan el desarrollo econ\u00f3mico y que est\u00e1n por encima del bienestar de las familias y de la generaci\u00f3n de empleos que se dan gracias al alto potencial e importancia de la industria automotriz en la naci\u00f3n, concluy\u00f3.<\/p><p>\u00a0<\/p>\t\t\t\t\t\t<\/div>\n\t\t\t\t<\/div>\n\t\t\t\t\t<\/div>\n\t\t<\/div>\n\t\t\t\t\t\t\t<\/div>\n\t\t<\/section>\n\t\t\t\t\t\t\t<\/div>\n\t\t","protected":false},"excerpt":{"rendered":"<p>N\u00famero de automotores regularizados es superior a los veh\u00edculos nuevos vendidos *Se ampl\u00eda periodo de regularizaci\u00f3n de veh\u00edculos usados de procedencia extranjera Pachuca, Hgo. 30 de marzo 2023.- \u00a030 de Marzo de 2023.- El anuncio realizado por el Gobierno de M\u00e9xico de ampliar hasta junio de 2023 el decreto para la regularizaci\u00f3n de veh\u00edculos usados [&hellip;]<\/p>\n","protected":false},"author":1,"featured_media":5477,"comment_status":"closed","ping_status":"closed","sticky":false,"template":"","format":"standard","meta":[],"categories":[6],"tags":[],"_links":{"self":[{"href":"https:\/\/www.diarionoti7.com.mx\/index.php?rest_route=\/wp\/v2\/posts\/5470"}],"collection":[{"href":"https:\/\/www.diarionoti7.com.mx\/index.php?rest_route=\/wp\/v2\/posts"}],"about":[{"href":"https:\/\/www.diarionoti7.com.mx\/index.php?rest_route=\/wp\/v2\/types\/post"}],"author":[{"embeddable":true,"href":"https:\/\/www.diarionoti7.com.mx\/index.php?rest_route=\/wp\/v2\/users\/1"}],"replies":[{"embeddable":true,"href":"https:\/\/www.diarionoti7.com.mx\/index.php?rest_route=%2Fwp%2Fv2%2Fcomments&post=5470"}],"version-history":[{"count":8,"href":"https:\/\/www.diarionoti7.com.mx\/index.php?rest_route=\/wp\/v2\/posts\/5470\/revisions"}],"predecessor-version":[{"id":5480,"href":"https:\/\/www.diarionoti7.com.mx\/index.php?rest_route=\/wp\/v2\/posts\/5470\/revisions\/5480"}],"wp:featuredmedia":[{"embeddable":true,"href":"https:\/\/www.diarionoti7.com.mx\/index.php?rest_route=\/wp\/v2\/media\/5477"}],"wp:attachment":[{"href":"https:\/\/www.diarionoti7.com.mx\/index.php?rest_route=%2Fwp%2Fv2%2Fmedia&parent=5470"}],"wp:term":[{"taxonomy":"category","embeddable":true,"href":"https:\/\/www.diarionoti7.com.mx\/index.php?rest_route=%2Fwp%2Fv2%2Fcategories&post=5470"},{"taxonomy":"post_tag","embeddable":true,"href":"https:\/\/www.diarionoti7.com.mx\/index.php?rest_route=%2Fwp%2Fv2%2Ftags&post=5470"}],"curies":[{"name":"wp","href":"https:\/\/api.w.org\/{rel}","templated":true}]}}