{"id":54694,"date":"2024-09-05T09:38:26","date_gmt":"2024-09-05T09:38:26","guid":{"rendered":"https:\/\/www.diarionoti7.com.mx\/?p=54694"},"modified":"2024-09-05T17:45:24","modified_gmt":"2024-09-05T17:45:24","slug":"lxvi-legislatura-queda-formalmente-instalada","status":"publish","type":"post","link":"https:\/\/www.diarionoti7.com.mx\/?p=54694","title":{"rendered":"LXVI Legislatura Queda Formalmente Instalada"},"content":{"rendered":"\t\t<div data-elementor-type=\"wp-post\" data-elementor-id=\"54694\" class=\"elementor elementor-54694\">\n\t\t\t\t\t\t\t\t\t<section class=\"elementor-section elementor-top-section elementor-element elementor-element-c09b8f0 elementor-section-boxed elementor-section-height-default elementor-section-height-default\" data-id=\"c09b8f0\" data-element_type=\"section\">\n\t\t\t\t\t\t<div class=\"elementor-container elementor-column-gap-default\">\n\t\t\t\t\t<div class=\"elementor-column elementor-col-100 elementor-top-column elementor-element elementor-element-955a561\" data-id=\"955a561\" data-element_type=\"column\">\n\t\t\t<div class=\"elementor-widget-wrap elementor-element-populated\">\n\t\t\t\t\t\t\t\t<div class=\"elementor-element elementor-element-0ce869c elementor-widget elementor-widget-text-editor\" data-id=\"0ce869c\" data-element_type=\"widget\" data-widget_type=\"text-editor.default\">\n\t\t\t\t<div class=\"elementor-widget-container\">\n\t\t\t<style>\/*! elementor - v3.10.2 - 29-01-2023 *\/\n.elementor-widget-text-editor.elementor-drop-cap-view-stacked .elementor-drop-cap{background-color:#818a91;color:#fff}.elementor-widget-text-editor.elementor-drop-cap-view-framed .elementor-drop-cap{color:#818a91;border:3px solid;background-color:transparent}.elementor-widget-text-editor:not(.elementor-drop-cap-view-default) .elementor-drop-cap{margin-top:8px}.elementor-widget-text-editor:not(.elementor-drop-cap-view-default) .elementor-drop-cap-letter{width:1em;height:1em}.elementor-widget-text-editor .elementor-drop-cap{float:left;text-align:center;line-height:1;font-size:50px}.elementor-widget-text-editor .elementor-drop-cap-letter{display:inline-block}<\/style>\t\t\t\t<p>*<strong>Toman protesta 30 diputadas y diputados ante el Pleno del Congreso del Estado.<\/strong><\/p><p><strong>*Andr\u00e9s Vel\u00e1zquez V\u00e1zquez presidir\u00e1 la Junta de Gobierno.\u00a0<\/strong><\/p><p>En la primera sesi\u00f3n de la LXVI Legislatura, del Congreso del Estado de Hidalgo, qued\u00f3 leg\u00edtimamente constituida la Sexag\u00e9sima Sexta Legislatura para el desempe\u00f1o de sus funciones constitucionales como lo marca Ley Org\u00e1nica del Poder Legislativo.<\/p><p>Durante el orden del d\u00eda las 30 legisladoras y legisladores tomaron protesta ante el pleno del Congreso del Estado, de los grupos legislativos de Morena, Nueva Alianza, Partido del Trabajo, Partido Revolucionario Institucional, Partido Verde Ecologista, Partido Acci\u00f3n Nacional y Partido de la Revoluci\u00f3n Democr\u00e1tica.<\/p><p>En otro punto, se dio a conocer la conformaci\u00f3n de la Junta de Gobierno de la LXVI Legislatura, la cual ser\u00e1 presidida por el coordinador legislativo de morena, diputado Andr\u00e9s Vel\u00e1zquez V\u00e1zquez, quien fungir\u00e1 durante el periodo comprendido del 5 de septiembre de 2024 al 4 de septiembre de 2027, quedando firmada por todas las fuerzas pol\u00edticas.<\/p><p>Asumir\u00e1 el legislador local todas las funciones, derechos, obligaciones y responsabilidades del cargo, de acuerdo a los t\u00e9rminos de la legislaci\u00f3n vigente con apoyo de los \u00f3rganos t\u00e9cnicos y administrativos del Congreso del Estado.<\/p><p>Secretaria, M\u00f3nica Reyes Mart\u00ednez; vocal, Francisco Javier T\u00e9llez S\u00e1nchez; vocal, Marco Antonio Mendoza Bustamante; vocal, Avelino Tovar Iglesias; vocal, Carlos Alejandro Alc\u00e1ntara Carbajal; vocal, Claudia Lilia Luna Islas; vocal Leonel Perusquia Muedano.<\/p><p>En su mensaje del presidente de la mesa directiva del mes de septiembre, diputado Andr\u00e9s Vel\u00e1zquez V\u00e1zquez se\u00f1al\u00f3 que desde la Junta de Gobierno buscar\u00e1 trabajar con un esp\u00edritu de unidad, priorizando siempre el bien com\u00fan sobre cualquier discordia, distracci\u00f3n o polarizaci\u00f3n, pero siempre pensando en el bienestar de los hidalguenses\u201d.<\/p><p>\u201cComo diputadas y diputados mantener un clima de colaboraci\u00f3n y cooperaci\u00f3n con el poder ejecutivo, judicial y la federaci\u00f3n, as\u00ed como con los municipios, por ello estaremos\u00a0atentos a los cambios pol\u00edticos y sociales que obedecen a la nueva realidad hist\u00f3rica de M\u00e9xico, reconocemos el liderazgo del gobernador licenciado Julio Menchaca Salazar para\u00a0continuar con la transformaci\u00f3n de Hidalgo creo firmemente que se debe aprovechar la comunicaci\u00f3n efectiva y permanente que ha trazado para fortalecer nuestro trabajo legislativo.\u201d<\/p><p>El diputado local resalt\u00f3 que es esencial trabajar para reconstruir el lazo de confianza entre la ciudadan\u00eda y el congreso. \u201cLa lucha contra la corrupci\u00f3n debe de ser uno de los pilares de nuestra agenda legislativa, contribuir por leyes y reformas que terminen por fin con la corrupci\u00f3n con este mal que ha debilitado el tejido social e impedido el desarrollo de nuestro estado. debemos actuar con transparencia \u00e9tica y firmeza\u201d, apunt\u00f3<\/p><p>La primera mesa directiva del mes de septiembre 2024 qued\u00f3 conformada en la Presidencia, diputado Andr\u00e9s Vel\u00e1zquez V\u00e1zquez, vicepresidencia, diputada M\u00f3nica Reyes, suplente propietario, legislador Francisco Javier T\u00e9llez S\u00e1nchez; secretario propietario, diputado Marco Antonio Mendoza Bustamante; suplente general legisladora Lizbeth Irais Ordaz Islas; suplente general, diputado Yarav\u00ed Gonz\u00e1lez Mart\u00ednez.<\/p><p>Al agotarse los puntos del orden del d\u00eda, el presidente de la mesa directiva del mes de septiembre, diputado Andr\u00e9s Vel\u00e1zquez V\u00e1zquez, cit\u00f3 a las diputadas y diputados a las 9 horas del 5 de septiembre del a\u00f1o en curso, para realizar la sesi\u00f3n solemne que dar\u00e1 la apertura del primer periodo ordinario de sesiones del primer a\u00f1o de ejercicio constitucional en la que tambi\u00e9n se recibir\u00e1 el informe del estado que guarda los diversos ramos de la administraci\u00f3n p\u00fablica estatal.<\/p>\t\t\t\t\t\t<\/div>\n\t\t\t\t<\/div>\n\t\t\t\t\t<\/div>\n\t\t<\/div>\n\t\t\t\t\t\t\t<\/div>\n\t\t<\/section>\n\t\t\t\t<section class=\"elementor-section elementor-top-section elementor-element elementor-element-1be11e1 elementor-section-boxed elementor-section-height-default elementor-section-height-default\" data-id=\"1be11e1\" data-element_type=\"section\">\n\t\t\t\t\t\t<div class=\"elementor-container elementor-column-gap-default\">\n\t\t\t\t\t<div class=\"elementor-column elementor-col-100 elementor-top-column elementor-element elementor-element-923e8ad\" data-id=\"923e8ad\" data-element_type=\"column\">\n\t\t\t<div class=\"elementor-widget-wrap elementor-element-populated\">\n\t\t\t\t\t\t\t\t<div class=\"elementor-element elementor-element-7d4a60f elementor-aspect-ratio-169 elementor-widget elementor-widget-video\" data-id=\"7d4a60f\" data-element_type=\"widget\" data-settings=\"{&quot;youtube_url&quot;:&quot;https:\\\/\\\/youtu.be\\\/HT9xI-d1648&quot;,&quot;video_type&quot;:&quot;youtube&quot;,&quot;controls&quot;:&quot;yes&quot;,&quot;aspect_ratio&quot;:&quot;169&quot;}\" data-widget_type=\"video.default\">\n\t\t\t\t<div class=\"elementor-widget-container\">\n\t\t\t<style>\/*! elementor - v3.10.2 - 29-01-2023 *\/\n.elementor-widget-video .elementor-widget-container{overflow:hidden;transform:translateZ(0)}.elementor-widget-video .elementor-open-inline .elementor-custom-embed-image-overlay{position:absolute;top:0;left:0;width:100%;height:100%;background-size:cover;background-position:50%}.elementor-widget-video .elementor-custom-embed-image-overlay{cursor:pointer;text-align:center}.elementor-widget-video .elementor-custom-embed-image-overlay:hover .elementor-custom-embed-play i{opacity:1}.elementor-widget-video .elementor-custom-embed-image-overlay img{display:block;width:100%}.elementor-widget-video .e-hosted-video .elementor-video{-o-object-fit:cover;object-fit:cover}.e-con-inner>.elementor-widget-video,.e-con>.elementor-widget-video{width:var(--container-widget-width);--flex-grow:var(--container-widget-flex-grow)}<\/style>\t\t<div class=\"elementor-wrapper elementor-fit-aspect-ratio elementor-open-inline\">\n\t\t\t<div class=\"elementor-video\"><\/div>\t\t<\/div>\n\t\t\t\t<\/div>\n\t\t\t\t<\/div>\n\t\t\t\t\t<\/div>\n\t\t<\/div>\n\t\t\t\t\t\t\t<\/div>\n\t\t<\/section>\n\t\t\t\t\t\t\t<\/div>\n\t\t","protected":false},"excerpt":{"rendered":"<p>*Toman protesta 30 diputadas y diputados ante el Pleno del Congreso del Estado. *Andr\u00e9s Vel\u00e1zquez V\u00e1zquez presidir\u00e1 la Junta de Gobierno.\u00a0 En la primera sesi\u00f3n de la LXVI Legislatura, del Congreso del Estado de Hidalgo, qued\u00f3 leg\u00edtimamente constituida la Sexag\u00e9sima Sexta Legislatura para el desempe\u00f1o de sus funciones constitucionales como lo marca Ley Org\u00e1nica del [&hellip;]<\/p>\n","protected":false},"author":1,"featured_media":54696,"comment_status":"closed","ping_status":"closed","sticky":false,"template":"","format":"standard","meta":[],"categories":[3],"tags":[],"_links":{"self":[{"href":"https:\/\/www.diarionoti7.com.mx\/index.php?rest_route=\/wp\/v2\/posts\/54694"}],"collection":[{"href":"https:\/\/www.diarionoti7.com.mx\/index.php?rest_route=\/wp\/v2\/posts"}],"about":[{"href":"https:\/\/www.diarionoti7.com.mx\/index.php?rest_route=\/wp\/v2\/types\/post"}],"author":[{"embeddable":true,"href":"https:\/\/www.diarionoti7.com.mx\/index.php?rest_route=\/wp\/v2\/users\/1"}],"replies":[{"embeddable":true,"href":"https:\/\/www.diarionoti7.com.mx\/index.php?rest_route=%2Fwp%2Fv2%2Fcomments&post=54694"}],"version-history":[{"count":4,"href":"https:\/\/www.diarionoti7.com.mx\/index.php?rest_route=\/wp\/v2\/posts\/54694\/revisions"}],"predecessor-version":[{"id":54699,"href":"https:\/\/www.diarionoti7.com.mx\/index.php?rest_route=\/wp\/v2\/posts\/54694\/revisions\/54699"}],"wp:featuredmedia":[{"embeddable":true,"href":"https:\/\/www.diarionoti7.com.mx\/index.php?rest_route=\/wp\/v2\/media\/54696"}],"wp:attachment":[{"href":"https:\/\/www.diarionoti7.com.mx\/index.php?rest_route=%2Fwp%2Fv2%2Fmedia&parent=54694"}],"wp:term":[{"taxonomy":"category","embeddable":true,"href":"https:\/\/www.diarionoti7.com.mx\/index.php?rest_route=%2Fwp%2Fv2%2Fcategories&post=54694"},{"taxonomy":"post_tag","embeddable":true,"href":"https:\/\/www.diarionoti7.com.mx\/index.php?rest_route=%2Fwp%2Fv2%2Ftags&post=54694"}],"curies":[{"name":"wp","href":"https:\/\/api.w.org\/{rel}","templated":true}]}}