{"id":5464,"date":"2023-03-31T17:57:49","date_gmt":"2023-03-31T17:57:49","guid":{"rendered":"https:\/\/www.diarionoti7.com.mx\/?p=5464"},"modified":"2023-03-31T17:58:28","modified_gmt":"2023-03-31T17:58:28","slug":"edil-de-tulancingo-entrego-el-primer-paquete-de-escrituras-2023-a-habitantes-de-ahuehuetitla-el-paraiso-y-la-canada","status":"publish","type":"post","link":"https:\/\/www.diarionoti7.com.mx\/?p=5464","title":{"rendered":"Edil de Tulancingo Entrego el Primer Paquete de Escrituras 2023 a Habitantes de Ahuehuetitla, el Para\u00edso y la Ca\u00f1ada"},"content":{"rendered":"\t\t<div data-elementor-type=\"wp-post\" data-elementor-id=\"5464\" class=\"elementor elementor-5464\">\n\t\t\t\t\t\t\t\t\t<section class=\"elementor-section elementor-top-section elementor-element elementor-element-51c23a4c elementor-section-boxed elementor-section-height-default elementor-section-height-default\" data-id=\"51c23a4c\" data-element_type=\"section\">\n\t\t\t\t\t\t<div class=\"elementor-container elementor-column-gap-default\">\n\t\t\t\t\t<div class=\"elementor-column elementor-col-100 elementor-top-column elementor-element elementor-element-7d2e0b6e\" data-id=\"7d2e0b6e\" data-element_type=\"column\">\n\t\t\t<div class=\"elementor-widget-wrap elementor-element-populated\">\n\t\t\t\t\t\t\t\t<div class=\"elementor-element elementor-element-2f2290cd elementor-widget elementor-widget-text-editor\" data-id=\"2f2290cd\" data-element_type=\"widget\" data-widget_type=\"text-editor.default\">\n\t\t\t\t<div class=\"elementor-widget-container\">\n\t\t\t<style>\/*! elementor - v3.10.2 - 29-01-2023 *\/\n.elementor-widget-text-editor.elementor-drop-cap-view-stacked .elementor-drop-cap{background-color:#818a91;color:#fff}.elementor-widget-text-editor.elementor-drop-cap-view-framed .elementor-drop-cap{color:#818a91;border:3px solid;background-color:transparent}.elementor-widget-text-editor:not(.elementor-drop-cap-view-default) .elementor-drop-cap{margin-top:8px}.elementor-widget-text-editor:not(.elementor-drop-cap-view-default) .elementor-drop-cap-letter{width:1em;height:1em}.elementor-widget-text-editor .elementor-drop-cap{float:left;text-align:center;line-height:1;font-size:50px}.elementor-widget-text-editor .elementor-drop-cap-letter{display:inline-block}<\/style>\t\t\t\t<p><strong>Tulancingo, Hgo. 30 de marzo 2023.- <\/strong>Habitantes de las\u00a0colonias Ahuehuetitla, el Para\u00edso y la Ca\u00f1ada\u00a0recibieron por parte del gobierno de Tulancingo las escrituras que los avalan como propietarios legales del predio que adquirieron tiempo atr\u00e1s.<\/p><p>Durante el evento, que estuvo encabezado por Jorge M\u00e1rquez Alvarado, alcalde de Tulancingo, se indic\u00f3 que la entrega de los documentos legales es el primer paquete del 2023 y fue resultado del programa de Ordenamiento Territorial y Agrario.<\/p><p>En ese sentido, el edil destac\u00f3 que las y los beneficiarios est\u00e1n en condiciones de vender, ceder, donar o cualquier otra acci\u00f3n que decidan pues la superficie ahora es legal y cuenta con certeza jur\u00eddica.<\/p><p>Por \u00faltimo, el mandatario record\u00f3 que durante su administraci\u00f3n se han otorgado cerca de 200 escrituras, a pesar de que es un procedimiento largo pero viable, cuando hay colaboraci\u00f3n entre las partes involucradas; la localidades principalmente atendidas son Reforma, dentro del ejido\u00a0El Para\u00edso;\u00a0 Lomas del Pedregal, del ejido de Zapotl\u00e1n de Allende.<\/p><p>Por su parte, Juan Ortega Garrido, titular de la direcci\u00f3n de\u00a0Ordenamiento Territorial, aclar\u00f3 que existen tres v\u00edas que hacen posible llegar a la escrituraci\u00f3n, la m\u00e1s utilizada por la administraci\u00f3n es la notarial, cuando existe un acuerdo de regularizaci\u00f3n y donaci\u00f3n entre propietario y municipio; las otras dos v\u00edas son judicial y agraria.<\/p><p>Finalmente, las autoridades locales solicitaron a la ciudadan\u00eda a que, antes de comprar cualquier predio, verifiquen previamente la condici\u00f3n legal del mismo, a fin de evitar ser v\u00edctimas de fraude o \u00abcomprar\u00bb problemas a futuro, ya que las superficies cuentan con diversos inconvenientes o quienes venden no son los due\u00f1os.<\/p><p>\u00a0<\/p>\t\t\t\t\t\t<\/div>\n\t\t\t\t<\/div>\n\t\t\t\t\t<\/div>\n\t\t<\/div>\n\t\t\t\t\t\t\t<\/div>\n\t\t<\/section>\n\t\t\t\t\t\t\t<\/div>\n\t\t","protected":false},"excerpt":{"rendered":"<p>Tulancingo, Hgo. 30 de marzo 2023.- Habitantes de las\u00a0colonias Ahuehuetitla, el Para\u00edso y la Ca\u00f1ada\u00a0recibieron por parte del gobierno de Tulancingo las escrituras que los avalan como propietarios legales del predio que adquirieron tiempo atr\u00e1s. Durante el evento, que estuvo encabezado por Jorge M\u00e1rquez Alvarado, alcalde de Tulancingo, se indic\u00f3 que la entrega de los [&hellip;]<\/p>\n","protected":false},"author":1,"featured_media":5466,"comment_status":"closed","ping_status":"closed","sticky":false,"template":"","format":"standard","meta":[],"categories":[9],"tags":[],"_links":{"self":[{"href":"https:\/\/www.diarionoti7.com.mx\/index.php?rest_route=\/wp\/v2\/posts\/5464"}],"collection":[{"href":"https:\/\/www.diarionoti7.com.mx\/index.php?rest_route=\/wp\/v2\/posts"}],"about":[{"href":"https:\/\/www.diarionoti7.com.mx\/index.php?rest_route=\/wp\/v2\/types\/post"}],"author":[{"embeddable":true,"href":"https:\/\/www.diarionoti7.com.mx\/index.php?rest_route=\/wp\/v2\/users\/1"}],"replies":[{"embeddable":true,"href":"https:\/\/www.diarionoti7.com.mx\/index.php?rest_route=%2Fwp%2Fv2%2Fcomments&post=5464"}],"version-history":[{"count":4,"href":"https:\/\/www.diarionoti7.com.mx\/index.php?rest_route=\/wp\/v2\/posts\/5464\/revisions"}],"predecessor-version":[{"id":5469,"href":"https:\/\/www.diarionoti7.com.mx\/index.php?rest_route=\/wp\/v2\/posts\/5464\/revisions\/5469"}],"wp:featuredmedia":[{"embeddable":true,"href":"https:\/\/www.diarionoti7.com.mx\/index.php?rest_route=\/wp\/v2\/media\/5466"}],"wp:attachment":[{"href":"https:\/\/www.diarionoti7.com.mx\/index.php?rest_route=%2Fwp%2Fv2%2Fmedia&parent=5464"}],"wp:term":[{"taxonomy":"category","embeddable":true,"href":"https:\/\/www.diarionoti7.com.mx\/index.php?rest_route=%2Fwp%2Fv2%2Fcategories&post=5464"},{"taxonomy":"post_tag","embeddable":true,"href":"https:\/\/www.diarionoti7.com.mx\/index.php?rest_route=%2Fwp%2Fv2%2Ftags&post=5464"}],"curies":[{"name":"wp","href":"https:\/\/api.w.org\/{rel}","templated":true}]}}