{"id":5458,"date":"2023-03-31T17:55:44","date_gmt":"2023-03-31T17:55:44","guid":{"rendered":"https:\/\/www.diarionoti7.com.mx\/?p=5458"},"modified":"2023-03-31T17:57:41","modified_gmt":"2023-03-31T17:57:41","slug":"apelan-no-vinculacion-de-willy-trejo-y-piden-procedimiento-contra-la-jueza-de-control-por-dejarlo-en-libertad","status":"publish","type":"post","link":"https:\/\/www.diarionoti7.com.mx\/?p=5458","title":{"rendered":"Apelan no Vinculaci\u00f3n de \u201cWilly\u201d Trejo y Piden Procedimiento Contra la Jueza de Control por Dejarlo en libertad"},"content":{"rendered":"\t\t<div data-elementor-type=\"wp-post\" data-elementor-id=\"5458\" class=\"elementor elementor-5458\">\n\t\t\t\t\t\t\t\t\t<section class=\"elementor-section elementor-top-section elementor-element elementor-element-51c23a4c elementor-section-boxed elementor-section-height-default elementor-section-height-default\" data-id=\"51c23a4c\" data-element_type=\"section\">\n\t\t\t\t\t\t<div class=\"elementor-container elementor-column-gap-default\">\n\t\t\t\t\t<div class=\"elementor-column elementor-col-100 elementor-top-column elementor-element elementor-element-7d2e0b6e\" data-id=\"7d2e0b6e\" data-element_type=\"column\">\n\t\t\t<div class=\"elementor-widget-wrap elementor-element-populated\">\n\t\t\t\t\t\t\t\t<div class=\"elementor-element elementor-element-2f2290cd elementor-widget elementor-widget-text-editor\" data-id=\"2f2290cd\" data-element_type=\"widget\" data-widget_type=\"text-editor.default\">\n\t\t\t\t<div class=\"elementor-widget-container\">\n\t\t\t<style>\/*! elementor - v3.10.2 - 29-01-2023 *\/\n.elementor-widget-text-editor.elementor-drop-cap-view-stacked .elementor-drop-cap{background-color:#818a91;color:#fff}.elementor-widget-text-editor.elementor-drop-cap-view-framed .elementor-drop-cap{color:#818a91;border:3px solid;background-color:transparent}.elementor-widget-text-editor:not(.elementor-drop-cap-view-default) .elementor-drop-cap{margin-top:8px}.elementor-widget-text-editor:not(.elementor-drop-cap-view-default) .elementor-drop-cap-letter{width:1em;height:1em}.elementor-widget-text-editor .elementor-drop-cap{float:left;text-align:center;line-height:1;font-size:50px}.elementor-widget-text-editor .elementor-drop-cap-letter{display:inline-block}<\/style>\t\t\t\t<p><strong>Pachuca, Hgo. 30 de marzo 2023.- <\/strong>Luego de que\u00a0Arturo Williams Trejo Leal y Eva Medina\u00a0libraron la vinculaci\u00f3n a proceso por el delito de violaci\u00f3n y abuso sexual en contra de dos menores de edad, la\u00a0Procuradur\u00eda General de Justicia del Estado de Hidalgo (PGJEH) apel\u00f3 la determinaci\u00f3n de la jueza Janett Montiel Mendoza, a quien la familia de las v\u00edctimas pedir\u00e1 que se le investigue por las presuntas omisiones en su actuar.<\/p><p>As\u00ed lo dio a conocer Aylen Trejo Leal, t\u00eda de las v\u00edctimas, quien en conferencia de prensa indic\u00f3 que la PGJEH, dependencia a cargo de Santiago Nieto Castillo, ya present\u00f3 el recurso contra la decisi\u00f3n que dict\u00f3 la jueza el pasado 16 de marzo; adem\u00e1s, se\u00f1al\u00f3 que la Procuradur\u00eda inici\u00f3 otra l\u00ednea de investigaci\u00f3n en el caso, a fin de indagar a otras dos personas que podr\u00edan estar involucradas en las agresiones sexuales que sufrieron las infantes, con lo cual suman siete personas investigadas, entre ellas el excandidato a la alcald\u00eda de Zimap\u00e1n y su esposa.<\/p><p>La quejosa agreg\u00f3 que tambi\u00e9n se est\u00e1n haciendo las labores correspondientes para que se le finquen responsabilidades a la jueza de control\u00a0Janett Montiel\u00a0por\u00a0\u201cser omisa\u201d\u00a0en su actuar, pues se\u00f1al\u00f3 que las menores pasaron varios procesos de revictimizaci\u00f3n, no se les hicieron peritajes y su testimonio fue catalogado como \u201cun dicho\u201d por parte de la autoridad judicial.<\/p><p>Finalmente, Aylen Trejo expuso la existencia de otras carpetas de investigaci\u00f3n en la Fiscal\u00eda General de la Rep\u00fablica, iniciadas en agosto del 2022 por la PGJEH en relaci\u00f3n al caso y por delitos de \u00edndole sexual; sin embargo, no precis\u00f3 el n\u00famero de querellas abiertas.<\/p>\t\t\t\t\t\t<\/div>\n\t\t\t\t<\/div>\n\t\t\t\t\t<\/div>\n\t\t<\/div>\n\t\t\t\t\t\t\t<\/div>\n\t\t<\/section>\n\t\t\t\t\t\t\t<\/div>\n\t\t","protected":false},"excerpt":{"rendered":"<p>Pachuca, Hgo. 30 de marzo 2023.- Luego de que\u00a0Arturo Williams Trejo Leal y Eva Medina\u00a0libraron la vinculaci\u00f3n a proceso por el delito de violaci\u00f3n y abuso sexual en contra de dos menores de edad, la\u00a0Procuradur\u00eda General de Justicia del Estado de Hidalgo (PGJEH) apel\u00f3 la determinaci\u00f3n de la jueza Janett Montiel Mendoza, a quien la [&hellip;]<\/p>\n","protected":false},"author":1,"featured_media":5460,"comment_status":"closed","ping_status":"closed","sticky":false,"template":"","format":"standard","meta":[],"categories":[22],"tags":[],"_links":{"self":[{"href":"https:\/\/www.diarionoti7.com.mx\/index.php?rest_route=\/wp\/v2\/posts\/5458"}],"collection":[{"href":"https:\/\/www.diarionoti7.com.mx\/index.php?rest_route=\/wp\/v2\/posts"}],"about":[{"href":"https:\/\/www.diarionoti7.com.mx\/index.php?rest_route=\/wp\/v2\/types\/post"}],"author":[{"embeddable":true,"href":"https:\/\/www.diarionoti7.com.mx\/index.php?rest_route=\/wp\/v2\/users\/1"}],"replies":[{"embeddable":true,"href":"https:\/\/www.diarionoti7.com.mx\/index.php?rest_route=%2Fwp%2Fv2%2Fcomments&post=5458"}],"version-history":[{"count":4,"href":"https:\/\/www.diarionoti7.com.mx\/index.php?rest_route=\/wp\/v2\/posts\/5458\/revisions"}],"predecessor-version":[{"id":5463,"href":"https:\/\/www.diarionoti7.com.mx\/index.php?rest_route=\/wp\/v2\/posts\/5458\/revisions\/5463"}],"wp:featuredmedia":[{"embeddable":true,"href":"https:\/\/www.diarionoti7.com.mx\/index.php?rest_route=\/wp\/v2\/media\/5460"}],"wp:attachment":[{"href":"https:\/\/www.diarionoti7.com.mx\/index.php?rest_route=%2Fwp%2Fv2%2Fmedia&parent=5458"}],"wp:term":[{"taxonomy":"category","embeddable":true,"href":"https:\/\/www.diarionoti7.com.mx\/index.php?rest_route=%2Fwp%2Fv2%2Fcategories&post=5458"},{"taxonomy":"post_tag","embeddable":true,"href":"https:\/\/www.diarionoti7.com.mx\/index.php?rest_route=%2Fwp%2Fv2%2Ftags&post=5458"}],"curies":[{"name":"wp","href":"https:\/\/api.w.org\/{rel}","templated":true}]}}