{"id":54164,"date":"2024-08-31T09:38:46","date_gmt":"2024-08-31T09:38:46","guid":{"rendered":"https:\/\/www.diarionoti7.com.mx\/?p=54164"},"modified":"2024-08-31T16:39:41","modified_gmt":"2024-08-31T16:39:41","slug":"edicion-254-de-la-feria-de-los-angelitos-deja-remanente-mayor-a-402-mil","status":"publish","type":"post","link":"https:\/\/www.diarionoti7.com.mx\/?p=54164","title":{"rendered":"Edici\u00f3n 254 de la Feria de los Angelitos Deja Remanente Mayor a $402 Mil"},"content":{"rendered":"\t\t<div data-elementor-type=\"wp-post\" data-elementor-id=\"54164\" class=\"elementor elementor-54164\">\n\t\t\t\t\t\t\t\t\t<section class=\"elementor-section elementor-top-section elementor-element elementor-element-c09b8f0 elementor-section-boxed elementor-section-height-default elementor-section-height-default\" data-id=\"c09b8f0\" data-element_type=\"section\">\n\t\t\t\t\t\t<div class=\"elementor-container elementor-column-gap-default\">\n\t\t\t\t\t<div class=\"elementor-column elementor-col-100 elementor-top-column elementor-element elementor-element-955a561\" data-id=\"955a561\" data-element_type=\"column\">\n\t\t\t<div class=\"elementor-widget-wrap elementor-element-populated\">\n\t\t\t\t\t\t\t\t<div class=\"elementor-element elementor-element-0ce869c elementor-widget elementor-widget-text-editor\" data-id=\"0ce869c\" data-element_type=\"widget\" data-widget_type=\"text-editor.default\">\n\t\t\t\t<div class=\"elementor-widget-container\">\n\t\t\t<style>\/*! elementor - v3.10.2 - 29-01-2023 *\/\n.elementor-widget-text-editor.elementor-drop-cap-view-stacked .elementor-drop-cap{background-color:#818a91;color:#fff}.elementor-widget-text-editor.elementor-drop-cap-view-framed .elementor-drop-cap{color:#818a91;border:3px solid;background-color:transparent}.elementor-widget-text-editor:not(.elementor-drop-cap-view-default) .elementor-drop-cap{margin-top:8px}.elementor-widget-text-editor:not(.elementor-drop-cap-view-default) .elementor-drop-cap-letter{width:1em;height:1em}.elementor-widget-text-editor .elementor-drop-cap{float:left;text-align:center;line-height:1;font-size:50px}.elementor-widget-text-editor .elementor-drop-cap-letter{display:inline-block}<\/style>\t\t\t\t<p><strong>Tulancingo, Hgo., 30 de agosto de 2024.-<\/strong>Adem\u00e1s de erigirse como la mejor feria que se haya vivido en la ciudad, la 254 edici\u00f3n de la feria de los angelitos tambi\u00e9n genero un remanente favorable entre los ingresos y egresos.<\/p><p>As\u00ed lo informaron este viernes autoridades municipales, as\u00ed como el encargado de los trabajos de organizaci\u00f3n El\u00edas L\u00f3pez Barrios durante conferencia de prensa a medios informativos.<\/p><p>Luego de afirmar que, hubo una extraordinaria respuesta reflejada en una asistencia con cifra r\u00e9cord y que fue cumplido, el objetivo de llevar diversi\u00f3n y esparcimiento sin costo se resalt\u00f3 que, fue celebrada por todo lo alto a la patrona diocesana de \u2018Nuestra Se\u00f1ora de los \u00c1ngeles\u2019.<\/p><p>Aunado a que se vivi\u00f3 la solemnidad del a\u00f1o de la Familia con devoci\u00f3n y gran afluencia de for\u00e1neas y peregrinaciones.<\/p><p>Sobre lo recaudado de la celebraci\u00f3n tuvo ingresos mayores a 4 millones de pesos y egresos por 3 millones 700 mil pesos.<\/p><p>Como es costumbre el remanente fue dividido correspondiendo el 50 por ciento al ayuntamiento y el 50 por ciento restante a la parroquia.<\/p><p>El porcentaje de la alcald\u00eda ser\u00e1 aplicado en mejoras de calles y de antemano este viernes se dio banderazo simb\u00f3lico a pintura de guarniciones frente a la iglesia de los angelitos aunado a que se llevar\u00e1 avante pintura de fachadas para mejorar la imagen urbana.<\/p><p>Se destac\u00f3 que la presentaci\u00f3n de este informe financiero pone de manifiesto el compromiso de este comit\u00e9 y organizadores en ofrecer total transparencia, lo cual demuestra que se hicieron bien las cosas.<\/p><p>As\u00ed mismo se subray\u00f3 el gran apoyo de diversas \u00e1reas del gobierno municipal en funciones, en diversos rubros como seguridad, limpieza, movilidad, protecci\u00f3n civil por citar parte.<\/p><p>Entre las \u00e1reas de oportunidad que marcaron la diferencia de esta edici\u00f3n se encuentra el teatro de pueblo, con gran calidad y sin ninguna cancelaci\u00f3n de artistas, de ah\u00ed que siempre se registr\u00f3 lleno total en el foro habilitado.<\/p><p>Es de esta manera, que culmina la edici\u00f3n 255 de esta festividad patronal, la cual fue denominada la fiesta del encuentro familiar, manteni\u00e9ndose como una tradici\u00f3n que perdura.<\/p>\t\t\t\t\t\t<\/div>\n\t\t\t\t<\/div>\n\t\t\t\t\t<\/div>\n\t\t<\/div>\n\t\t\t\t\t\t\t<\/div>\n\t\t<\/section>\n\t\t\t\t\t\t\t<\/div>\n\t\t","protected":false},"excerpt":{"rendered":"<p>Tulancingo, Hgo., 30 de agosto de 2024.-Adem\u00e1s de erigirse como la mejor feria que se haya vivido en la ciudad, la 254 edici\u00f3n de la feria de los angelitos tambi\u00e9n genero un remanente favorable entre los ingresos y egresos. As\u00ed lo informaron este viernes autoridades municipales, as\u00ed como el encargado de los trabajos de organizaci\u00f3n [&hellip;]<\/p>\n","protected":false},"author":1,"featured_media":54166,"comment_status":"closed","ping_status":"closed","sticky":false,"template":"","format":"standard","meta":[],"categories":[9],"tags":[],"_links":{"self":[{"href":"https:\/\/www.diarionoti7.com.mx\/index.php?rest_route=\/wp\/v2\/posts\/54164"}],"collection":[{"href":"https:\/\/www.diarionoti7.com.mx\/index.php?rest_route=\/wp\/v2\/posts"}],"about":[{"href":"https:\/\/www.diarionoti7.com.mx\/index.php?rest_route=\/wp\/v2\/types\/post"}],"author":[{"embeddable":true,"href":"https:\/\/www.diarionoti7.com.mx\/index.php?rest_route=\/wp\/v2\/users\/1"}],"replies":[{"embeddable":true,"href":"https:\/\/www.diarionoti7.com.mx\/index.php?rest_route=%2Fwp%2Fv2%2Fcomments&post=54164"}],"version-history":[{"count":4,"href":"https:\/\/www.diarionoti7.com.mx\/index.php?rest_route=\/wp\/v2\/posts\/54164\/revisions"}],"predecessor-version":[{"id":54169,"href":"https:\/\/www.diarionoti7.com.mx\/index.php?rest_route=\/wp\/v2\/posts\/54164\/revisions\/54169"}],"wp:featuredmedia":[{"embeddable":true,"href":"https:\/\/www.diarionoti7.com.mx\/index.php?rest_route=\/wp\/v2\/media\/54166"}],"wp:attachment":[{"href":"https:\/\/www.diarionoti7.com.mx\/index.php?rest_route=%2Fwp%2Fv2%2Fmedia&parent=54164"}],"wp:term":[{"taxonomy":"category","embeddable":true,"href":"https:\/\/www.diarionoti7.com.mx\/index.php?rest_route=%2Fwp%2Fv2%2Fcategories&post=54164"},{"taxonomy":"post_tag","embeddable":true,"href":"https:\/\/www.diarionoti7.com.mx\/index.php?rest_route=%2Fwp%2Fv2%2Ftags&post=54164"}],"curies":[{"name":"wp","href":"https:\/\/api.w.org\/{rel}","templated":true}]}}