{"id":54124,"date":"2024-08-30T09:43:45","date_gmt":"2024-08-30T09:43:45","guid":{"rendered":"https:\/\/www.diarionoti7.com.mx\/?p=54124"},"modified":"2024-08-30T19:01:34","modified_gmt":"2024-08-30T19:01:34","slug":"hasta-ahora-prevalece-el-nepotismo-en-el-nombramiento-de-jueces-no-es-un-asunto-de-carrera-judicial-hay-muchos-familiares-sheinbaum","status":"publish","type":"post","link":"https:\/\/www.diarionoti7.com.mx\/?p=54124","title":{"rendered":"Hasta Ahora Prevalece El Nepotismo en El Nombramiento de Jueces. \u201cNo Es Un Asunto de Carrera Judicial, Hay Muchos Familiares: Sheinbaum"},"content":{"rendered":"\t\t<div data-elementor-type=\"wp-post\" data-elementor-id=\"54124\" class=\"elementor elementor-54124\">\n\t\t\t\t\t\t\t\t\t<section class=\"elementor-section elementor-top-section elementor-element elementor-element-c09b8f0 elementor-section-boxed elementor-section-height-default elementor-section-height-default\" data-id=\"c09b8f0\" data-element_type=\"section\">\n\t\t\t\t\t\t<div class=\"elementor-container elementor-column-gap-default\">\n\t\t\t\t\t<div class=\"elementor-column elementor-col-100 elementor-top-column elementor-element elementor-element-955a561\" data-id=\"955a561\" data-element_type=\"column\">\n\t\t\t<div class=\"elementor-widget-wrap elementor-element-populated\">\n\t\t\t\t\t\t\t\t<div class=\"elementor-element elementor-element-0ce869c elementor-widget elementor-widget-text-editor\" data-id=\"0ce869c\" data-element_type=\"widget\" data-widget_type=\"text-editor.default\">\n\t\t\t\t<div class=\"elementor-widget-container\">\n\t\t\t<style>\/*! elementor - v3.10.2 - 29-01-2023 *\/\n.elementor-widget-text-editor.elementor-drop-cap-view-stacked .elementor-drop-cap{background-color:#818a91;color:#fff}.elementor-widget-text-editor.elementor-drop-cap-view-framed .elementor-drop-cap{color:#818a91;border:3px solid;background-color:transparent}.elementor-widget-text-editor:not(.elementor-drop-cap-view-default) .elementor-drop-cap{margin-top:8px}.elementor-widget-text-editor:not(.elementor-drop-cap-view-default) .elementor-drop-cap-letter{width:1em;height:1em}.elementor-widget-text-editor .elementor-drop-cap{float:left;text-align:center;line-height:1;font-size:50px}.elementor-widget-text-editor .elementor-drop-cap-letter{display:inline-block}<\/style>\t\t\t\t<p><strong>*Recomend\u00f3 a los estudiantes de Derecho que se sumaron a las marchas en contra de la reforma al Poder Judicial que \u201clean bien la propuesta que hacen los diputados\u201d <\/strong><\/p><p>\u00a0<strong>Ciudad de M\u00e9xico,29 de agosto del 2024.-<\/strong> Despu\u00e9s de recomendar a los estudiantes de Derecho que se sumaron a las marchas en contra de la reforma al Poder Judicial que \u201clean bien la propuesta que hacen los diputados\u201d, la presidenta electa, Claudia Sheinbaum Pardo, rechaz\u00f3 que las movilizaciones suban de tono y minimiz\u00f3 el llamado de opositores a bloquear la C\u00e1mara de Diputados.<\/p><p>En entrevista, a su arribo a la casa de transici\u00f3n, record\u00f3 a los j\u00f3venes que prevaleci\u00f3 el nepotismo en el nombramiento de jueces. \u201cNo es un asunto de carrera judicial, hay muchos familiares, nepotismo. En cambio, as\u00ed (con la reforma), un estudiante de la Facultad de Derecho que cumpla con los requisitos\u201d puede participar en la elecci\u00f3n.<\/p><p>De otra manera \u201cson nada m\u00e1s los amigos. Lo que estamos queriendo es hacer un pa\u00eds m\u00e1s democr\u00e1tico, eso es lo que quiere el pueblo de M\u00e9xico\u201d.<\/p><p>Descart\u00f3 que pueda retrasarse la discusi\u00f3n en el Congreso. \u201cEs una voluntad del pueblo de M\u00e9xico, eso es lo importante y tambi\u00e9n para nuestros adversarios. El pueblo decidi\u00f3 que quiere una reforma al Poder Judicial y quiere que se elijan a quienes son jueces, magistrados, ministros.<\/p><p>\u00a0Vean las encuestas\u201d, sostuvo. A pregunta expresa, rechaz\u00f3 que se quiera instaurar una dictadura, con la mayor\u00eda calificada en el Congreso. \u201cEs falso. \u00bfQui\u00e9n ha luchado por la democracia siempre? Nosotros. Luchamos en contra de los fraudes electorales, luchamos porque M\u00e9xico sea un pa\u00eds democr\u00e1tico\u201d.<\/p><p>En su caso, record\u00f3, \u201cdesde joven luch\u00e9 por la democracia en la Universidad, en los sindicatos, por la democracia electoral, en contra de los fraudes electorales\u201d. Ahora, dijo, \u201ces un reconocimiento al pueblo de M\u00e9xico que quiere m\u00e1s democracia. Es democracia, democracia, democracia, pero una verdadera democracia y un verdadero Estado de derecho\u201d.<\/p><p>\u00a0<\/p>\t\t\t\t\t\t<\/div>\n\t\t\t\t<\/div>\n\t\t\t\t\t<\/div>\n\t\t<\/div>\n\t\t\t\t\t\t\t<\/div>\n\t\t<\/section>\n\t\t\t\t\t\t\t<\/div>\n\t\t","protected":false},"excerpt":{"rendered":"<p>*Recomend\u00f3 a los estudiantes de Derecho que se sumaron a las marchas en contra de la reforma al Poder Judicial que \u201clean bien la propuesta que hacen los diputados\u201d \u00a0Ciudad de M\u00e9xico,29 de agosto del 2024.- Despu\u00e9s de recomendar a los estudiantes de Derecho que se sumaron a las marchas en contra de la reforma [&hellip;]<\/p>\n","protected":false},"author":1,"featured_media":54126,"comment_status":"closed","ping_status":"closed","sticky":false,"template":"","format":"standard","meta":[],"categories":[3],"tags":[],"_links":{"self":[{"href":"https:\/\/www.diarionoti7.com.mx\/index.php?rest_route=\/wp\/v2\/posts\/54124"}],"collection":[{"href":"https:\/\/www.diarionoti7.com.mx\/index.php?rest_route=\/wp\/v2\/posts"}],"about":[{"href":"https:\/\/www.diarionoti7.com.mx\/index.php?rest_route=\/wp\/v2\/types\/post"}],"author":[{"embeddable":true,"href":"https:\/\/www.diarionoti7.com.mx\/index.php?rest_route=\/wp\/v2\/users\/1"}],"replies":[{"embeddable":true,"href":"https:\/\/www.diarionoti7.com.mx\/index.php?rest_route=%2Fwp%2Fv2%2Fcomments&post=54124"}],"version-history":[{"count":4,"href":"https:\/\/www.diarionoti7.com.mx\/index.php?rest_route=\/wp\/v2\/posts\/54124\/revisions"}],"predecessor-version":[{"id":54129,"href":"https:\/\/www.diarionoti7.com.mx\/index.php?rest_route=\/wp\/v2\/posts\/54124\/revisions\/54129"}],"wp:featuredmedia":[{"embeddable":true,"href":"https:\/\/www.diarionoti7.com.mx\/index.php?rest_route=\/wp\/v2\/media\/54126"}],"wp:attachment":[{"href":"https:\/\/www.diarionoti7.com.mx\/index.php?rest_route=%2Fwp%2Fv2%2Fmedia&parent=54124"}],"wp:term":[{"taxonomy":"category","embeddable":true,"href":"https:\/\/www.diarionoti7.com.mx\/index.php?rest_route=%2Fwp%2Fv2%2Fcategories&post=54124"},{"taxonomy":"post_tag","embeddable":true,"href":"https:\/\/www.diarionoti7.com.mx\/index.php?rest_route=%2Fwp%2Fv2%2Ftags&post=54124"}],"curies":[{"name":"wp","href":"https:\/\/api.w.org\/{rel}","templated":true}]}}