{"id":54118,"date":"2024-08-30T09:41:01","date_gmt":"2024-08-30T09:41:01","guid":{"rendered":"https:\/\/www.diarionoti7.com.mx\/?p=54118"},"modified":"2024-08-30T18:59:38","modified_gmt":"2024-08-30T18:59:38","slug":"inicia-designacion-de-espacios-para-artesanos-en-pabellon-de-la-feria","status":"publish","type":"post","link":"https:\/\/www.diarionoti7.com.mx\/?p=54118","title":{"rendered":"Inicia Designaci\u00f3n de Espacios Para Artesanos, en Pabell\u00f3n de la Feria"},"content":{"rendered":"\t\t<div data-elementor-type=\"wp-post\" data-elementor-id=\"54118\" class=\"elementor elementor-54118\">\n\t\t\t\t\t\t\t\t\t<section class=\"elementor-section elementor-top-section elementor-element elementor-element-c09b8f0 elementor-section-boxed elementor-section-height-default elementor-section-height-default\" data-id=\"c09b8f0\" data-element_type=\"section\">\n\t\t\t\t\t\t<div class=\"elementor-container elementor-column-gap-default\">\n\t\t\t\t\t<div class=\"elementor-column elementor-col-100 elementor-top-column elementor-element elementor-element-955a561\" data-id=\"955a561\" data-element_type=\"column\">\n\t\t\t<div class=\"elementor-widget-wrap elementor-element-populated\">\n\t\t\t\t\t\t\t\t<div class=\"elementor-element elementor-element-0ce869c elementor-widget elementor-widget-text-editor\" data-id=\"0ce869c\" data-element_type=\"widget\" data-widget_type=\"text-editor.default\">\n\t\t\t\t<div class=\"elementor-widget-container\">\n\t\t\t<style>\/*! elementor - v3.10.2 - 29-01-2023 *\/\n.elementor-widget-text-editor.elementor-drop-cap-view-stacked .elementor-drop-cap{background-color:#818a91;color:#fff}.elementor-widget-text-editor.elementor-drop-cap-view-framed .elementor-drop-cap{color:#818a91;border:3px solid;background-color:transparent}.elementor-widget-text-editor:not(.elementor-drop-cap-view-default) .elementor-drop-cap{margin-top:8px}.elementor-widget-text-editor:not(.elementor-drop-cap-view-default) .elementor-drop-cap-letter{width:1em;height:1em}.elementor-widget-text-editor .elementor-drop-cap{float:left;text-align:center;line-height:1;font-size:50px}.elementor-widget-text-editor .elementor-drop-cap-letter{display:inline-block}<\/style>\t\t\t\t<p><strong>Pachuca, Hgo., 29 de agosto de 2024.-<\/strong>Diversificar las artesan\u00edas exhibidas a fin de dar a conocer las distintas creaciones que se producen en Hidalgo, es uno de los puntos a tomarse en cuenta para la designaci\u00f3n de los espacios que conformar\u00e1n el Pabell\u00f3n artesanal de la Feria de San Francisco Pachuca 2024.<\/p><p>El titular de la Secretar\u00eda de Bienestar e Inclusi\u00f3n Social (Sebiso), Ricardo G\u00f3mez Moreno, inici\u00f3 el proceso de selecci\u00f3n que definir\u00e1 a los artesanos que se les otorgar\u00e1 de manera gratuita un espacio. La dependencia recibi\u00f3 172 solicitudes a trav\u00e9s de la subsecretar\u00eda de Participaci\u00f3n Social y Fomento Artesanal.<\/p><p>Destac\u00f3 el inter\u00e9s del gobernador Julio Menchaca de aprovechar el escaparate que brinda la Feria para dar a conocer, tanto a visitantes locales como for\u00e1neos, las distintas y maravillosas creaciones de nuestra entidad.<\/p><p>De esta forma, del 26 de septiembre al 20 de octubre, podr\u00e1n dar a conocer sus productos, comercializarlos y al mismo tiempo, ser embajadores de sus localidades y municipios, a fin de atraer turismo artesanal hacia todas las regiones de la entidad.<\/p><p>Las artesan\u00edas participantes se encuentran en las ramas: textiles, fibras vegetales, lapidaria y canter\u00eda; metalister\u00eda, alfarer\u00eda, talabarter\u00eda y peleter\u00eda; concha y caracol; madera, cerer\u00eda, cartoner\u00eda y papel; vidrio, plater\u00eda y joyer\u00eda; orfebrer\u00eda y gastronom\u00eda tradicional.<\/p><p>En esta edici\u00f3n de la Feria se dar\u00e1 prioridad a quienes participan por primera vez en el pabell\u00f3n artesanal.<\/p><p>El funcionario explic\u00f3 que solo se aceptar\u00e1 un m\u00e1ximo de cinco representantes por cada rama artesanal, lo que permitir\u00e1 que m\u00e1s personas sean beneficiadas. Adem\u00e1s de incluir comunidades que anteriormente no participaban.<\/p><p>Cabe recordar que las personas artesanas podr\u00e1n consultar los resultados de la selecci\u00f3n a partir del dos de septiembre de 2024, en la p\u00e1gina oficial de la Sebiso y en la ventanilla de la Direcci\u00f3n General de Fomento Artesanal.<\/p>\t\t\t\t\t\t<\/div>\n\t\t\t\t<\/div>\n\t\t\t\t\t<\/div>\n\t\t<\/div>\n\t\t\t\t\t\t\t<\/div>\n\t\t<\/section>\n\t\t\t\t<section class=\"elementor-section elementor-top-section elementor-element elementor-element-9bc1535 elementor-section-boxed elementor-section-height-default elementor-section-height-default\" data-id=\"9bc1535\" data-element_type=\"section\">\n\t\t\t\t\t\t<div class=\"elementor-container elementor-column-gap-default\">\n\t\t\t\t\t<div class=\"elementor-column elementor-col-100 elementor-top-column elementor-element elementor-element-0bcccc7\" data-id=\"0bcccc7\" data-element_type=\"column\">\n\t\t\t<div class=\"elementor-widget-wrap elementor-element-populated\">\n\t\t\t\t\t\t\t\t<div class=\"elementor-element elementor-element-0f72c27 elementor-aspect-ratio-169 elementor-widget elementor-widget-video\" data-id=\"0f72c27\" data-element_type=\"widget\" data-settings=\"{&quot;youtube_url&quot;:&quot;https:\\\/\\\/youtu.be\\\/ohc-HPqDw4o&quot;,&quot;video_type&quot;:&quot;youtube&quot;,&quot;controls&quot;:&quot;yes&quot;,&quot;aspect_ratio&quot;:&quot;169&quot;}\" data-widget_type=\"video.default\">\n\t\t\t\t<div class=\"elementor-widget-container\">\n\t\t\t<style>\/*! elementor - v3.10.2 - 29-01-2023 *\/\n.elementor-widget-video .elementor-widget-container{overflow:hidden;transform:translateZ(0)}.elementor-widget-video .elementor-open-inline .elementor-custom-embed-image-overlay{position:absolute;top:0;left:0;width:100%;height:100%;background-size:cover;background-position:50%}.elementor-widget-video .elementor-custom-embed-image-overlay{cursor:pointer;text-align:center}.elementor-widget-video .elementor-custom-embed-image-overlay:hover .elementor-custom-embed-play i{opacity:1}.elementor-widget-video .elementor-custom-embed-image-overlay img{display:block;width:100%}.elementor-widget-video .e-hosted-video .elementor-video{-o-object-fit:cover;object-fit:cover}.e-con-inner>.elementor-widget-video,.e-con>.elementor-widget-video{width:var(--container-widget-width);--flex-grow:var(--container-widget-flex-grow)}<\/style>\t\t<div class=\"elementor-wrapper elementor-fit-aspect-ratio elementor-open-inline\">\n\t\t\t<div class=\"elementor-video\"><\/div>\t\t<\/div>\n\t\t\t\t<\/div>\n\t\t\t\t<\/div>\n\t\t\t\t\t<\/div>\n\t\t<\/div>\n\t\t\t\t\t\t\t<\/div>\n\t\t<\/section>\n\t\t\t\t\t\t\t<\/div>\n\t\t","protected":false},"excerpt":{"rendered":"<p>Pachuca, Hgo., 29 de agosto de 2024.-Diversificar las artesan\u00edas exhibidas a fin de dar a conocer las distintas creaciones que se producen en Hidalgo, es uno de los puntos a tomarse en cuenta para la designaci\u00f3n de los espacios que conformar\u00e1n el Pabell\u00f3n artesanal de la Feria de San Francisco Pachuca 2024. El titular de [&hellip;]<\/p>\n","protected":false},"author":1,"featured_media":33184,"comment_status":"closed","ping_status":"closed","sticky":false,"template":"","format":"standard","meta":[],"categories":[7],"tags":[],"_links":{"self":[{"href":"https:\/\/www.diarionoti7.com.mx\/index.php?rest_route=\/wp\/v2\/posts\/54118"}],"collection":[{"href":"https:\/\/www.diarionoti7.com.mx\/index.php?rest_route=\/wp\/v2\/posts"}],"about":[{"href":"https:\/\/www.diarionoti7.com.mx\/index.php?rest_route=\/wp\/v2\/types\/post"}],"author":[{"embeddable":true,"href":"https:\/\/www.diarionoti7.com.mx\/index.php?rest_route=\/wp\/v2\/users\/1"}],"replies":[{"embeddable":true,"href":"https:\/\/www.diarionoti7.com.mx\/index.php?rest_route=%2Fwp%2Fv2%2Fcomments&post=54118"}],"version-history":[{"count":4,"href":"https:\/\/www.diarionoti7.com.mx\/index.php?rest_route=\/wp\/v2\/posts\/54118\/revisions"}],"predecessor-version":[{"id":54123,"href":"https:\/\/www.diarionoti7.com.mx\/index.php?rest_route=\/wp\/v2\/posts\/54118\/revisions\/54123"}],"wp:featuredmedia":[{"embeddable":true,"href":"https:\/\/www.diarionoti7.com.mx\/index.php?rest_route=\/wp\/v2\/media\/33184"}],"wp:attachment":[{"href":"https:\/\/www.diarionoti7.com.mx\/index.php?rest_route=%2Fwp%2Fv2%2Fmedia&parent=54118"}],"wp:term":[{"taxonomy":"category","embeddable":true,"href":"https:\/\/www.diarionoti7.com.mx\/index.php?rest_route=%2Fwp%2Fv2%2Fcategories&post=54118"},{"taxonomy":"post_tag","embeddable":true,"href":"https:\/\/www.diarionoti7.com.mx\/index.php?rest_route=%2Fwp%2Fv2%2Ftags&post=54118"}],"curies":[{"name":"wp","href":"https:\/\/api.w.org\/{rel}","templated":true}]}}