{"id":54101,"date":"2024-08-30T09:38:42","date_gmt":"2024-08-30T09:38:42","guid":{"rendered":"https:\/\/www.diarionoti7.com.mx\/?p=54101"},"modified":"2024-08-30T18:56:38","modified_gmt":"2024-08-30T18:56:38","slug":"celebra-el-iaameh-a-personas-adultas-mayores-por-su-dia","status":"publish","type":"post","link":"https:\/\/www.diarionoti7.com.mx\/?p=54101","title":{"rendered":"Celebra El IAAMEH a Personas Adultas Mayores Por Su D\u00eda"},"content":{"rendered":"\t\t<div data-elementor-type=\"wp-post\" data-elementor-id=\"54101\" class=\"elementor elementor-54101\">\n\t\t\t\t\t\t\t\t\t<section class=\"elementor-section elementor-top-section elementor-element elementor-element-c09b8f0 elementor-section-boxed elementor-section-height-default elementor-section-height-default\" data-id=\"c09b8f0\" data-element_type=\"section\">\n\t\t\t\t\t\t<div class=\"elementor-container elementor-column-gap-default\">\n\t\t\t\t\t<div class=\"elementor-column elementor-col-100 elementor-top-column elementor-element elementor-element-955a561\" data-id=\"955a561\" data-element_type=\"column\">\n\t\t\t<div class=\"elementor-widget-wrap elementor-element-populated\">\n\t\t\t\t\t\t\t\t<div class=\"elementor-element elementor-element-0ce869c elementor-widget elementor-widget-text-editor\" data-id=\"0ce869c\" data-element_type=\"widget\" data-widget_type=\"text-editor.default\">\n\t\t\t\t<div class=\"elementor-widget-container\">\n\t\t\t<style>\/*! elementor - v3.10.2 - 29-01-2023 *\/\n.elementor-widget-text-editor.elementor-drop-cap-view-stacked .elementor-drop-cap{background-color:#818a91;color:#fff}.elementor-widget-text-editor.elementor-drop-cap-view-framed .elementor-drop-cap{color:#818a91;border:3px solid;background-color:transparent}.elementor-widget-text-editor:not(.elementor-drop-cap-view-default) .elementor-drop-cap{margin-top:8px}.elementor-widget-text-editor:not(.elementor-drop-cap-view-default) .elementor-drop-cap-letter{width:1em;height:1em}.elementor-widget-text-editor .elementor-drop-cap{float:left;text-align:center;line-height:1;font-size:50px}.elementor-widget-text-editor .elementor-drop-cap-letter{display:inline-block}<\/style>\t\t\t\t<p><strong>Pachuca, Hgo., 29 de agosto de 2024.-<\/strong>Como cada 28 de agosto, Hidalgo celebra con gran orgullo y entusiasmo el D\u00eda Nacional de las Personas Mayores, fecha en que se reconoce y rinde homenaje a la invaluable contribuci\u00f3n de las personas mayores a la sociedad.<\/p><p>Este a\u00f1o la intervenci\u00f3n de la directora general del Instituto para la Atenci\u00f3n de las y los Adultos Mayores del Estado de Hidalgo (IAAMEH), Pen\u00e9lope Apodaca Sinsel, ha sido el punto focal de las festividades que se llevan a cabo en los diferentes municipios del estado donde se cuenta con Centro Gerontol\u00f3gico Integral o Casa de D\u00eda.<\/p><p>En su discurso, Apodaca Sinsel destac\u00f3 la importancia de esta celebraci\u00f3n como un acto de reconocimiento y una oportunidad para reflexionar sobre el respeto y la dignidad que merecen las personas mayores.<\/p><p>La servidora p\u00fablica estuvo presente en varias de estas celebraciones, interactuando con los participantes y compartiendo los alimentos en los municipios de Tulancingo, Pachuca y Tepeapulco.<\/p><p>En el primero se entregaron pr\u00f3tesis dentales a 26 beneficiarios y constancias por parte del Ayuntamiento a quienes concluyeron el taller de &#8220;Flexibilidad, fuerza y estimulaci\u00f3n muscular&#8221;.<\/p><p>En el municipio de Tepeapulco, subray\u00f3 la importancia de la empresa ASF-K M\u00e9xico, la cual brind\u00f3 su apoyo para la realizaci\u00f3n del evento. De igual forma, destac\u00f3 la aportaci\u00f3n del ayuntamiento para festejar a las personas mayores de esta regi\u00f3n.<\/p><p>Estas celebraciones tambi\u00e9n incluyeron la entrega de reconocimientos a mujeres y hombres por su dedicaci\u00f3n como promotores del envejecimiento activo, as\u00ed como a organizaciones que han demostrado un compromiso ejemplar con el bienestar de las personas mayores.<\/p><p>El compromiso del gobierno del estado de Hidalgo hacia la mejora de la calidad de vida de este sector de la poblaci\u00f3n, se refleja en la necesidad de continuar trabajando en la implementaci\u00f3n de pol\u00edticas y programas que garanticen una vejez digna y activa. toda<\/p><p>\u00a0<\/p>\t\t\t\t\t\t<\/div>\n\t\t\t\t<\/div>\n\t\t\t\t\t<\/div>\n\t\t<\/div>\n\t\t\t\t\t\t\t<\/div>\n\t\t<\/section>\n\t\t\t\t<section class=\"elementor-section elementor-top-section elementor-element elementor-element-4312202 elementor-section-boxed elementor-section-height-default elementor-section-height-default\" data-id=\"4312202\" data-element_type=\"section\">\n\t\t\t\t\t\t<div class=\"elementor-container elementor-column-gap-default\">\n\t\t\t\t\t<div class=\"elementor-column elementor-col-100 elementor-top-column elementor-element elementor-element-ec74826\" data-id=\"ec74826\" data-element_type=\"column\">\n\t\t\t<div class=\"elementor-widget-wrap elementor-element-populated\">\n\t\t\t\t\t\t\t\t<div class=\"elementor-element elementor-element-e938680 elementor-aspect-ratio-169 elementor-widget elementor-widget-video\" data-id=\"e938680\" data-element_type=\"widget\" data-settings=\"{&quot;youtube_url&quot;:&quot;https:\\\/\\\/youtu.be\\\/HIDJvzRFGR8&quot;,&quot;video_type&quot;:&quot;youtube&quot;,&quot;controls&quot;:&quot;yes&quot;,&quot;aspect_ratio&quot;:&quot;169&quot;}\" data-widget_type=\"video.default\">\n\t\t\t\t<div class=\"elementor-widget-container\">\n\t\t\t<style>\/*! elementor - v3.10.2 - 29-01-2023 *\/\n.elementor-widget-video .elementor-widget-container{overflow:hidden;transform:translateZ(0)}.elementor-widget-video .elementor-open-inline .elementor-custom-embed-image-overlay{position:absolute;top:0;left:0;width:100%;height:100%;background-size:cover;background-position:50%}.elementor-widget-video .elementor-custom-embed-image-overlay{cursor:pointer;text-align:center}.elementor-widget-video .elementor-custom-embed-image-overlay:hover .elementor-custom-embed-play i{opacity:1}.elementor-widget-video .elementor-custom-embed-image-overlay img{display:block;width:100%}.elementor-widget-video .e-hosted-video .elementor-video{-o-object-fit:cover;object-fit:cover}.e-con-inner>.elementor-widget-video,.e-con>.elementor-widget-video{width:var(--container-widget-width);--flex-grow:var(--container-widget-flex-grow)}<\/style>\t\t<div class=\"elementor-wrapper elementor-fit-aspect-ratio elementor-open-inline\">\n\t\t\t<div class=\"elementor-video\"><\/div>\t\t<\/div>\n\t\t\t\t<\/div>\n\t\t\t\t<\/div>\n\t\t\t\t\t<\/div>\n\t\t<\/div>\n\t\t\t\t\t\t\t<\/div>\n\t\t<\/section>\n\t\t\t\t\t\t\t<\/div>\n\t\t","protected":false},"excerpt":{"rendered":"<p>Pachuca, Hgo., 29 de agosto de 2024.-Como cada 28 de agosto, Hidalgo celebra con gran orgullo y entusiasmo el D\u00eda Nacional de las Personas Mayores, fecha en que se reconoce y rinde homenaje a la invaluable contribuci\u00f3n de las personas mayores a la sociedad. Este a\u00f1o la intervenci\u00f3n de la directora general del Instituto para [&hellip;]<\/p>\n","protected":false},"author":1,"featured_media":54108,"comment_status":"closed","ping_status":"closed","sticky":false,"template":"","format":"standard","meta":[],"categories":[7],"tags":[],"_links":{"self":[{"href":"https:\/\/www.diarionoti7.com.mx\/index.php?rest_route=\/wp\/v2\/posts\/54101"}],"collection":[{"href":"https:\/\/www.diarionoti7.com.mx\/index.php?rest_route=\/wp\/v2\/posts"}],"about":[{"href":"https:\/\/www.diarionoti7.com.mx\/index.php?rest_route=\/wp\/v2\/types\/post"}],"author":[{"embeddable":true,"href":"https:\/\/www.diarionoti7.com.mx\/index.php?rest_route=\/wp\/v2\/users\/1"}],"replies":[{"embeddable":true,"href":"https:\/\/www.diarionoti7.com.mx\/index.php?rest_route=%2Fwp%2Fv2%2Fcomments&post=54101"}],"version-history":[{"count":4,"href":"https:\/\/www.diarionoti7.com.mx\/index.php?rest_route=\/wp\/v2\/posts\/54101\/revisions"}],"predecessor-version":[{"id":54111,"href":"https:\/\/www.diarionoti7.com.mx\/index.php?rest_route=\/wp\/v2\/posts\/54101\/revisions\/54111"}],"wp:featuredmedia":[{"embeddable":true,"href":"https:\/\/www.diarionoti7.com.mx\/index.php?rest_route=\/wp\/v2\/media\/54108"}],"wp:attachment":[{"href":"https:\/\/www.diarionoti7.com.mx\/index.php?rest_route=%2Fwp%2Fv2%2Fmedia&parent=54101"}],"wp:term":[{"taxonomy":"category","embeddable":true,"href":"https:\/\/www.diarionoti7.com.mx\/index.php?rest_route=%2Fwp%2Fv2%2Fcategories&post=54101"},{"taxonomy":"post_tag","embeddable":true,"href":"https:\/\/www.diarionoti7.com.mx\/index.php?rest_route=%2Fwp%2Fv2%2Ftags&post=54101"}],"curies":[{"name":"wp","href":"https:\/\/api.w.org\/{rel}","templated":true}]}}