{"id":54074,"date":"2024-08-30T09:33:55","date_gmt":"2024-08-30T09:33:55","guid":{"rendered":"https:\/\/www.diarionoti7.com.mx\/?p=54074"},"modified":"2024-08-30T18:34:59","modified_gmt":"2024-08-30T18:34:59","slug":"seph-ihfes-formalizan-convenio-en-apoyo-a-estudiantes-que-realizaran-estancias-en-el-extranjero","status":"publish","type":"post","link":"https:\/\/www.diarionoti7.com.mx\/?p=54074","title":{"rendered":"Seph-Ihfes Formalizan Convenio en Apoyo a Estudiantes Que Realizar\u00e1n Estancias en el Extranjero"},"content":{"rendered":"\t\t<div data-elementor-type=\"wp-post\" data-elementor-id=\"54074\" class=\"elementor elementor-54074\">\n\t\t\t\t\t\t\t\t\t<section class=\"elementor-section elementor-top-section elementor-element elementor-element-c09b8f0 elementor-section-boxed elementor-section-height-default elementor-section-height-default\" data-id=\"c09b8f0\" data-element_type=\"section\">\n\t\t\t\t\t\t<div class=\"elementor-container elementor-column-gap-default\">\n\t\t\t\t\t<div class=\"elementor-column elementor-col-100 elementor-top-column elementor-element elementor-element-955a561\" data-id=\"955a561\" data-element_type=\"column\">\n\t\t\t<div class=\"elementor-widget-wrap elementor-element-populated\">\n\t\t\t\t\t\t\t\t<div class=\"elementor-element elementor-element-0ce869c elementor-widget elementor-widget-text-editor\" data-id=\"0ce869c\" data-element_type=\"widget\" data-widget_type=\"text-editor.default\">\n\t\t\t\t<div class=\"elementor-widget-container\">\n\t\t\t<style>\/*! elementor - v3.10.2 - 29-01-2023 *\/\n.elementor-widget-text-editor.elementor-drop-cap-view-stacked .elementor-drop-cap{background-color:#818a91;color:#fff}.elementor-widget-text-editor.elementor-drop-cap-view-framed .elementor-drop-cap{color:#818a91;border:3px solid;background-color:transparent}.elementor-widget-text-editor:not(.elementor-drop-cap-view-default) .elementor-drop-cap{margin-top:8px}.elementor-widget-text-editor:not(.elementor-drop-cap-view-default) .elementor-drop-cap-letter{width:1em;height:1em}.elementor-widget-text-editor .elementor-drop-cap{float:left;text-align:center;line-height:1;font-size:50px}.elementor-widget-text-editor .elementor-drop-cap-letter{display:inline-block}<\/style>\t\t\t\t<p><strong>Pachuca, Hgo., 29 de agosto de 2024.-<\/strong>En la Sesi\u00f3n Extraordinaria del Comit\u00e9 de Becas para la Transformaci\u00f3n, la Secretar\u00eda de Educaci\u00f3n P\u00fablica de Hidalgo (SEPH) y el Instituto Hidalguense de Financiamiento a la Educaci\u00f3n Superior (IHFES) firmaron un convenio de colaboraci\u00f3n institucional que permitir\u00e1 adelantar los pagos de \u201cBecas para la Transformaci\u00f3n\u201d a estudiantes que realizar\u00e1n estancias acad\u00e9micas en el extranjero.<\/p><p>Los titulares de ambas instituciones se\u00f1alaron que este convenio facilitar\u00e1 a estudiantes hidalguenses cubrir los costos relacionados con su movilidad internacional, permiti\u00e9ndoles aprovechar al m\u00e1ximo esta oportunidad acad\u00e9mica sin preocupaciones financieras.<\/p><p>\u201cCon este convenio damos un paso significativo para que nuestros estudiantes se concentren en sus estudios y que regresen con una visi\u00f3n m\u00e1s amplia con nuevas ideas que beneficien a nuestras comunidades&#8221;, expres\u00f3 Natividad Castrej\u00f3n Valdez, secretario de Educaci\u00f3n P\u00fablica de Hidalgo.<\/p><p>El subsecretario de Educaci\u00f3n Media Superior y Superior, Daniel Fragoso Torres, recalc\u00f3 que el aprendizaje va m\u00e1s all\u00e1 del aula, extendi\u00e9ndose en cada interacci\u00f3n, desaf\u00edo y soluci\u00f3n que los estudiantes descubren en un entorno diferente al que est\u00e1n acostumbrados.<\/p><p>Por su parte, el titular del IHFES, Jos\u00e9 Luis Z\u00fa\u00f1iga L\u00f3pez, puntualiz\u00f3 que esta colaboraci\u00f3n interinstitucional asegura que ning\u00fan talento se quede atr\u00e1s por falta de apoyo.<\/p><p>\u201cEste acuerdo crea las condiciones necesarias para que los estudiantes hidalguenses puedan competir a nivel global, anticipando las necesidades futuras y fomentando la creaci\u00f3n de capital humano de alta calidad\u201d, afirm\u00f3.<\/p><p>Durante la sesi\u00f3n, tambi\u00e9n se aprob\u00f3 el padr\u00f3n de beneficiarios de la Segunda Convocatoria 2024 de las \u201cBecas para la Transformaci\u00f3n\u201d, que continuar\u00e1 brindando apoyo a estudiantes, especialmente a aquellos en situaci\u00f3n de vulnerabilidad.<\/p><p>En el evento estuvieron presentes las subsecretarias de Administraci\u00f3n y Finanzas, Maricarmen Margarita Mandujano Cerrilla y de Planeaci\u00f3n y Evaluaci\u00f3n, X\u00f3chitl Beatriz Garc\u00eda Curiel. Asimismo, el coordinador general de Becas, Emmanuel Flores Berm\u00fadez; la directora general de Vinculaci\u00f3n y Fortalecimiento Institucional, Patricia Plascencia Soto, adem\u00e1s de rectores y directores generales de las instituciones de Educaci\u00f3n Superior.<\/p>\t\t\t\t\t\t<\/div>\n\t\t\t\t<\/div>\n\t\t\t\t\t<\/div>\n\t\t<\/div>\n\t\t\t\t\t\t\t<\/div>\n\t\t<\/section>\n\t\t\t\t<section class=\"elementor-section elementor-top-section elementor-element elementor-element-71e6c08 elementor-section-boxed elementor-section-height-default elementor-section-height-default\" data-id=\"71e6c08\" data-element_type=\"section\">\n\t\t\t\t\t\t<div class=\"elementor-container elementor-column-gap-default\">\n\t\t\t\t\t<div class=\"elementor-column elementor-col-100 elementor-top-column elementor-element elementor-element-d8d215f\" data-id=\"d8d215f\" data-element_type=\"column\">\n\t\t\t<div class=\"elementor-widget-wrap elementor-element-populated\">\n\t\t\t\t\t\t\t\t<div class=\"elementor-element elementor-element-aaa1113 elementor-aspect-ratio-169 elementor-widget elementor-widget-video\" data-id=\"aaa1113\" data-element_type=\"widget\" data-settings=\"{&quot;youtube_url&quot;:&quot;https:\\\/\\\/youtu.be\\\/IMxk1D2jpa0&quot;,&quot;video_type&quot;:&quot;youtube&quot;,&quot;controls&quot;:&quot;yes&quot;,&quot;aspect_ratio&quot;:&quot;169&quot;}\" data-widget_type=\"video.default\">\n\t\t\t\t<div class=\"elementor-widget-container\">\n\t\t\t<style>\/*! elementor - v3.10.2 - 29-01-2023 *\/\n.elementor-widget-video .elementor-widget-container{overflow:hidden;transform:translateZ(0)}.elementor-widget-video .elementor-open-inline .elementor-custom-embed-image-overlay{position:absolute;top:0;left:0;width:100%;height:100%;background-size:cover;background-position:50%}.elementor-widget-video .elementor-custom-embed-image-overlay{cursor:pointer;text-align:center}.elementor-widget-video .elementor-custom-embed-image-overlay:hover .elementor-custom-embed-play i{opacity:1}.elementor-widget-video .elementor-custom-embed-image-overlay img{display:block;width:100%}.elementor-widget-video .e-hosted-video .elementor-video{-o-object-fit:cover;object-fit:cover}.e-con-inner>.elementor-widget-video,.e-con>.elementor-widget-video{width:var(--container-widget-width);--flex-grow:var(--container-widget-flex-grow)}<\/style>\t\t<div class=\"elementor-wrapper elementor-fit-aspect-ratio elementor-open-inline\">\n\t\t\t<div class=\"elementor-video\"><\/div>\t\t<\/div>\n\t\t\t\t<\/div>\n\t\t\t\t<\/div>\n\t\t\t\t\t<\/div>\n\t\t<\/div>\n\t\t\t\t\t\t\t<\/div>\n\t\t<\/section>\n\t\t\t\t\t\t\t<\/div>\n\t\t","protected":false},"excerpt":{"rendered":"<p>Pachuca, Hgo., 29 de agosto de 2024.-En la Sesi\u00f3n Extraordinaria del Comit\u00e9 de Becas para la Transformaci\u00f3n, la Secretar\u00eda de Educaci\u00f3n P\u00fablica de Hidalgo (SEPH) y el Instituto Hidalguense de Financiamiento a la Educaci\u00f3n Superior (IHFES) firmaron un convenio de colaboraci\u00f3n institucional que permitir\u00e1 adelantar los pagos de \u201cBecas para la Transformaci\u00f3n\u201d a estudiantes que [&hellip;]<\/p>\n","protected":false},"author":1,"featured_media":54076,"comment_status":"closed","ping_status":"closed","sticky":false,"template":"","format":"standard","meta":[],"categories":[4],"tags":[],"_links":{"self":[{"href":"https:\/\/www.diarionoti7.com.mx\/index.php?rest_route=\/wp\/v2\/posts\/54074"}],"collection":[{"href":"https:\/\/www.diarionoti7.com.mx\/index.php?rest_route=\/wp\/v2\/posts"}],"about":[{"href":"https:\/\/www.diarionoti7.com.mx\/index.php?rest_route=\/wp\/v2\/types\/post"}],"author":[{"embeddable":true,"href":"https:\/\/www.diarionoti7.com.mx\/index.php?rest_route=\/wp\/v2\/users\/1"}],"replies":[{"embeddable":true,"href":"https:\/\/www.diarionoti7.com.mx\/index.php?rest_route=%2Fwp%2Fv2%2Fcomments&post=54074"}],"version-history":[{"count":4,"href":"https:\/\/www.diarionoti7.com.mx\/index.php?rest_route=\/wp\/v2\/posts\/54074\/revisions"}],"predecessor-version":[{"id":54079,"href":"https:\/\/www.diarionoti7.com.mx\/index.php?rest_route=\/wp\/v2\/posts\/54074\/revisions\/54079"}],"wp:featuredmedia":[{"embeddable":true,"href":"https:\/\/www.diarionoti7.com.mx\/index.php?rest_route=\/wp\/v2\/media\/54076"}],"wp:attachment":[{"href":"https:\/\/www.diarionoti7.com.mx\/index.php?rest_route=%2Fwp%2Fv2%2Fmedia&parent=54074"}],"wp:term":[{"taxonomy":"category","embeddable":true,"href":"https:\/\/www.diarionoti7.com.mx\/index.php?rest_route=%2Fwp%2Fv2%2Fcategories&post=54074"},{"taxonomy":"post_tag","embeddable":true,"href":"https:\/\/www.diarionoti7.com.mx\/index.php?rest_route=%2Fwp%2Fv2%2Ftags&post=54074"}],"curies":[{"name":"wp","href":"https:\/\/api.w.org\/{rel}","templated":true}]}}