{"id":54068,"date":"2024-08-30T09:32:37","date_gmt":"2024-08-30T09:32:37","guid":{"rendered":"https:\/\/www.diarionoti7.com.mx\/?p=54068"},"modified":"2024-08-30T18:33:21","modified_gmt":"2024-08-30T18:33:21","slug":"cees-j-hamelink-se-une-al-claustro-de-profesores-honorarios-visitantes-internacionales-de-la-uaeh","status":"publish","type":"post","link":"https:\/\/www.diarionoti7.com.mx\/?p=54068","title":{"rendered":"Cees J. Hamelink se Une al Claustro de Profesores Honorarios Visitantes Internacionales de la UAEH"},"content":{"rendered":"\t\t<div data-elementor-type=\"wp-post\" data-elementor-id=\"54068\" class=\"elementor elementor-54068\">\n\t\t\t\t\t\t\t\t\t<section class=\"elementor-section elementor-top-section elementor-element elementor-element-c09b8f0 elementor-section-boxed elementor-section-height-default elementor-section-height-default\" data-id=\"c09b8f0\" data-element_type=\"section\">\n\t\t\t\t\t\t<div class=\"elementor-container elementor-column-gap-default\">\n\t\t\t\t\t<div class=\"elementor-column elementor-col-100 elementor-top-column elementor-element elementor-element-955a561\" data-id=\"955a561\" data-element_type=\"column\">\n\t\t\t<div class=\"elementor-widget-wrap elementor-element-populated\">\n\t\t\t\t\t\t\t\t<div class=\"elementor-element elementor-element-0ce869c elementor-widget elementor-widget-text-editor\" data-id=\"0ce869c\" data-element_type=\"widget\" data-widget_type=\"text-editor.default\">\n\t\t\t\t<div class=\"elementor-widget-container\">\n\t\t\t<style>\/*! elementor - v3.10.2 - 29-01-2023 *\/\n.elementor-widget-text-editor.elementor-drop-cap-view-stacked .elementor-drop-cap{background-color:#818a91;color:#fff}.elementor-widget-text-editor.elementor-drop-cap-view-framed .elementor-drop-cap{color:#818a91;border:3px solid;background-color:transparent}.elementor-widget-text-editor:not(.elementor-drop-cap-view-default) .elementor-drop-cap{margin-top:8px}.elementor-widget-text-editor:not(.elementor-drop-cap-view-default) .elementor-drop-cap-letter{width:1em;height:1em}.elementor-widget-text-editor .elementor-drop-cap{float:left;text-align:center;line-height:1;font-size:50px}.elementor-widget-text-editor .elementor-drop-cap-letter{display:inline-block}<\/style>\t\t\t\t<p><strong>*\u201cLa Universidad Aut\u00f3noma del Estado de Hidalgo cuenta con todos los recursos para contribuir al pensamiento cr\u00edtico de la sociedad en M\u00e9xico\u201d, mencion\u00f3 Cees J. Hamelink durante su investidura<\/strong><\/p><p><strong>*El profesor honorario visitante internacional ofreci\u00f3 talleres, conferencias y presentaciones editoriales al estudiantado Garza<\/strong><\/p><p><strong>PachucA, Hidalgo.<\/strong> \u2013El profesor, investigador y acad\u00e9mico holand\u00e9s, Cees J. Hamelink, fue reconocido como profesor honorario visitante internacional por la Universidad Aut\u00f3noma del Estado de Hidalgo (UAEH), en el marco de la Feria Universitaria del Libro (FUL) 2024.<\/p><p>En el Sal\u00f3n de Actos \u201cIngeniero Baltasar Mu\u00f1oz Lumbier\u201d, del Centro Cultural Universitario \u201cLa Garza\u201d, el decano No\u00e9 Chapa Guti\u00e9rrez le coloc\u00f3 la beca acad\u00e9mica, s\u00edmbolo de uni\u00f3n del profesor con la m\u00e1xima casa de estudios en la entidad, ante la presencia de alumnos, personal docente y cient\u00edfico. El profesor neerland\u00e9s quedar\u00e1 adscrito al \u00c1rea Acad\u00e9mica de Comunicaci\u00f3n en el Instituto de Ciencias Sociales y Humanidades (ICSHu).<\/p><p>\u201cEs un honor ser profesor honorario de esta maravillosa instituci\u00f3n; la UAEH cuenta con todos los recursos para contribuir al pensamiento cr\u00edtico de la sociedad en M\u00e9xico. Gracias por darme la oportunidad de reflexionar sobre el papel de la universidad en el proceso de educar. Espero que esta uni\u00f3n sea el puente por el cual nuestros pa\u00edses se unifiquen y fortalezcan; deseo estar aqu\u00ed muchas veces en el futuro pr\u00f3ximo\u201d, manifest\u00f3 el acad\u00e9mico neerland\u00e9s durante su discurso de aceptaci\u00f3n.<\/p><p>En representaci\u00f3n del rector Octavio Castillo Acosta, el secretario general de la UAEH, Julio Cesar Leines Med\u00e9cigo indic\u00f3 que la comunidad de la Aut\u00f3noma de Hidalgo est\u00e1 altamente complacida por contar con Cees J. Hamelink como parte del claustro de profesores honorarios visitantes, al ser una figura destacada dentro del \u00e1mbito acad\u00e9mico, un defensor apasionado de los derechos humanos, adem\u00e1s de ser impulsor de la diversidad de ideas, algo que ser\u00e1 muy bien aprovechado por las y los alumnos. \u201cEsta distinci\u00f3n simboliza una apertura al conocimiento y la voluntad de la sociedad hidalguense por aprender de las mejores mentes del mundo\u201d, extern\u00f3.<\/p><p>Tras la ceremonia, tuvo lugar la conferencia magistral \u201cInclusi\u00f3n y Tolerancia: un equilibrio delicado\u201d, en donde Cees J. Hamelink refiri\u00f3 que cada sociedad tiene una percepci\u00f3n propia de tolerancia e inclusi\u00f3n acorde a su realidad. Del mismo modo, cuestion\u00f3 si dichos conceptos aplicados en un contexto distinto podr\u00edan adquirir validez.<\/p><p>\u201cSi me declaro intolerante al racismo, a los asesinos, o si decido excluir a quienes cometen alg\u00fan delito de cualquier interacci\u00f3n con la sociedad, \u00bfser\u00eda malo ser intolerante? Estos conceptos son muy bellos, sin embargo, son complejos, de ah\u00ed la necesidad por entenderlos\u201d, enfatiz\u00f3.<\/p><p>Para concluir la conferencia, remarc\u00f3 que la educaci\u00f3n es la respuesta para combatir la polaridad de puntos de vista existente en torno a estos temas. \u201cTenemos que educar en el cl\u00e1sico sentido de la palabra, es decir, a trav\u00e9s de la libertad del pensamiento. Necesitamos colaboraci\u00f3n, no competencia, pensar en conjunto para construir una sociedad verdaderamente tolerante e inclusiva\u201d, sostuvo.\u00a0<\/p><p>En el acto de investidura tambi\u00e9n estuvieron presentes Sa\u00fal Agust\u00edn Sosa Castel\u00e1n, secretario general del Sindicato del Personal Acad\u00e9mico de la Universidad Aut\u00f3noma del Estado de Hidalgo (SPAUAEH); Norma Ba\u00f1os Hern\u00e1ndez, secretaria general del Sindicato \u00danico de Trabajadores y Empleados de la Universidad Aut\u00f3noma del Estado de Hidalgo (SUTEUAEH); Montserrat Pati\u00f1o Garc\u00eda, presidenta del Consejo Estudiantil Universitario del Estado de Hidalgo (CEUEH); y Sof\u00eda Nimbe Valdespino Zubieta, coordinadora de la Divisi\u00f3n de Vinculaci\u00f3n e Internacionalizaci\u00f3n.<\/p><p>Cees J. Hamelink imparti\u00f3 actividades acad\u00e9micas durante toda la semana<\/p><p>Por otra parte, el Auditorio \u201cJosefina Garc\u00eda Quintanar\u201d fue sede de la conferencia \u201cCommunication and human Rights\u201d, en donde el profesor Cees J. Hamelink expuso la simbiosis que debe existir entre el ejercicio de la comunicaci\u00f3n, en sus distintas aristas, con una visi\u00f3n que priorice los derechos humanos.<\/p><p>Al inicio de la conferencia, el profesor honorario visitante extern\u00f3 que la idea de esta obra naci\u00f3 de la premisa de entender cu\u00e1l era el marco normativo que rige a las y los periodistas, adem\u00e1s de comprender de manera racional los motivos que llevan al periodista a escribir. En este sentido, indic\u00f3 que la Declaraci\u00f3n de los Derechos Humanos, pronunciada por el presidente Norteamericano Franklin D. Roosevelt, fue la respuesta a los principios que, seg\u00fan su perspectiva, todo individuo debe poseer.<\/p><p>\u201cLa declaraci\u00f3n de los derechos humanos es nuestra normativa, nos regimos por cuatro principios: dignidad, igualdad, libertad y seguridad, aplicarlos y combinarlos nos lleva a pensar en una justicia comunicativa\u201d, mencion\u00f3.<\/p><p>Al profundizar m\u00e1s, Hamelink subray\u00f3 que la justicia y la compasi\u00f3n son la manera en que el ser humano se comunica, pues dentro de su lenguaje busca la forma de ayudar a los dem\u00e1s, pero requiere crear un compromiso del cual participen los integrantes de la sociedad\u201d, agreg\u00f3.<\/p><p>Finalmente, subray\u00f3 que si bien, pensar en la justicia comunicativa es algo ut\u00f3pico, mientras se respeten los principios de dignidad, igualdad, libertad y seguridad, ser\u00e1 posible aspirar al orden social en el que se apliquen y respeten los derechos humanos en todas las esferas.<\/p><p>La \u00e9tica en el ciberespacio<\/p><p>Posteriormente, se realiz\u00f3 la presentaci\u00f3n editorial de la obra La \u00e9tica en el ciberespacio, obra de la cual el autor expone la ausencia de informaci\u00f3n fidedigna en el entorno digital, adem\u00e1s de exponer la falta de mecanismos de defensa y control en materia de comunicaci\u00f3n. El texto ahonda en c\u00f3mo la inteligencia artificial ha cobrado fuerza no solo en el medio f\u00edsico, sino tambi\u00e9n en el ciberespacio, lo cual implica ventajas, pero tambi\u00e9n riesgos que cada d\u00eda desdibujan las fronteras entre lo humano y lo artificial.\u00a0<\/p><p>Previamente, el profesor honorario internacional, realiz\u00f3 un recorrido por el Instituto de Ciencias Sociales y Humanidades (ICSHu), en donde visit\u00f3 las instalaciones de Bulbo Radio Experimental y brind\u00f3 el taller \u201cComunicaci\u00f3n y conflicto\u201d, as\u00ed como tambi\u00e9n la clase magistral \u201cComunicaci\u00f3n y Paz: el di\u00e1logo profundo\u201d, en el que participaron las y los estudiantes de licenciatura.<\/p><p>Adicionalmente, el viernes 30 de agosto impartir\u00e1 el taller \u201cJusticia Comunicativa\u201d, dirigido al estudiantado de posgrado de la Aut\u00f3noma de Hidalgo.<\/p><p>\u00a0<\/p>\t\t\t\t\t\t<\/div>\n\t\t\t\t<\/div>\n\t\t\t\t\t<\/div>\n\t\t<\/div>\n\t\t\t\t\t\t\t<\/div>\n\t\t<\/section>\n\t\t\t\t\t\t\t<\/div>\n\t\t","protected":false},"excerpt":{"rendered":"<p>*\u201cLa Universidad Aut\u00f3noma del Estado de Hidalgo cuenta con todos los recursos para contribuir al pensamiento cr\u00edtico de la sociedad en M\u00e9xico\u201d, mencion\u00f3 Cees J. Hamelink durante su investidura *El profesor honorario visitante internacional ofreci\u00f3 talleres, conferencias y presentaciones editoriales al estudiantado Garza PachucA, Hidalgo. \u2013El profesor, investigador y acad\u00e9mico holand\u00e9s, Cees J. Hamelink, fue [&hellip;]<\/p>\n","protected":false},"author":1,"featured_media":54070,"comment_status":"closed","ping_status":"closed","sticky":false,"template":"","format":"standard","meta":[],"categories":[4],"tags":[],"_links":{"self":[{"href":"https:\/\/www.diarionoti7.com.mx\/index.php?rest_route=\/wp\/v2\/posts\/54068"}],"collection":[{"href":"https:\/\/www.diarionoti7.com.mx\/index.php?rest_route=\/wp\/v2\/posts"}],"about":[{"href":"https:\/\/www.diarionoti7.com.mx\/index.php?rest_route=\/wp\/v2\/types\/post"}],"author":[{"embeddable":true,"href":"https:\/\/www.diarionoti7.com.mx\/index.php?rest_route=\/wp\/v2\/users\/1"}],"replies":[{"embeddable":true,"href":"https:\/\/www.diarionoti7.com.mx\/index.php?rest_route=%2Fwp%2Fv2%2Fcomments&post=54068"}],"version-history":[{"count":4,"href":"https:\/\/www.diarionoti7.com.mx\/index.php?rest_route=\/wp\/v2\/posts\/54068\/revisions"}],"predecessor-version":[{"id":54073,"href":"https:\/\/www.diarionoti7.com.mx\/index.php?rest_route=\/wp\/v2\/posts\/54068\/revisions\/54073"}],"wp:featuredmedia":[{"embeddable":true,"href":"https:\/\/www.diarionoti7.com.mx\/index.php?rest_route=\/wp\/v2\/media\/54070"}],"wp:attachment":[{"href":"https:\/\/www.diarionoti7.com.mx\/index.php?rest_route=%2Fwp%2Fv2%2Fmedia&parent=54068"}],"wp:term":[{"taxonomy":"category","embeddable":true,"href":"https:\/\/www.diarionoti7.com.mx\/index.php?rest_route=%2Fwp%2Fv2%2Fcategories&post=54068"},{"taxonomy":"post_tag","embeddable":true,"href":"https:\/\/www.diarionoti7.com.mx\/index.php?rest_route=%2Fwp%2Fv2%2Ftags&post=54068"}],"curies":[{"name":"wp","href":"https:\/\/api.w.org\/{rel}","templated":true}]}}