{"id":53987,"date":"2024-08-29T09:48:41","date_gmt":"2024-08-29T09:48:41","guid":{"rendered":"https:\/\/www.diarionoti7.com.mx\/?p=53987"},"modified":"2024-08-29T19:50:23","modified_gmt":"2024-08-29T19:50:23","slug":"claudia-sheinbaum-celebra-bancada-historica-de-morena-con-66-senadores-y-senadoras","status":"publish","type":"post","link":"https:\/\/www.diarionoti7.com.mx\/?p=53987","title":{"rendered":"Claudia Sheinbaum Celebra Bancada Hist\u00f3rica de Morena Con 66 Senadores y Senadoras"},"content":{"rendered":"\t\t<div data-elementor-type=\"wp-post\" data-elementor-id=\"53987\" class=\"elementor elementor-53987\">\n\t\t\t\t\t\t\t\t\t<section class=\"elementor-section elementor-top-section elementor-element elementor-element-c09b8f0 elementor-section-boxed elementor-section-height-default elementor-section-height-default\" data-id=\"c09b8f0\" data-element_type=\"section\">\n\t\t\t\t\t\t<div class=\"elementor-container elementor-column-gap-default\">\n\t\t\t\t\t<div class=\"elementor-column elementor-col-100 elementor-top-column elementor-element elementor-element-955a561\" data-id=\"955a561\" data-element_type=\"column\">\n\t\t\t<div class=\"elementor-widget-wrap elementor-element-populated\">\n\t\t\t\t\t\t\t\t<div class=\"elementor-element elementor-element-0ce869c elementor-widget elementor-widget-text-editor\" data-id=\"0ce869c\" data-element_type=\"widget\" data-widget_type=\"text-editor.default\">\n\t\t\t\t<div class=\"elementor-widget-container\">\n\t\t\t<style>\/*! elementor - v3.10.2 - 29-01-2023 *\/\n.elementor-widget-text-editor.elementor-drop-cap-view-stacked .elementor-drop-cap{background-color:#818a91;color:#fff}.elementor-widget-text-editor.elementor-drop-cap-view-framed .elementor-drop-cap{color:#818a91;border:3px solid;background-color:transparent}.elementor-widget-text-editor:not(.elementor-drop-cap-view-default) .elementor-drop-cap{margin-top:8px}.elementor-widget-text-editor:not(.elementor-drop-cap-view-default) .elementor-drop-cap-letter{width:1em;height:1em}.elementor-widget-text-editor .elementor-drop-cap{float:left;text-align:center;line-height:1;font-size:50px}.elementor-widget-text-editor .elementor-drop-cap-letter{display:inline-block}<\/style>\t\t\t\t<p><strong>-La Presidenta Electa dio la bienvenida a los senadores Araceli Saucedo y Sabino Herrera, quienes se suman al Grupo Parlamentario de Morena en el Senado de la Rep\u00fablica<\/strong><\/p><p><strong>-\u201cHay que esperar la resoluci\u00f3n del Tribunal, pero por lo que sali\u00f3 en la propuesta, en el proyecto, ser\u00edamos 85 senadores y senadoras de nuestro movimiento\u201d, se\u00f1al\u00f3<\/strong><\/p><p><strong>-\u201cAqu\u00ed hay un Grupo Parlamentario unido, que vamos a aportar todo nuestro esfuerzo, nuestro talento, nuestro trabajo, para continuar apoyando la consolidaci\u00f3n de la Cuarta Transformaci\u00f3n\u201d, asegur\u00f3 Ad\u00e1n Augusto L\u00f3pez, quien por unanimidad fue electo como coordinador del Grupo Parlamentario de Morena en el Senado<\/strong><\/p><p><strong>Ciudad de M\u00e9xico, 28 de agosto de 2024.-<\/strong> La Presidenta electa de M\u00e9xico, Claudia Sheinbaum Pardo, celebr\u00f3 que el Grupo Parlamentario de Morena en el Senado de la Rep\u00fablica para las LXVI y LXVII Legislaturas estar\u00e1 conformado por una Fracci\u00f3n Parlamentaria hist\u00f3rica de 66 senadores y senadoras.<\/p><p>\u201cEl d\u00eda de hoy se reuni\u00f3 la Fracci\u00f3n Parlamentaria en el Senado de la Rep\u00fablica de Morena (\u2026) Primero, anunciarles que la fracci\u00f3n es de 66 compa\u00f1eros y compa\u00f1eras; darle la bienvenida a esta hist\u00f3rica Fracci\u00f3n Parlamentaria a Araceli Saucedo de Michoac\u00e1n y a Jos\u00e9 Sabino Herrera de Tabasco. Esto hace que la Fracci\u00f3n Parlamentaria de Morena sea de 66 senadores y senadoras, hist\u00f3rico\u201d, inform\u00f3.<\/p><p>Claudia Sheinbaum confi\u00f3 que, con la resoluci\u00f3n que emita el Tribunal Electoral del Poder Judicial de la Federaci\u00f3n (TEPJF), el movimiento de la Cuarta Transformaci\u00f3n cuente con 85 senadores y senadoras en la C\u00e1mara Alta.<\/p><p>\u201cY de nuestro movimiento, hay que esperar la resoluci\u00f3n del Tribunal, pero por lo que sali\u00f3 en la propuesta, en el proyecto, ser\u00edamos 85 senadores y senadoras de nuestro movimiento\u201d, se\u00f1al\u00f3.<\/p><p>Adem\u00e1s, expuso que Ad\u00e1n Augusto L\u00f3pez Hern\u00e1ndez, fue elegido por unanimidad, coordinador del Grupo Parlamentario de Morena en el Senado para las LXVI y LXVII Legislaturas del Congreso de la Uni\u00f3n.<\/p><p>Al respecto, Ad\u00e1n Augusto L\u00f3pez revel\u00f3 que en esta primera reuni\u00f3n, designaron tambi\u00e9n por unanimidad al senador Ignacio Mier Velazco como vicecoordinador General del Grupo Parlamentario de Morena en el Senado; as\u00ed como a la senadora Sasil de Le\u00f3n y el senador Higinio Mart\u00ednez, como vicecoordinadores.<\/p><p>Agreg\u00f3 que la Mesa Directiva ser\u00e1 presidida por el senador Gerardo Fern\u00e1ndez Noro\u00f1a, quien fue designado por unanimidad; adem\u00e1s de que se nombr\u00f3 a la senadora Imelda Castro como vicepresidenta; y las senadoras Ver\u00f3nica Camino y Julieta Ram\u00edrez Pineda, como secretarias.<\/p><p>\u201cReiterarle, Doctora, Presidenta electa, que aqu\u00ed hay un Grupo Parlamentario unido, que vamos a aportar todo nuestro esfuerzo, nuestro talento, nuestro trabajo, para continuar apoyando la consolidaci\u00f3n de la Cuarta Transformaci\u00f3n\u201d, fue el compromiso del pr\u00f3ximo coordinador del Grupo Parlamentario de Morena en el Senado.<\/p><p>Finalmente, la senadora, Araceli Saucedo, agradeci\u00f3 la oportunidad de sumarse a la fracci\u00f3n de Morena y celebr\u00f3 la llegada de la primera mujer a la Presidencia de M\u00e9xico, con el perfil y liderazgo de Claudia Sheinbaum; mientras que el senador, Jos\u00e9 Sabino Herrera, record\u00f3 que lleva toda una carrera apegada a la izquierda y acompa\u00f1\u00f3 la lucha del Presidente, Andr\u00e9s Manuel L\u00f3pez Obrador.<\/p><p>&#8220;Platicamos mi compa\u00f1era y yo, y en un c\u00famulo de ideas, sin pensarlo mucho, nuestra decisi\u00f3n fue inmediata: unirnos a los ideales de izquierda&#8221;, asever\u00f3 Jos\u00e9 Sabino Herrera.<\/p><p>\u00a0<\/p>\t\t\t\t\t\t<\/div>\n\t\t\t\t<\/div>\n\t\t\t\t\t<\/div>\n\t\t<\/div>\n\t\t\t\t\t\t\t<\/div>\n\t\t<\/section>\n\t\t\t\t\t\t\t<\/div>\n\t\t","protected":false},"excerpt":{"rendered":"<p>-La Presidenta Electa dio la bienvenida a los senadores Araceli Saucedo y Sabino Herrera, quienes se suman al Grupo Parlamentario de Morena en el Senado de la Rep\u00fablica -\u201cHay que esperar la resoluci\u00f3n del Tribunal, pero por lo que sali\u00f3 en la propuesta, en el proyecto, ser\u00edamos 85 senadores y senadoras de nuestro movimiento\u201d, se\u00f1al\u00f3 [&hellip;]<\/p>\n","protected":false},"author":1,"featured_media":53989,"comment_status":"closed","ping_status":"closed","sticky":false,"template":"","format":"standard","meta":[],"categories":[7],"tags":[],"_links":{"self":[{"href":"https:\/\/www.diarionoti7.com.mx\/index.php?rest_route=\/wp\/v2\/posts\/53987"}],"collection":[{"href":"https:\/\/www.diarionoti7.com.mx\/index.php?rest_route=\/wp\/v2\/posts"}],"about":[{"href":"https:\/\/www.diarionoti7.com.mx\/index.php?rest_route=\/wp\/v2\/types\/post"}],"author":[{"embeddable":true,"href":"https:\/\/www.diarionoti7.com.mx\/index.php?rest_route=\/wp\/v2\/users\/1"}],"replies":[{"embeddable":true,"href":"https:\/\/www.diarionoti7.com.mx\/index.php?rest_route=%2Fwp%2Fv2%2Fcomments&post=53987"}],"version-history":[{"count":4,"href":"https:\/\/www.diarionoti7.com.mx\/index.php?rest_route=\/wp\/v2\/posts\/53987\/revisions"}],"predecessor-version":[{"id":53992,"href":"https:\/\/www.diarionoti7.com.mx\/index.php?rest_route=\/wp\/v2\/posts\/53987\/revisions\/53992"}],"wp:featuredmedia":[{"embeddable":true,"href":"https:\/\/www.diarionoti7.com.mx\/index.php?rest_route=\/wp\/v2\/media\/53989"}],"wp:attachment":[{"href":"https:\/\/www.diarionoti7.com.mx\/index.php?rest_route=%2Fwp%2Fv2%2Fmedia&parent=53987"}],"wp:term":[{"taxonomy":"category","embeddable":true,"href":"https:\/\/www.diarionoti7.com.mx\/index.php?rest_route=%2Fwp%2Fv2%2Fcategories&post=53987"},{"taxonomy":"post_tag","embeddable":true,"href":"https:\/\/www.diarionoti7.com.mx\/index.php?rest_route=%2Fwp%2Fv2%2Ftags&post=53987"}],"curies":[{"name":"wp","href":"https:\/\/api.w.org\/{rel}","templated":true}]}}