{"id":53935,"date":"2024-08-29T09:37:59","date_gmt":"2024-08-29T09:37:59","guid":{"rendered":"https:\/\/www.diarionoti7.com.mx\/?p=53935"},"modified":"2024-08-29T19:39:15","modified_gmt":"2024-08-29T19:39:15","slug":"benefician-a-estudiantes-de-telesecundarias-con-equipos-de-computo","status":"publish","type":"post","link":"https:\/\/www.diarionoti7.com.mx\/?p=53935","title":{"rendered":"Benefician a Estudiantes de Telesecundarias Con Equipos de C\u00f3mputo"},"content":{"rendered":"\t\t<div data-elementor-type=\"wp-post\" data-elementor-id=\"53935\" class=\"elementor elementor-53935\">\n\t\t\t\t\t\t\t\t\t<section class=\"elementor-section elementor-top-section elementor-element elementor-element-c09b8f0 elementor-section-boxed elementor-section-height-default elementor-section-height-default\" data-id=\"c09b8f0\" data-element_type=\"section\">\n\t\t\t\t\t\t<div class=\"elementor-container elementor-column-gap-default\">\n\t\t\t\t\t<div class=\"elementor-column elementor-col-100 elementor-top-column elementor-element elementor-element-955a561\" data-id=\"955a561\" data-element_type=\"column\">\n\t\t\t<div class=\"elementor-widget-wrap elementor-element-populated\">\n\t\t\t\t\t\t\t\t<div class=\"elementor-element elementor-element-0ce869c elementor-widget elementor-widget-text-editor\" data-id=\"0ce869c\" data-element_type=\"widget\" data-widget_type=\"text-editor.default\">\n\t\t\t\t<div class=\"elementor-widget-container\">\n\t\t\t<style>\/*! elementor - v3.10.2 - 29-01-2023 *\/\n.elementor-widget-text-editor.elementor-drop-cap-view-stacked .elementor-drop-cap{background-color:#818a91;color:#fff}.elementor-widget-text-editor.elementor-drop-cap-view-framed .elementor-drop-cap{color:#818a91;border:3px solid;background-color:transparent}.elementor-widget-text-editor:not(.elementor-drop-cap-view-default) .elementor-drop-cap{margin-top:8px}.elementor-widget-text-editor:not(.elementor-drop-cap-view-default) .elementor-drop-cap-letter{width:1em;height:1em}.elementor-widget-text-editor .elementor-drop-cap{float:left;text-align:center;line-height:1;font-size:50px}.elementor-widget-text-editor .elementor-drop-cap-letter{display:inline-block}<\/style>\t\t\t\t<p><strong>Pachuca, Hgo., 28 de agosto de 2024.-<\/strong>Derivado del convenio de colaboraci\u00f3n celebrado entre la Secretar\u00eda de Educaci\u00f3n P\u00fablica de Hidalgo (SEPH) a trav\u00e9s de la Unidad de Promoci\u00f3n Voluntaria y la Fundaci\u00f3n EDUCA M\u00e9xico, A. C, estudiantes de la Escuela Telesecundaria 567 de Tolcayuca y la Telesecundaria 192 de Pachuca, fueron beneficiados con la donaci\u00f3n de 60 equipos de c\u00f3mputo.<\/p><p>Al encabezar la entrega, que tuvo lugar en la Telesecundaria 567 en la localidad de Santiago Tlajomulco del municipio de Tolcayuca, el secretario de Educaci\u00f3n P\u00fablica de Hidalgo, Natividad Castrej\u00f3n Valdez, expres\u00f3 su agradecimiento por esta donaci\u00f3n e invit\u00f3 a estudiantes a buscar su identidad que les permitir\u00e1 alcanzar su m\u00e1ximo potencial.<\/p><p>En este ciclo escolar que acaba de comenzar, reiter\u00f3 el compromiso del gobierno estatal al brindar una educaci\u00f3n de excelencia que permita un desarrollo integral,\u00a0 tal como lo establece el modelo de la Nueva Escuela Mexicana (NEM).<\/p><p>\u201cEDUCA beneficia a estudiantes desde preescolar a universidad, proporcionando\u00a0 proyectos educativos, capacitaciones y acompa\u00f1amiento a docentes y directivos, con alcance nacional y regional\u201d, indic\u00f3 M\u00f3nica Cinco Basurto, directora general de la Fundaci\u00f3n EDUCA M\u00e9xico, A. C.<\/p><p>Adem\u00e1s, especific\u00f3 que el objetivo de la donaci\u00f3n de las computadoras consiste en el acceso a estudiantes a equipos de \u00faltima generaci\u00f3n para impulsar el aprendizaje, el cual a su vez se fortalece mediante plataformas educativas habilitadas por el trabajo en conjunto con esta fundaci\u00f3n.<\/p><p>En esta actividad tambi\u00e9n participaron las subsecretarias de Educaci\u00f3n B\u00e1sica, Myrlen Salas Dorantes y de Administraci\u00f3n y Finanzas, Maricarmen Mandujano Cerrilla; la titular de la Unidad de Promoci\u00f3n Voluntaria de la dependencia, Virginia Hurtado Salinas; la directora general de Educaci\u00f3n B\u00e1sica, Nancy Adriana Le\u00f3n Vite; los directores de la Telesecundaria 567, Ra\u00fal Cortez P\u00e9rez y de la Telesecundaria 192, Rubicel S\u00e1enz Zapata, entre otros miembros de la comunidad educativa.<\/p><p><strong>\u00a0<\/strong><\/p>\t\t\t\t\t\t<\/div>\n\t\t\t\t<\/div>\n\t\t\t\t\t<\/div>\n\t\t<\/div>\n\t\t\t\t\t\t\t<\/div>\n\t\t<\/section>\n\t\t\t\t<section class=\"elementor-section elementor-top-section elementor-element elementor-element-04cf79e elementor-section-boxed elementor-section-height-default elementor-section-height-default\" data-id=\"04cf79e\" data-element_type=\"section\">\n\t\t\t\t\t\t<div class=\"elementor-container elementor-column-gap-default\">\n\t\t\t\t\t<div class=\"elementor-column elementor-col-100 elementor-top-column elementor-element elementor-element-3e06c4e\" data-id=\"3e06c4e\" data-element_type=\"column\">\n\t\t\t<div class=\"elementor-widget-wrap elementor-element-populated\">\n\t\t\t\t\t\t\t\t<div class=\"elementor-element elementor-element-03f9b43 elementor-aspect-ratio-169 elementor-widget elementor-widget-video\" data-id=\"03f9b43\" data-element_type=\"widget\" data-settings=\"{&quot;youtube_url&quot;:&quot;https:\\\/\\\/youtu.be\\\/O5Pbr_VGGaM&quot;,&quot;video_type&quot;:&quot;youtube&quot;,&quot;controls&quot;:&quot;yes&quot;,&quot;aspect_ratio&quot;:&quot;169&quot;}\" data-widget_type=\"video.default\">\n\t\t\t\t<div class=\"elementor-widget-container\">\n\t\t\t<style>\/*! elementor - v3.10.2 - 29-01-2023 *\/\n.elementor-widget-video .elementor-widget-container{overflow:hidden;transform:translateZ(0)}.elementor-widget-video .elementor-open-inline .elementor-custom-embed-image-overlay{position:absolute;top:0;left:0;width:100%;height:100%;background-size:cover;background-position:50%}.elementor-widget-video .elementor-custom-embed-image-overlay{cursor:pointer;text-align:center}.elementor-widget-video .elementor-custom-embed-image-overlay:hover .elementor-custom-embed-play i{opacity:1}.elementor-widget-video .elementor-custom-embed-image-overlay img{display:block;width:100%}.elementor-widget-video .e-hosted-video .elementor-video{-o-object-fit:cover;object-fit:cover}.e-con-inner>.elementor-widget-video,.e-con>.elementor-widget-video{width:var(--container-widget-width);--flex-grow:var(--container-widget-flex-grow)}<\/style>\t\t<div class=\"elementor-wrapper elementor-fit-aspect-ratio elementor-open-inline\">\n\t\t\t<div class=\"elementor-video\"><\/div>\t\t<\/div>\n\t\t\t\t<\/div>\n\t\t\t\t<\/div>\n\t\t\t\t\t<\/div>\n\t\t<\/div>\n\t\t\t\t\t\t\t<\/div>\n\t\t<\/section>\n\t\t\t\t\t\t\t<\/div>\n\t\t","protected":false},"excerpt":{"rendered":"<p>Pachuca, Hgo., 28 de agosto de 2024.-Derivado del convenio de colaboraci\u00f3n celebrado entre la Secretar\u00eda de Educaci\u00f3n P\u00fablica de Hidalgo (SEPH) a trav\u00e9s de la Unidad de Promoci\u00f3n Voluntaria y la Fundaci\u00f3n EDUCA M\u00e9xico, A. C, estudiantes de la Escuela Telesecundaria 567 de Tolcayuca y la Telesecundaria 192 de Pachuca, fueron beneficiados con la donaci\u00f3n [&hellip;]<\/p>\n","protected":false},"author":1,"featured_media":53937,"comment_status":"closed","ping_status":"closed","sticky":false,"template":"","format":"standard","meta":[],"categories":[4],"tags":[],"_links":{"self":[{"href":"https:\/\/www.diarionoti7.com.mx\/index.php?rest_route=\/wp\/v2\/posts\/53935"}],"collection":[{"href":"https:\/\/www.diarionoti7.com.mx\/index.php?rest_route=\/wp\/v2\/posts"}],"about":[{"href":"https:\/\/www.diarionoti7.com.mx\/index.php?rest_route=\/wp\/v2\/types\/post"}],"author":[{"embeddable":true,"href":"https:\/\/www.diarionoti7.com.mx\/index.php?rest_route=\/wp\/v2\/users\/1"}],"replies":[{"embeddable":true,"href":"https:\/\/www.diarionoti7.com.mx\/index.php?rest_route=%2Fwp%2Fv2%2Fcomments&post=53935"}],"version-history":[{"count":4,"href":"https:\/\/www.diarionoti7.com.mx\/index.php?rest_route=\/wp\/v2\/posts\/53935\/revisions"}],"predecessor-version":[{"id":53940,"href":"https:\/\/www.diarionoti7.com.mx\/index.php?rest_route=\/wp\/v2\/posts\/53935\/revisions\/53940"}],"wp:featuredmedia":[{"embeddable":true,"href":"https:\/\/www.diarionoti7.com.mx\/index.php?rest_route=\/wp\/v2\/media\/53937"}],"wp:attachment":[{"href":"https:\/\/www.diarionoti7.com.mx\/index.php?rest_route=%2Fwp%2Fv2%2Fmedia&parent=53935"}],"wp:term":[{"taxonomy":"category","embeddable":true,"href":"https:\/\/www.diarionoti7.com.mx\/index.php?rest_route=%2Fwp%2Fv2%2Fcategories&post=53935"},{"taxonomy":"post_tag","embeddable":true,"href":"https:\/\/www.diarionoti7.com.mx\/index.php?rest_route=%2Fwp%2Fv2%2Ftags&post=53935"}],"curies":[{"name":"wp","href":"https:\/\/api.w.org\/{rel}","templated":true}]}}