{"id":53850,"date":"2024-08-28T09:36:59","date_gmt":"2024-08-28T09:36:59","guid":{"rendered":"https:\/\/www.diarionoti7.com.mx\/?p=53850"},"modified":"2024-08-28T18:27:58","modified_gmt":"2024-08-28T18:27:58","slug":"amlo-listo-para-agregar-al-grito-de-independencia-viva-la-reforma-al-poder-judicial","status":"publish","type":"post","link":"https:\/\/www.diarionoti7.com.mx\/?p=53850","title":{"rendered":"AMLO listo para agregar al Grito de Independencia: \u00a1Viva la reforma al poder judicial!"},"content":{"rendered":"\t\t<div data-elementor-type=\"wp-post\" data-elementor-id=\"53850\" class=\"elementor elementor-53850\">\n\t\t\t\t\t\t\t\t\t<section class=\"elementor-section elementor-top-section elementor-element elementor-element-c09b8f0 elementor-section-boxed elementor-section-height-default elementor-section-height-default\" data-id=\"c09b8f0\" data-element_type=\"section\">\n\t\t\t\t\t\t<div class=\"elementor-container elementor-column-gap-default\">\n\t\t\t\t\t<div class=\"elementor-column elementor-col-100 elementor-top-column elementor-element elementor-element-955a561\" data-id=\"955a561\" data-element_type=\"column\">\n\t\t\t<div class=\"elementor-widget-wrap elementor-element-populated\">\n\t\t\t\t\t\t\t\t<div class=\"elementor-element elementor-element-0ce869c elementor-widget elementor-widget-text-editor\" data-id=\"0ce869c\" data-element_type=\"widget\" data-widget_type=\"text-editor.default\">\n\t\t\t\t<div class=\"elementor-widget-container\">\n\t\t\t<style>\/*! elementor - v3.10.2 - 29-01-2023 *\/\n.elementor-widget-text-editor.elementor-drop-cap-view-stacked .elementor-drop-cap{background-color:#818a91;color:#fff}.elementor-widget-text-editor.elementor-drop-cap-view-framed .elementor-drop-cap{color:#818a91;border:3px solid;background-color:transparent}.elementor-widget-text-editor:not(.elementor-drop-cap-view-default) .elementor-drop-cap{margin-top:8px}.elementor-widget-text-editor:not(.elementor-drop-cap-view-default) .elementor-drop-cap-letter{width:1em;height:1em}.elementor-widget-text-editor .elementor-drop-cap{float:left;text-align:center;line-height:1;font-size:50px}.elementor-widget-text-editor .elementor-drop-cap-letter{display:inline-block}<\/style>\t\t\t\t<p><strong>Ang\u00e9lica Beltr\u00e1n<\/strong><\/p><p>Tras 12 horas de debate en la C\u00e1mara de Diputados, que b\u00e1sicamente ocup\u00f3 la oposici\u00f3n para simular su compromiso con la autonom\u00eda de poderes, ya que el Poder Judicial nunca ha sido aut\u00f3nomo, menos en los gobiernos del PRI y PAN; fue avalado el dictamen para la reforma al poder judicial, que establece entre otros cambios de ra\u00edz, que jueces, magistrados y ministros sean elegidos por la ciudadan\u00eda en las urnas.<\/p><p>\u00a0As\u00ed, la comisi\u00f3n de puntos constitucionales de la c\u00e1mara baja, cumpli\u00f3 con el compromiso de dar continuidad a las reformas de transformaci\u00f3n, que buscan democratizar el poder, y eliminar privilegios a grupos \u00e9lite en los tres poderes de la naci\u00f3n.<\/p><p>\u00a0Y as\u00ed como se observa ser\u00e1 un hecho la aprobaci\u00f3n de la reforma al poder judicial en el pleno de la 66 legislatura que arrancar\u00e1 sus trabajos el pr\u00f3ximo 1 de septiembre; tambi\u00e9n se tiene en el tintero la reforma electoral, con la que el poder ejecutivo y legislativo tambi\u00e9n pasar\u00e1n por la tijera, ya que se impulsar\u00e1 eliminar la reelecci\u00f3n de alcaldes y legisladores.<\/p><p>\u00a0Precisamente, las prioridades de MORENA y aliados en ambas c\u00e1maras es la aprobaci\u00f3n de la Reforma al Poder Judicial desde el primer minuto de iniciado el periodo ordinario de la 66 legislatura, cuyo pleno discutir\u00e1 y votar\u00e1 dicha reforma constitucional, que pr\u00e1cticamente es un hecho que el partido en el poder tendr\u00e1 los votos para la aprobaci\u00f3n en los primeros d\u00edas de septiembre.<\/p><p>\u00a0Y aunque la oposici\u00f3n en esas 12 horas de debate mostr\u00f3 que en tiempos de cambios como los que se viven actualmente en M\u00e9xico y el mundo; no es posible ya defender lo indefendible, como lo es un sistema judicial opaco, ineficaz y al servicio de quien puede pagar una justicia a modo; todos sus argumentos y argucias no fueron suficientes para contravenir una reforma que cuenta con el respaldo no s\u00f3lo de los legisladores, sino, adem\u00e1s, con el de la poblaci\u00f3n.<\/p><p>\u00a0Pues qui\u00e9n puede defender al poder judicial en M\u00e9xico si los n\u00fameros marcan, en pr\u00e1cticamente toda su historia en el M\u00e9xico moderno, que el 99 por ciento de los delitos quedan impunes; y que pueblan las c\u00e1rceles no los responsables de los delitos, sino quienes no tienen para pagar abogados o sobornar a las autoridades judiciales.<\/p><p>\u00a0Son muchos los embrollos con que se ha manejado el poder judicial, y la elecci\u00f3n de jueces, magistrados y ministros, cuyos candidatos deben cumplir los perfiles de idoneidad, elegibilidad y profesionalismo, es un paso hacia la apertura de un Poder Judicial que ya no cabe en un sistema pol\u00edtico que debe ser cada vez m\u00e1s transparente.<\/p><p>As\u00ed, el presidente L\u00f3pez Obrador esperar\u00e1 dar el Grito de independencia con el agregado de Viva la independencia del Poder Judicial o algo por el estilo, ya que de acuerdo con el senador Ricardo Monreal, quien se encargar\u00e1 de coordinar a los diputados de MORENA en la Legislatura que se estrena el 1 de septiembre, el presidente Obrador, como autor de la iniciativa, espera destacarla en la ceremonia del Grito de Independencia, el pr\u00f3ximo 15 de septiembre. Pues que as\u00ed sea. Y que viva M\u00e9xico.<\/p><p>\u00a0<\/p>\t\t\t\t\t\t<\/div>\n\t\t\t\t<\/div>\n\t\t\t\t\t<\/div>\n\t\t<\/div>\n\t\t\t\t\t\t\t<\/div>\n\t\t<\/section>\n\t\t\t\t\t\t\t<\/div>\n\t\t","protected":false},"excerpt":{"rendered":"<p>Ang\u00e9lica Beltr\u00e1n Tras 12 horas de debate en la C\u00e1mara de Diputados, que b\u00e1sicamente ocup\u00f3 la oposici\u00f3n para simular su compromiso con la autonom\u00eda de poderes, ya que el Poder Judicial nunca ha sido aut\u00f3nomo, menos en los gobiernos del PRI y PAN; fue avalado el dictamen para la reforma al poder judicial, que establece [&hellip;]<\/p>\n","protected":false},"author":1,"featured_media":30805,"comment_status":"closed","ping_status":"closed","sticky":false,"template":"","format":"standard","meta":[],"categories":[23],"tags":[],"_links":{"self":[{"href":"https:\/\/www.diarionoti7.com.mx\/index.php?rest_route=\/wp\/v2\/posts\/53850"}],"collection":[{"href":"https:\/\/www.diarionoti7.com.mx\/index.php?rest_route=\/wp\/v2\/posts"}],"about":[{"href":"https:\/\/www.diarionoti7.com.mx\/index.php?rest_route=\/wp\/v2\/types\/post"}],"author":[{"embeddable":true,"href":"https:\/\/www.diarionoti7.com.mx\/index.php?rest_route=\/wp\/v2\/users\/1"}],"replies":[{"embeddable":true,"href":"https:\/\/www.diarionoti7.com.mx\/index.php?rest_route=%2Fwp%2Fv2%2Fcomments&post=53850"}],"version-history":[{"count":10,"href":"https:\/\/www.diarionoti7.com.mx\/index.php?rest_route=\/wp\/v2\/posts\/53850\/revisions"}],"predecessor-version":[{"id":53860,"href":"https:\/\/www.diarionoti7.com.mx\/index.php?rest_route=\/wp\/v2\/posts\/53850\/revisions\/53860"}],"wp:featuredmedia":[{"embeddable":true,"href":"https:\/\/www.diarionoti7.com.mx\/index.php?rest_route=\/wp\/v2\/media\/30805"}],"wp:attachment":[{"href":"https:\/\/www.diarionoti7.com.mx\/index.php?rest_route=%2Fwp%2Fv2%2Fmedia&parent=53850"}],"wp:term":[{"taxonomy":"category","embeddable":true,"href":"https:\/\/www.diarionoti7.com.mx\/index.php?rest_route=%2Fwp%2Fv2%2Fcategories&post=53850"},{"taxonomy":"post_tag","embeddable":true,"href":"https:\/\/www.diarionoti7.com.mx\/index.php?rest_route=%2Fwp%2Fv2%2Ftags&post=53850"}],"curies":[{"name":"wp","href":"https:\/\/api.w.org\/{rel}","templated":true}]}}