{"id":53779,"date":"2024-08-28T09:22:34","date_gmt":"2024-08-28T09:22:34","guid":{"rendered":"https:\/\/www.diarionoti7.com.mx\/?p=53779"},"modified":"2024-08-28T18:03:59","modified_gmt":"2024-08-28T18:03:59","slug":"gastronomia-hidalguense-gana-presencia-en-europa","status":"publish","type":"post","link":"https:\/\/www.diarionoti7.com.mx\/?p=53779","title":{"rendered":"Gastronom\u00eda Hidalguense Gana Presencia en Europa"},"content":{"rendered":"\t\t<div data-elementor-type=\"wp-post\" data-elementor-id=\"53779\" class=\"elementor elementor-53779\">\n\t\t\t\t\t\t\t\t\t<section class=\"elementor-section elementor-top-section elementor-element elementor-element-c09b8f0 elementor-section-boxed elementor-section-height-default elementor-section-height-default\" data-id=\"c09b8f0\" data-element_type=\"section\">\n\t\t\t\t\t\t<div class=\"elementor-container elementor-column-gap-default\">\n\t\t\t\t\t<div class=\"elementor-column elementor-col-100 elementor-top-column elementor-element elementor-element-955a561\" data-id=\"955a561\" data-element_type=\"column\">\n\t\t\t<div class=\"elementor-widget-wrap elementor-element-populated\">\n\t\t\t\t\t\t\t\t<div class=\"elementor-element elementor-element-0ce869c elementor-widget elementor-widget-text-editor\" data-id=\"0ce869c\" data-element_type=\"widget\" data-widget_type=\"text-editor.default\">\n\t\t\t\t<div class=\"elementor-widget-container\">\n\t\t\t<style>\/*! elementor - v3.10.2 - 29-01-2023 *\/\n.elementor-widget-text-editor.elementor-drop-cap-view-stacked .elementor-drop-cap{background-color:#818a91;color:#fff}.elementor-widget-text-editor.elementor-drop-cap-view-framed .elementor-drop-cap{color:#818a91;border:3px solid;background-color:transparent}.elementor-widget-text-editor:not(.elementor-drop-cap-view-default) .elementor-drop-cap{margin-top:8px}.elementor-widget-text-editor:not(.elementor-drop-cap-view-default) .elementor-drop-cap-letter{width:1em;height:1em}.elementor-widget-text-editor .elementor-drop-cap{float:left;text-align:center;line-height:1;font-size:50px}.elementor-widget-text-editor .elementor-drop-cap-letter{display:inline-block}<\/style>\t\t\t\t<p><strong>-Fueron representados los municipios de Actopan, El Arenal, Mineral del Chico, Omitl\u00e1n, San Salvador y Zempoala<\/strong><\/p><p><strong>-Programa producido por televisora francesa, se retransmitir\u00e1 en 52 pa\u00edses<\/strong><\/p><p><strong>Pachuca, Hgo., 27 de agosto de 2024.-<\/strong>Este martes 27 de agosto se estren\u00f3 el programa &#8220;Alexia cocina el mundo: le Mexique&#8221;, producido por la prestigiosa televisora francesa Canal+.<\/p><p>Dicho programa, forma parte de la serie &#8220;Los nuevos exploradores&#8221;, y fue grabado en distintos municipios hidalguenses durante el mes de marzo de este a\u00f1o.<\/p><p>As\u00ed lo dieron a conocer la presidenta del Patronato del Sistema DIF Hidalgo, Edda Vite y la secretaria de Turismo estatal, Elizabeth Quintanar; quien resalt\u00f3 que este contenido se transmite en 52 pa\u00edses, y tiene una gran penetraci\u00f3n en Francia, debido a que es un excelente producto, adem\u00e1s de que no signific\u00f3 costo alguno para los hidalguenses.<\/p><p>&#8220;Estamos a la altura gastron\u00f3mica de Oaxaca y Guerrero, as\u00ed que este programa muestra lo que se vive en nuestro estado y lo que experimentan nuestros prestadores de servicios&#8221;, a\u00f1adi\u00f3 la titular de turismo.<\/p><p>En ese sentido, Edda Vite, asegur\u00f3 que en la entidad &#8220;contamos con un estado tan maravilloso y diverso, ofreciendo monta\u00f1ismo, aguas termales y mucho m\u00e1s. De eso se trata, de poner a Hidalgo en el centro del turismo porque lo merecemos, y ahora Hidalgo est\u00e1 ganando presencia en Europa&#8221;.<\/p><p>La grabaci\u00f3n se realiz\u00f3 despu\u00e9s de la participaci\u00f3n de la Secretar\u00eda de Turismo de Hidalgo en el festival gastron\u00f3mico &#8220;\u00a1Qu\u00e9 Gusto!&#8221;, llevado a cabo en Par\u00eds, Francia, del 14 al 22 de octubre de 2023. En dicho evento, la cocina tradicional hidalguense fue representada por la Luisa Anaya P\u00e9rez, quien cautiv\u00f3 al p\u00fablico parisino con su platillo &#8220;Conejo al horno con flores silvestres&#8221;.<\/p><p>A ra\u00edz de esta destacada participaci\u00f3n, Canal+ decidi\u00f3 documentar la riqueza gastron\u00f3mica de Hidalgo, recorriendo durante 11 d\u00edas los municipios de Actopan, El Arenal, Mineral del Chico, Omitl\u00e1n, San Salvador y Zempoala.<\/p><p>DE esa forma, la emisi\u00f3n mostrar\u00e1 los procesos de elaboraci\u00f3n de platillos y productos emblem\u00e1ticos del estado, como quesos, tortillas de ma\u00edz, salsas, pulque y derivados, adem\u00e1s de la tradicional barbacoa estilo hidalguense.<\/p><p>Canal+, desde su lanzamiento en 1984, se ha convertido en un referente internacional, ofreciendo contenidos de alta calidad a m\u00e1s de 26.4 millones de suscriptores en m\u00e1s de 50 pa\u00edses.<\/p><p>La serie &#8220;Los nuevos exploradores&#8221;, a la cual pertenece &#8220;Alexia cocina el mundo&#8221;, ha sido un \u00e9xito durante 20 a\u00f1os, alcanzando en 2022 una audiencia de cerca de 2.5 millones de televidentes lineales y 900 mil a trav\u00e9s de su plataforma digital My Canal.<\/p><p>El estreno en Hidalgo de &#8220;Alexia cocina el mundo: le Mexique&#8221; es un testimonio m\u00e1s de la importancia cultural y gastron\u00f3mica del estado, ahora compartida con audiencias internacionales.<\/p><p>\u00a0<\/p>\t\t\t\t\t\t<\/div>\n\t\t\t\t<\/div>\n\t\t\t\t\t<\/div>\n\t\t<\/div>\n\t\t\t\t\t\t\t<\/div>\n\t\t<\/section>\n\t\t\t\t<section class=\"elementor-section elementor-top-section elementor-element elementor-element-8457bae elementor-section-boxed elementor-section-height-default elementor-section-height-default\" data-id=\"8457bae\" data-element_type=\"section\">\n\t\t\t\t\t\t<div class=\"elementor-container elementor-column-gap-default\">\n\t\t\t\t\t<div class=\"elementor-column elementor-col-100 elementor-top-column elementor-element elementor-element-b47f331\" data-id=\"b47f331\" data-element_type=\"column\">\n\t\t\t<div class=\"elementor-widget-wrap elementor-element-populated\">\n\t\t\t\t\t\t\t\t<div class=\"elementor-element elementor-element-0990073 elementor-aspect-ratio-169 elementor-widget elementor-widget-video\" data-id=\"0990073\" data-element_type=\"widget\" data-settings=\"{&quot;youtube_url&quot;:&quot;https:\\\/\\\/youtu.be\\\/GSE5H19IUro&quot;,&quot;video_type&quot;:&quot;youtube&quot;,&quot;controls&quot;:&quot;yes&quot;,&quot;aspect_ratio&quot;:&quot;169&quot;}\" data-widget_type=\"video.default\">\n\t\t\t\t<div class=\"elementor-widget-container\">\n\t\t\t<style>\/*! elementor - v3.10.2 - 29-01-2023 *\/\n.elementor-widget-video .elementor-widget-container{overflow:hidden;transform:translateZ(0)}.elementor-widget-video .elementor-open-inline .elementor-custom-embed-image-overlay{position:absolute;top:0;left:0;width:100%;height:100%;background-size:cover;background-position:50%}.elementor-widget-video .elementor-custom-embed-image-overlay{cursor:pointer;text-align:center}.elementor-widget-video .elementor-custom-embed-image-overlay:hover .elementor-custom-embed-play i{opacity:1}.elementor-widget-video .elementor-custom-embed-image-overlay img{display:block;width:100%}.elementor-widget-video .e-hosted-video .elementor-video{-o-object-fit:cover;object-fit:cover}.e-con-inner>.elementor-widget-video,.e-con>.elementor-widget-video{width:var(--container-widget-width);--flex-grow:var(--container-widget-flex-grow)}<\/style>\t\t<div class=\"elementor-wrapper elementor-fit-aspect-ratio elementor-open-inline\">\n\t\t\t<div class=\"elementor-video\"><\/div>\t\t<\/div>\n\t\t\t\t<\/div>\n\t\t\t\t<\/div>\n\t\t\t\t\t<\/div>\n\t\t<\/div>\n\t\t\t\t\t\t\t<\/div>\n\t\t<\/section>\n\t\t\t\t\t\t\t<\/div>\n\t\t","protected":false},"excerpt":{"rendered":"<p>-Fueron representados los municipios de Actopan, El Arenal, Mineral del Chico, Omitl\u00e1n, San Salvador y Zempoala -Programa producido por televisora francesa, se retransmitir\u00e1 en 52 pa\u00edses Pachuca, Hgo., 27 de agosto de 2024.-Este martes 27 de agosto se estren\u00f3 el programa &#8220;Alexia cocina el mundo: le Mexique&#8221;, producido por la prestigiosa televisora francesa Canal+. Dicho [&hellip;]<\/p>\n","protected":false},"author":1,"featured_media":53781,"comment_status":"closed","ping_status":"closed","sticky":false,"template":"","format":"standard","meta":[],"categories":[9],"tags":[],"_links":{"self":[{"href":"https:\/\/www.diarionoti7.com.mx\/index.php?rest_route=\/wp\/v2\/posts\/53779"}],"collection":[{"href":"https:\/\/www.diarionoti7.com.mx\/index.php?rest_route=\/wp\/v2\/posts"}],"about":[{"href":"https:\/\/www.diarionoti7.com.mx\/index.php?rest_route=\/wp\/v2\/types\/post"}],"author":[{"embeddable":true,"href":"https:\/\/www.diarionoti7.com.mx\/index.php?rest_route=\/wp\/v2\/users\/1"}],"replies":[{"embeddable":true,"href":"https:\/\/www.diarionoti7.com.mx\/index.php?rest_route=%2Fwp%2Fv2%2Fcomments&post=53779"}],"version-history":[{"count":4,"href":"https:\/\/www.diarionoti7.com.mx\/index.php?rest_route=\/wp\/v2\/posts\/53779\/revisions"}],"predecessor-version":[{"id":53784,"href":"https:\/\/www.diarionoti7.com.mx\/index.php?rest_route=\/wp\/v2\/posts\/53779\/revisions\/53784"}],"wp:featuredmedia":[{"embeddable":true,"href":"https:\/\/www.diarionoti7.com.mx\/index.php?rest_route=\/wp\/v2\/media\/53781"}],"wp:attachment":[{"href":"https:\/\/www.diarionoti7.com.mx\/index.php?rest_route=%2Fwp%2Fv2%2Fmedia&parent=53779"}],"wp:term":[{"taxonomy":"category","embeddable":true,"href":"https:\/\/www.diarionoti7.com.mx\/index.php?rest_route=%2Fwp%2Fv2%2Fcategories&post=53779"},{"taxonomy":"post_tag","embeddable":true,"href":"https:\/\/www.diarionoti7.com.mx\/index.php?rest_route=%2Fwp%2Fv2%2Ftags&post=53779"}],"curies":[{"name":"wp","href":"https:\/\/api.w.org\/{rel}","templated":true}]}}