{"id":53773,"date":"2024-08-28T09:21:44","date_gmt":"2024-08-28T09:21:44","guid":{"rendered":"https:\/\/www.diarionoti7.com.mx\/?p=53773"},"modified":"2024-08-28T18:02:29","modified_gmt":"2024-08-28T18:02:29","slug":"recuento-de-los-ultimos-4-anos","status":"publish","type":"post","link":"https:\/\/www.diarionoti7.com.mx\/?p=53773","title":{"rendered":"Recuento de Los \u00daltimos 4 A\u00f1os"},"content":{"rendered":"\t\t<div data-elementor-type=\"wp-post\" data-elementor-id=\"53773\" class=\"elementor elementor-53773\">\n\t\t\t\t\t\t\t\t\t<section class=\"elementor-section elementor-top-section elementor-element elementor-element-c09b8f0 elementor-section-boxed elementor-section-height-default elementor-section-height-default\" data-id=\"c09b8f0\" data-element_type=\"section\">\n\t\t\t\t\t\t<div class=\"elementor-container elementor-column-gap-default\">\n\t\t\t\t\t<div class=\"elementor-column elementor-col-100 elementor-top-column elementor-element elementor-element-955a561\" data-id=\"955a561\" data-element_type=\"column\">\n\t\t\t<div class=\"elementor-widget-wrap elementor-element-populated\">\n\t\t\t\t\t\t\t\t<div class=\"elementor-element elementor-element-0ce869c elementor-widget elementor-widget-text-editor\" data-id=\"0ce869c\" data-element_type=\"widget\" data-widget_type=\"text-editor.default\">\n\t\t\t\t<div class=\"elementor-widget-container\">\n\t\t\t<style>\/*! elementor - v3.10.2 - 29-01-2023 *\/\n.elementor-widget-text-editor.elementor-drop-cap-view-stacked .elementor-drop-cap{background-color:#818a91;color:#fff}.elementor-widget-text-editor.elementor-drop-cap-view-framed .elementor-drop-cap{color:#818a91;border:3px solid;background-color:transparent}.elementor-widget-text-editor:not(.elementor-drop-cap-view-default) .elementor-drop-cap{margin-top:8px}.elementor-widget-text-editor:not(.elementor-drop-cap-view-default) .elementor-drop-cap-letter{width:1em;height:1em}.elementor-widget-text-editor .elementor-drop-cap{float:left;text-align:center;line-height:1;font-size:50px}.elementor-widget-text-editor .elementor-drop-cap-letter{display:inline-block}<\/style>\t\t\t\t<p><strong>-73 mil 885 personas beneficiadas con actividades y eventos de la direcci\u00f3n de educaci\u00f3n municipal.<\/strong><\/p><p>Tulancingo, Hgo., 27 de agosto de 2024.-En virtud de que la educaci\u00f3n fue entendida en este gobierno como un motor de cambio y una herramienta poderosa para impulsar el progreso en todas las esferas de la sociedad de Tulancingo; esta administraci\u00f3n tuvo trabajo sobresaliente en ese \u00e1mbito.<\/p><p>As\u00ed lo informaron Er\u00e9ndira Balderas Castro, secretaria de Cultura, Educaci\u00f3n, Deporte y Juventud y Lourdes Barranco Cade\u00f1anes, quienes compartieron la cifra global de productividad de los \u00faltimos 4 a\u00f1os, con beneficio directo a 73 mil 885 personas mediante actividades y eventos.<\/p><p>Con la realizaci\u00f3n de 53 actos y ceremonias, se fortaleci\u00f3 el civismo y el sentido de pertenencia en 65 mil 400 alumnos.<\/p><p>As\u00ed mismo, con 21 actividades entre, talleres, conferencias, asesor\u00edas, ferias de educaci\u00f3n y orientaciones, fueron casi 8 mil 500 alumnos beneficiados, incluyendo tambi\u00e9n dos concursos de oratoria y siete jornadas de la Estrategia municipal de Fortalecimiento a la Educaci\u00f3n EMIFE en la cual participaron (17 direcciones y jefaturas tanto del gobierno municipal, DIF y el organismo operador del Agua); Todas ellas sumadas al fortalecimiento de la educaci\u00f3n.<\/p><p>No menos importante, fue la entrega de 300 cartas de servicio social, pr\u00e1cticas profesionales y estad\u00edas a alumnos de esta ciudad, apoy\u00e1ndoles a desarrollar conocimientos aprendidos en las aulas e incrementar habilidades profesionales.<\/p><p>Con el apoyo decidido del presidente Jorge M\u00e1rquez, la educaci\u00f3n se condujo como pol\u00edtica p\u00fablica facilitadora de acceso a oportunidades y como \u00e1rea prioritaria; de ah\u00ed que tambi\u00e9n haya resultados del trabajo en equipo para abatir el rezago educativo, pues personal de la alcald\u00eda se sum\u00f3 a los programas para concluir educaci\u00f3n b\u00e1sica o secundaria.\u00a0<\/p><p>En suma, la Direcci\u00f3n de Educaci\u00f3n Municipal incentiv\u00f3 el conocimiento como veh\u00edculo de desarrollo, ya que, con ello, Tulancingo seguir\u00e1 Avanzando.<\/p><p>\u00a0<\/p>\t\t\t\t\t\t<\/div>\n\t\t\t\t<\/div>\n\t\t\t\t\t<\/div>\n\t\t<\/div>\n\t\t\t\t\t\t\t<\/div>\n\t\t<\/section>\n\t\t\t\t\t\t\t<\/div>\n\t\t","protected":false},"excerpt":{"rendered":"<p>-73 mil 885 personas beneficiadas con actividades y eventos de la direcci\u00f3n de educaci\u00f3n municipal. Tulancingo, Hgo., 27 de agosto de 2024.-En virtud de que la educaci\u00f3n fue entendida en este gobierno como un motor de cambio y una herramienta poderosa para impulsar el progreso en todas las esferas de la sociedad de Tulancingo; esta [&hellip;]<\/p>\n","protected":false},"author":1,"featured_media":53775,"comment_status":"closed","ping_status":"closed","sticky":false,"template":"","format":"standard","meta":[],"categories":[9],"tags":[],"_links":{"self":[{"href":"https:\/\/www.diarionoti7.com.mx\/index.php?rest_route=\/wp\/v2\/posts\/53773"}],"collection":[{"href":"https:\/\/www.diarionoti7.com.mx\/index.php?rest_route=\/wp\/v2\/posts"}],"about":[{"href":"https:\/\/www.diarionoti7.com.mx\/index.php?rest_route=\/wp\/v2\/types\/post"}],"author":[{"embeddable":true,"href":"https:\/\/www.diarionoti7.com.mx\/index.php?rest_route=\/wp\/v2\/users\/1"}],"replies":[{"embeddable":true,"href":"https:\/\/www.diarionoti7.com.mx\/index.php?rest_route=%2Fwp%2Fv2%2Fcomments&post=53773"}],"version-history":[{"count":4,"href":"https:\/\/www.diarionoti7.com.mx\/index.php?rest_route=\/wp\/v2\/posts\/53773\/revisions"}],"predecessor-version":[{"id":53778,"href":"https:\/\/www.diarionoti7.com.mx\/index.php?rest_route=\/wp\/v2\/posts\/53773\/revisions\/53778"}],"wp:featuredmedia":[{"embeddable":true,"href":"https:\/\/www.diarionoti7.com.mx\/index.php?rest_route=\/wp\/v2\/media\/53775"}],"wp:attachment":[{"href":"https:\/\/www.diarionoti7.com.mx\/index.php?rest_route=%2Fwp%2Fv2%2Fmedia&parent=53773"}],"wp:term":[{"taxonomy":"category","embeddable":true,"href":"https:\/\/www.diarionoti7.com.mx\/index.php?rest_route=%2Fwp%2Fv2%2Fcategories&post=53773"},{"taxonomy":"post_tag","embeddable":true,"href":"https:\/\/www.diarionoti7.com.mx\/index.php?rest_route=%2Fwp%2Fv2%2Ftags&post=53773"}],"curies":[{"name":"wp","href":"https:\/\/api.w.org\/{rel}","templated":true}]}}