{"id":53767,"date":"2024-08-28T09:20:20","date_gmt":"2024-08-28T09:20:20","guid":{"rendered":"https:\/\/www.diarionoti7.com.mx\/?p=53767"},"modified":"2024-08-28T18:01:21","modified_gmt":"2024-08-28T18:01:21","slug":"inicio-curso-2024-2025-en-los-cais-francisco-i-madero-y-juarez","status":"publish","type":"post","link":"https:\/\/www.diarionoti7.com.mx\/?p=53767","title":{"rendered":"Inici\u00f3 Curso 2024-2025 en Los CAIS Francisco I Madero y Ju\u00e1rez"},"content":{"rendered":"\t\t<div data-elementor-type=\"wp-post\" data-elementor-id=\"53767\" class=\"elementor elementor-53767\">\n\t\t\t\t\t\t\t\t\t<section class=\"elementor-section elementor-top-section elementor-element elementor-element-c09b8f0 elementor-section-boxed elementor-section-height-default elementor-section-height-default\" data-id=\"c09b8f0\" data-element_type=\"section\">\n\t\t\t\t\t\t<div class=\"elementor-container elementor-column-gap-default\">\n\t\t\t\t\t<div class=\"elementor-column elementor-col-100 elementor-top-column elementor-element elementor-element-955a561\" data-id=\"955a561\" data-element_type=\"column\">\n\t\t\t<div class=\"elementor-widget-wrap elementor-element-populated\">\n\t\t\t\t\t\t\t\t<div class=\"elementor-element elementor-element-0ce869c elementor-widget elementor-widget-text-editor\" data-id=\"0ce869c\" data-element_type=\"widget\" data-widget_type=\"text-editor.default\">\n\t\t\t\t<div class=\"elementor-widget-container\">\n\t\t\t<style>\/*! elementor - v3.10.2 - 29-01-2023 *\/\n.elementor-widget-text-editor.elementor-drop-cap-view-stacked .elementor-drop-cap{background-color:#818a91;color:#fff}.elementor-widget-text-editor.elementor-drop-cap-view-framed .elementor-drop-cap{color:#818a91;border:3px solid;background-color:transparent}.elementor-widget-text-editor:not(.elementor-drop-cap-view-default) .elementor-drop-cap{margin-top:8px}.elementor-widget-text-editor:not(.elementor-drop-cap-view-default) .elementor-drop-cap-letter{width:1em;height:1em}.elementor-widget-text-editor .elementor-drop-cap{float:left;text-align:center;line-height:1;font-size:50px}.elementor-widget-text-editor .elementor-drop-cap-letter{display:inline-block}<\/style>\t\t\t\t<p><strong>*Matr\u00edcula de 268 ni\u00f1os<\/strong><\/p><p><strong>-Los Centros de Atenci\u00f3n Infantil Francisco I Madero y Ju\u00e1rez (CAIs), iniciaron ayer el curso escolar 2024-2025.<\/strong><\/p><p>Tulancingo, Hgo., 27 de agosto de 2024.-Se inici\u00f3 con una matr\u00edcula total de 268 ni\u00f1os, quienes cursar\u00e1n su educaci\u00f3n preescolar en esta instituci\u00f3n dependiente del sistema DIF de Tulancingo presidido por Yolanda Magaldi Rivera.\u00a0\u00a0\u00a0<\/p><p>Maestras del lugar, estuvieron al pendiente de la organizaci\u00f3n para que todo trascurriera con tranquilidad, normalidad y que los ni\u00f1os se sintieran muy a gusto en su regreso a las aulas.<\/p><p>De igual manera, los padres de familia llegaron con anticipaci\u00f3n a las instalaciones de los CAIs para estar a tiempo y recibir las indicaciones pertinentes.<\/p><p>En el Centro de Atenci\u00f3n Infantil de Francisco I Madero, ingresaron 140 estudiantes divididos en siete grupos, dos de primer grado, tres de segundo y dos m\u00e1s de tercero.<\/p><p>Para el caso del Centro de Atenci\u00f3n Infantil Ju\u00e1rez son 128 menores, en seis grupos; tres de segundo a\u00f1o de preescolar y tres de tercero.\u00a0\u00a0\u00a0\u00a0\u00a0\u00a0\u00a0\u00a0\u00a0\u00a0<\/p><p>Durante el primer d\u00eda de clases despu\u00e9s del reencuentro se disfrut\u00f3 de un cordial ambiente y de an\u00e9cdotas que los peque\u00f1os platicaron a sus profesores.<\/p><p>Edith Cortez Ortiz directora general del DIF, dijo que, de acuerdo al calendario escolar, estas instituciones del Sistema para el Desarrollo Integral de la Familia iniciaron un curso m\u00e1s, con lo cual se avanza en los primeros pasos de la educaci\u00f3n de la ni\u00f1ez tulancinguense.<\/p>\t\t\t\t\t\t<\/div>\n\t\t\t\t<\/div>\n\t\t\t\t\t<\/div>\n\t\t<\/div>\n\t\t\t\t\t\t\t<\/div>\n\t\t<\/section>\n\t\t\t\t\t\t\t<\/div>\n\t\t","protected":false},"excerpt":{"rendered":"<p>*Matr\u00edcula de 268 ni\u00f1os -Los Centros de Atenci\u00f3n Infantil Francisco I Madero y Ju\u00e1rez (CAIs), iniciaron ayer el curso escolar 2024-2025. Tulancingo, Hgo., 27 de agosto de 2024.-Se inici\u00f3 con una matr\u00edcula total de 268 ni\u00f1os, quienes cursar\u00e1n su educaci\u00f3n preescolar en esta instituci\u00f3n dependiente del sistema DIF de Tulancingo presidido por Yolanda Magaldi Rivera.\u00a0\u00a0\u00a0 [&hellip;]<\/p>\n","protected":false},"author":1,"featured_media":53769,"comment_status":"closed","ping_status":"closed","sticky":false,"template":"","format":"standard","meta":[],"categories":[9],"tags":[],"_links":{"self":[{"href":"https:\/\/www.diarionoti7.com.mx\/index.php?rest_route=\/wp\/v2\/posts\/53767"}],"collection":[{"href":"https:\/\/www.diarionoti7.com.mx\/index.php?rest_route=\/wp\/v2\/posts"}],"about":[{"href":"https:\/\/www.diarionoti7.com.mx\/index.php?rest_route=\/wp\/v2\/types\/post"}],"author":[{"embeddable":true,"href":"https:\/\/www.diarionoti7.com.mx\/index.php?rest_route=\/wp\/v2\/users\/1"}],"replies":[{"embeddable":true,"href":"https:\/\/www.diarionoti7.com.mx\/index.php?rest_route=%2Fwp%2Fv2%2Fcomments&post=53767"}],"version-history":[{"count":4,"href":"https:\/\/www.diarionoti7.com.mx\/index.php?rest_route=\/wp\/v2\/posts\/53767\/revisions"}],"predecessor-version":[{"id":53772,"href":"https:\/\/www.diarionoti7.com.mx\/index.php?rest_route=\/wp\/v2\/posts\/53767\/revisions\/53772"}],"wp:featuredmedia":[{"embeddable":true,"href":"https:\/\/www.diarionoti7.com.mx\/index.php?rest_route=\/wp\/v2\/media\/53769"}],"wp:attachment":[{"href":"https:\/\/www.diarionoti7.com.mx\/index.php?rest_route=%2Fwp%2Fv2%2Fmedia&parent=53767"}],"wp:term":[{"taxonomy":"category","embeddable":true,"href":"https:\/\/www.diarionoti7.com.mx\/index.php?rest_route=%2Fwp%2Fv2%2Fcategories&post=53767"},{"taxonomy":"post_tag","embeddable":true,"href":"https:\/\/www.diarionoti7.com.mx\/index.php?rest_route=%2Fwp%2Fv2%2Ftags&post=53767"}],"curies":[{"name":"wp","href":"https:\/\/api.w.org\/{rel}","templated":true}]}}